{"id":1329,"date":"2024-12-31T14:21:26","date_gmt":"2024-12-31T17:21:26","guid":{"rendered":"https:\/\/www.ufpb.br\/animaiscomunitariosufpb\/?p=1329"},"modified":"2024-12-31T14:22:25","modified_gmt":"2024-12-31T17:22:25","slug":"retrospectiva-2024","status":"publish","type":"post","link":"https:\/\/www.ufpb.br\/animaiscomunitariosufpb\/uncategorized\/retrospectiva-2024\/","title":{"rendered":"<b>Retrospectiva 2024<\/b>"},"content":{"rendered":"<div class=\"wp-block-image\">\n<figure class=\"alignleft size-full is-resized\"><img loading=\"lazy\" decoding=\"async\" width=\"1192\" height=\"1090\" src=\"http:\/\/www.ufpb.br\/animaiscomunitariosufpb\/wp-content\/uploads\/sites\/79\/sites\/167\/2024\/12\/WhatsApp-Image-2024-12-31-at-1.22.36-PM-e1735665002512.jpeg\" alt=\"\" class=\"wp-image-1335\" style=\"width:277px;height:auto\" srcset=\"https:\/\/www.ufpb.br\/animaiscomunitariosufpb\/wp-content\/uploads\/sites\/79\/sites\/167\/2024\/12\/WhatsApp-Image-2024-12-31-at-1.22.36-PM-e1735665002512.jpeg 1192w, https:\/\/www.ufpb.br\/animaiscomunitariosufpb\/wp-content\/uploads\/sites\/79\/sites\/167\/2024\/12\/WhatsApp-Image-2024-12-31-at-1.22.36-PM-e1735665002512-300x274.jpeg 300w, https:\/\/www.ufpb.br\/animaiscomunitariosufpb\/wp-content\/uploads\/sites\/79\/sites\/167\/2024\/12\/WhatsApp-Image-2024-12-31-at-1.22.36-PM-e1735665002512-1024x936.jpeg 1024w, https:\/\/www.ufpb.br\/animaiscomunitariosufpb\/wp-content\/uploads\/sites\/79\/sites\/167\/2024\/12\/WhatsApp-Image-2024-12-31-at-1.22.36-PM-e1735665002512-768x702.jpeg 768w\" sizes=\"auto, (max-width: 1192px) 100vw, 1192px\" \/><\/figure>\n<\/div>\n\n\n<p><strong>Evento de Ado\u00e7\u00e3o e Arrecada\u00e7\u00e3o de Ra\u00e7\u00e3o<\/strong><\/p>\n\n\n\n<p>Neste ano, tivemos a honra de organizar um <strong>evento de ado\u00e7\u00e3o<\/strong> respons\u00e1vel e uma campanha de arrecada\u00e7\u00e3o de ra\u00e7\u00e3o em parceria com a loja <strong>Serv Granja III<\/strong>. Este evento n\u00e3o apenas possibilitou encontrar lares amorosos para v\u00e1rios animais, mas tamb\u00e9m fortaleceu nossos la\u00e7os com a comunidade local, que demonstrou um enorme apoio \u00e0 causa animal. Foi emocionante ver tantas pessoas engajadas em promover um futuro mais digno para os animais.<\/p>\n\n\n\n<div style=\"height:28px\" aria-hidden=\"true\" class=\"wp-block-spacer\"><\/div>\n\n\n<div class=\"wp-block-image\">\n<figure class=\"alignright size-full is-resized\"><img loading=\"lazy\" decoding=\"async\" width=\"720\" height=\"888\" src=\"http:\/\/www.ufpb.br\/animaiscomunitariosufpb\/wp-content\/uploads\/sites\/79\/sites\/167\/2024\/12\/WhatsApp-Image-2024-12-31-at-1.24.46-PM-e1735665073433.jpeg\" alt=\"\" class=\"wp-image-1336\" style=\"width:235px;height:auto\" srcset=\"https:\/\/www.ufpb.br\/animaiscomunitariosufpb\/wp-content\/uploads\/sites\/79\/sites\/167\/2024\/12\/WhatsApp-Image-2024-12-31-at-1.24.46-PM-e1735665073433.jpeg 720w, https:\/\/www.ufpb.br\/animaiscomunitariosufpb\/wp-content\/uploads\/sites\/79\/sites\/167\/2024\/12\/WhatsApp-Image-2024-12-31-at-1.24.46-PM-e1735665073433-243x300.jpeg 243w\" sizes=\"auto, (max-width: 720px) 100vw, 720px\" \/><\/figure>\n<\/div>\n\n\n<p><strong>Conscientiza\u00e7\u00e3o e educa\u00e7\u00e3o<\/strong><\/p>\n\n\n\n<p>Durante o ano, nos dedicamos a elaborar e divulgar <strong>conte\u00fados educativos<\/strong> sobre a causa animal. Nossas <strong>campanhas<\/strong> de conscientiza\u00e7\u00e3o atingiram um p\u00fablico diverso e promoveram reflex\u00f5es sobre temas como abandono, maus-tratos e a responsabilidade de cuidar de um animal. Essas iniciativas foram fundamentais para aumentar o conhecimento e a empatia das pessoas em rela\u00e7\u00e3o aos direitos dos animais.<\/p>\n\n\n\n<p><strong>Controle populacional e melhorias para os animais<\/strong><\/p>\n\n\n\n<p>Com o objetivo de contribuir para o controle populacional, realizamos a captura de animais para a pr\u00e1tica do m\u00e9todo<strong> CED <\/strong>(Capturar, Esterilizar e Devolver). Essa a\u00e7\u00e3o \u00e9 essencial para garantir o bem-estar dos animais e minimizar problemas relacionados ao crescimento descontrolado da popula\u00e7\u00e3o de gatos na regi\u00e3o. Al\u00e9m disso, instalamos <strong>novos comedouros<\/strong> estrategicamente posicionados para atender os gatos assistidos pelo projeto. Tamb\u00e9m tivemos a alegria de encontrar lares amorosos para alguns dos nossos animais, garantindo-lhes uma vida mais segura e feliz.<\/p>\n\n\n\n<div style=\"height:28px\" aria-hidden=\"true\" class=\"wp-block-spacer\"><\/div>\n\n\n<div class=\"wp-block-image\">\n<figure class=\"alignleft size-full is-resized\"><img loading=\"lazy\" decoding=\"async\" width=\"1600\" height=\"1200\" src=\"https:\/\/www.ufpb.br\/animaiscomunitariosufpb\/wp-content\/uploads\/sites\/79\/sites\/167\/2024\/12\/WhatsApp-Image-2024-12-31-at-1.26.56-PM.jpeg\" alt=\"\" class=\"wp-image-1337\" style=\"width:293px;height:auto\" srcset=\"https:\/\/www.ufpb.br\/animaiscomunitariosufpb\/wp-content\/uploads\/sites\/79\/sites\/167\/2024\/12\/WhatsApp-Image-2024-12-31-at-1.26.56-PM.jpeg 1600w, https:\/\/www.ufpb.br\/animaiscomunitariosufpb\/wp-content\/uploads\/sites\/79\/sites\/167\/2024\/12\/WhatsApp-Image-2024-12-31-at-1.26.56-PM-300x225.jpeg 300w, https:\/\/www.ufpb.br\/animaiscomunitariosufpb\/wp-content\/uploads\/sites\/79\/sites\/167\/2024\/12\/WhatsApp-Image-2024-12-31-at-1.26.56-PM-1024x768.jpeg 1024w, https:\/\/www.ufpb.br\/animaiscomunitariosufpb\/wp-content\/uploads\/sites\/79\/sites\/167\/2024\/12\/WhatsApp-Image-2024-12-31-at-1.26.56-PM-768x576.jpeg 768w, https:\/\/www.ufpb.br\/animaiscomunitariosufpb\/wp-content\/uploads\/sites\/79\/sites\/167\/2024\/12\/WhatsApp-Image-2024-12-31-at-1.26.56-PM-1536x1152.jpeg 1536w\" sizes=\"auto, (max-width: 1600px) 100vw, 1600px\" \/><\/figure>\n<\/div>\n\n\n<p><strong>Integra\u00e7\u00e3o da equipe<\/strong><\/p>\n\n\n\n<p>Promovemos uma reuni\u00e3o de integra\u00e7\u00e3o com os novos participantes do projeto, proporcionando um momento de acolhimento e alinhamento. Essa intera\u00e7\u00e3o foi essencial para fortalecer o senso de equipe e compartilhar a miss\u00e3o do projeto com aqueles que se juntaram a n\u00f3s. A energia renovada dos novos membros trouxe novas ideias e perspectivas para o futuro do projeto.<\/p>\n\n\n\n<div style=\"height:28px\" aria-hidden=\"true\" class=\"wp-block-spacer\"><\/div>\n\n\n<div class=\"wp-block-image\">\n<figure class=\"alignright size-full is-resized\"><img loading=\"lazy\" decoding=\"async\" width=\"1600\" height=\"1200\" src=\"https:\/\/www.ufpb.br\/animaiscomunitariosufpb\/wp-content\/uploads\/sites\/79\/sites\/167\/2024\/12\/WhatsApp-Image-2024-12-31-at-1.26.57-PM.jpeg\" alt=\"\" class=\"wp-image-1338\" style=\"width:295px;height:auto\" srcset=\"https:\/\/www.ufpb.br\/animaiscomunitariosufpb\/wp-content\/uploads\/sites\/79\/sites\/167\/2024\/12\/WhatsApp-Image-2024-12-31-at-1.26.57-PM.jpeg 1600w, https:\/\/www.ufpb.br\/animaiscomunitariosufpb\/wp-content\/uploads\/sites\/79\/sites\/167\/2024\/12\/WhatsApp-Image-2024-12-31-at-1.26.57-PM-300x225.jpeg 300w, https:\/\/www.ufpb.br\/animaiscomunitariosufpb\/wp-content\/uploads\/sites\/79\/sites\/167\/2024\/12\/WhatsApp-Image-2024-12-31-at-1.26.57-PM-1024x768.jpeg 1024w, https:\/\/www.ufpb.br\/animaiscomunitariosufpb\/wp-content\/uploads\/sites\/79\/sites\/167\/2024\/12\/WhatsApp-Image-2024-12-31-at-1.26.57-PM-768x576.jpeg 768w, https:\/\/www.ufpb.br\/animaiscomunitariosufpb\/wp-content\/uploads\/sites\/79\/sites\/167\/2024\/12\/WhatsApp-Image-2024-12-31-at-1.26.57-PM-1536x1152.jpeg 1536w\" sizes=\"auto, (max-width: 1600px) 100vw, 1600px\" \/><\/figure>\n<\/div>\n\n\n<p><strong>Di\u00e1logo com a gest\u00e3o da UFPB<\/strong><\/p>\n\n\n\n<p>A participa\u00e7\u00e3o em uma reuni\u00e3o com a<strong> gest\u00e3o da UFPB<\/strong> foi um marco importante. Nesse encontro, discutimos sobre crimes de abandono e maus-tratos contra animais no campus e apresentamos propostas para combater essas pr\u00e1ticas. Esse di\u00e1logo foi crucial para abrir caminhos para a cria\u00e7\u00e3o de pol\u00edticas mais eficazes em defesa dos animais.<\/p>\n\n\n\n<div style=\"height:28px\" aria-hidden=\"true\" class=\"wp-block-spacer\"><\/div>\n\n\n\n<p><strong>Amplia\u00e7\u00e3o de parcerias<\/strong><\/p>\n\n\n\n<p>Ao longo do ano, conseguimos ampliar significativamente nossas parcerias. Estabelecemos colabora\u00e7\u00f5es com a <strong>ONG Xam\u00e3s<\/strong> e o <strong>Projeto Safira<\/strong>, que agregaram valor ao nosso trabalho e expandiram nossas possibilidades de a\u00e7\u00e3o. Essas parcerias demonstram que, juntos, podemos ir mais longe em prol da causa animal.<\/p>\n\n\n\n<div style=\"height:28px\" aria-hidden=\"true\" class=\"wp-block-spacer\"><\/div>\n\n\n<div class=\"wp-block-image\">\n<figure class=\"alignleft size-full is-resized\"><img loading=\"lazy\" decoding=\"async\" width=\"983\" height=\"820\" src=\"http:\/\/www.ufpb.br\/animaiscomunitariosufpb\/wp-content\/uploads\/sites\/79\/sites\/167\/2024\/12\/WhatsApp-Image-2024-12-31-at-1.27.43-PM-e1735665354765.jpeg\" alt=\"\" class=\"wp-image-1339\" style=\"width:291px;height:auto\" srcset=\"https:\/\/www.ufpb.br\/animaiscomunitariosufpb\/wp-content\/uploads\/sites\/79\/sites\/167\/2024\/12\/WhatsApp-Image-2024-12-31-at-1.27.43-PM-e1735665354765.jpeg 983w, https:\/\/www.ufpb.br\/animaiscomunitariosufpb\/wp-content\/uploads\/sites\/79\/sites\/167\/2024\/12\/WhatsApp-Image-2024-12-31-at-1.27.43-PM-e1735665354765-300x250.jpeg 300w, https:\/\/www.ufpb.br\/animaiscomunitariosufpb\/wp-content\/uploads\/sites\/79\/sites\/167\/2024\/12\/WhatsApp-Image-2024-12-31-at-1.27.43-PM-e1735665354765-768x641.jpeg 768w\" sizes=\"auto, (max-width: 983px) 100vw, 983px\" \/><\/figure>\n<\/div>\n\n\n<p><strong>Participa\u00e7\u00e3o no ENEX<\/strong><\/p>\n\n\n\n<p>Encerramos o ano participando do Encontro de Extens\u00e3o da UFPB (ENEX). Esse evento foi uma oportunidade \u00fanica de compartilhar nossas iniciativas com a comunidade acad\u00eamica e aprender com outros projetos de extens\u00e3o. Foi gratificante ver o reconhecimento do nosso trabalho e estabelecer conex\u00f5es que podem fortalecer ainda mais nossas atividades futuras.<\/p>\n\n\n\n<div style=\"height:34px\" aria-hidden=\"true\" class=\"wp-block-spacer\"><\/div>\n\n\n\n<p>Somos imensamente gratos a todos que contribu\u00edram para essas realiza\u00e7\u00f5es. Este foi um ano de avan\u00e7os importantes, e seguimos confiantes de que, juntos, podemos continuar fazendo a diferen\u00e7a na vida dos animais. Que o pr\u00f3ximo ano seja ainda mais produtivo e repleto de realiza\u00e7\u00f5es!<\/p>\n\n\n\n<div style=\"height:34px\" aria-hidden=\"true\" class=\"wp-block-spacer\"><\/div>\n\n\n\n<p><em>\u2014 Equipe Animais Comunit\u00e1rios UFPB<\/em><\/p>\n\n\n\n<div style=\"height:34px\" aria-hidden=\"true\" class=\"wp-block-spacer\"><\/div>\n\n\n\n<div class=\"wp-block-media-text is-stacked-on-mobile\" style=\"grid-template-columns:25% auto\"><figure class=\"wp-block-media-text__media\"><img loading=\"lazy\" decoding=\"async\" width=\"1024\" height=\"942\" src=\"http:\/\/www.ufpb.br\/animaiscomunitariosufpb\/wp-content\/uploads\/sites\/79\/sites\/167\/2024\/08\/cropped-Logo-1024x942-1-1.jpeg\" alt=\"\" class=\"wp-image-766 size-full\" srcset=\"https:\/\/www.ufpb.br\/animaiscomunitariosufpb\/wp-content\/uploads\/sites\/79\/sites\/167\/2024\/08\/cropped-Logo-1024x942-1-1.jpeg 1024w, https:\/\/www.ufpb.br\/animaiscomunitariosufpb\/wp-content\/uploads\/sites\/79\/sites\/167\/2024\/08\/cropped-Logo-1024x942-1-1-300x276.jpeg 300w, https:\/\/www.ufpb.br\/animaiscomunitariosufpb\/wp-content\/uploads\/sites\/79\/sites\/167\/2024\/08\/cropped-Logo-1024x942-1-1-768x707.jpeg 768w\" sizes=\"auto, (max-width: 1024px) 100vw, 1024px\" \/><\/figure><div class=\"wp-block-media-text__content\">\n<p>O Animais Comunit\u00e1rios \u00e9 um projeto de&nbsp;extens\u00e3o na&nbsp;<strong>Universidade Federal da Para\u00edba (UFPB), Campus I<\/strong>, em Jo\u00e3o Pessoa \u2013 PB, reconhecido oficialmente desde 2020 e em&nbsp;<em>opera\u00e7\u00e3o desde 2014<\/em>. Clique em <a href=\"https:\/\/www.ufpb.br\/animaiscomunitariosufpb\/quem-somos\/\">Quem somos?<\/a>&nbsp;e saiba mais.<\/p>\n<\/div><\/div>\n","protected":false},"excerpt":{"rendered":"<p>Evento de Ado\u00e7\u00e3o e Arrecada\u00e7\u00e3o de Ra\u00e7\u00e3o Neste ano, tivemos a honra de organizar um [&hellip;]<\/p>\n","protected":false},"author":119,"featured_media":1330,"comment_status":"closed","ping_status":"open","sticky":false,"template":"","format":"standard","meta":{"footnotes":""},"categories":[1],"tags":[],"class_list":["post-1329","post","type-post","status-publish","format-standard","has-post-thumbnail","hentry","category-uncategorized"],"_links":{"self":[{"href":"https:\/\/www.ufpb.br\/animaiscomunitariosufpb\/wp-json\/wp\/v2\/posts\/1329","targetHints":{"allow":["GET"]}}],"collection":[{"href":"https:\/\/www.ufpb.br\/animaiscomunitariosufpb\/wp-json\/wp\/v2\/posts"}],"about":[{"href":"https:\/\/www.ufpb.br\/animaiscomunitariosufpb\/wp-json\/wp\/v2\/types\/post"}],"author":[{"embeddable":true,"href":"https:\/\/www.ufpb.br\/animaiscomunitariosufpb\/wp-json\/wp\/v2\/users\/119"}],"replies":[{"embeddable":true,"href":"https:\/\/www.ufpb.br\/animaiscomunitariosufpb\/wp-json\/wp\/v2\/comments?post=1329"}],"version-history":[{"count":9,"href":"https:\/\/www.ufpb.br\/animaiscomunitariosufpb\/wp-json\/wp\/v2\/posts\/1329\/revisions"}],"predecessor-version":[{"id":1346,"href":"https:\/\/www.ufpb.br\/animaiscomunitariosufpb\/wp-json\/wp\/v2\/posts\/1329\/revisions\/1346"}],"wp:featuredmedia":[{"embeddable":true,"href":"https:\/\/www.ufpb.br\/animaiscomunitariosufpb\/wp-json\/wp\/v2\/media\/1330"}],"wp:attachment":[{"href":"https:\/\/www.ufpb.br\/animaiscomunitariosufpb\/wp-json\/wp\/v2\/media?parent=1329"}],"wp:term":[{"taxonomy":"category","embeddable":true,"href":"https:\/\/www.ufpb.br\/animaiscomunitariosufpb\/wp-json\/wp\/v2\/categories?post=1329"},{"taxonomy":"post_tag","embeddable":true,"href":"https:\/\/www.ufpb.br\/animaiscomunitariosufpb\/wp-json\/wp\/v2\/tags?post=1329"}],"curies":[{"name":"wp","href":"https:\/\/api.w.org\/{rel}","templated":true}]}}