{"id":56,"date":"2025-11-24T19:53:00","date_gmt":"2025-11-24T22:53:00","guid":{"rendered":"https:\/\/www.ufpb.br\/audin\/?p=56"},"modified":"2025-12-29T19:54:02","modified_gmt":"2025-12-29T22:54:02","slug":"membros-da-equipe-da-audin-ufpb-participaram-do-59o-fonaitec","status":"publish","type":"post","link":"https:\/\/www.ufpb.br\/audin\/institucional\/membros-da-equipe-da-audin-ufpb-participaram-do-59o-fonaitec\/","title":{"rendered":"Membros da equipe da Audin-UFPB participaram do 59\u00ba FONAITec"},"content":{"rendered":"\n<p>Servidores da Auditoria Interna da UFPB participaram no per\u00edodo de 21 a 24 de outubro de 2025 do 59\u00ba F\u00f3rum Nacional de Capacita\u00e7\u00e3o T\u00e9cnica das Unidades de Auditoria Interna Governamental \u2013 FONAITec, realizado em formato on-line.&nbsp;<\/p>\n\n\n\n<p>Com o tema \u201cAuditoria inteligente: integra\u00e7\u00e3o entre pessoas, processos e tecnologias\u201d, o evento promovido pela Associa\u00e7\u00e3o FONAI, reuniu mais de setenta institui\u00e7\u00f5es e se mant\u00e9m como um dos principais espa\u00e7os de capacita\u00e7\u00e3o e troca de experi\u00eancias, conectando auditores, gestores e especialistas de todo o pa\u00eds.<\/p>\n\n\n\n<p>Durante os quatro dias de evento, foram debatidos diversos temas relevantes para a atividade de auditoria interna governamental, como comunica\u00e7\u00e3o n\u00e3o violenta na auditoria, novas tecnologias na auditoria interna, normas globais de auditoria, auditoria com foco em riscos, monitoramento de recomenda\u00e7\u00f5es de auditoria, dentre outros; al\u00e9m do compartilhamento de boas pr\u00e1ticas realizadas por algumas Unidades de Auditoria Interna Governamental.<\/p>\n\n\n\n<p>Participaram do evento, representando a Auditoria Interna, os servidores Diego Lima e Ram Gajadhar. A participa\u00e7\u00e3o da Audin-UFPB no evento marca o compromisso de fortalecimento da unidade e o aprimoramento cont\u00ednuo da equipe, em busca de agregar mais valor \u00e0 organiza\u00e7\u00e3o, atrav\u00e9s do fomento e aplica\u00e7\u00e3o das melhores pr\u00e1ticas de auditoria interna governamental<\/p>\n","protected":false},"excerpt":{"rendered":"<p>Servidores da Auditoria Interna da UFPB participaram no per\u00edodo de 21 a 24 de outubro [&hellip;]<\/p>\n","protected":false},"author":47,"featured_media":57,"comment_status":"closed","ping_status":"closed","sticky":false,"template":"","format":"standard","meta":{"footnotes":""},"categories":[3],"tags":[],"class_list":["post-56","post","type-post","status-publish","format-standard","has-post-thumbnail","hentry","category-institucional"],"_links":{"self":[{"href":"https:\/\/www.ufpb.br\/audin\/wp-json\/wp\/v2\/posts\/56","targetHints":{"allow":["GET"]}}],"collection":[{"href":"https:\/\/www.ufpb.br\/audin\/wp-json\/wp\/v2\/posts"}],"about":[{"href":"https:\/\/www.ufpb.br\/audin\/wp-json\/wp\/v2\/types\/post"}],"author":[{"embeddable":true,"href":"https:\/\/www.ufpb.br\/audin\/wp-json\/wp\/v2\/users\/47"}],"replies":[{"embeddable":true,"href":"https:\/\/www.ufpb.br\/audin\/wp-json\/wp\/v2\/comments?post=56"}],"version-history":[{"count":1,"href":"https:\/\/www.ufpb.br\/audin\/wp-json\/wp\/v2\/posts\/56\/revisions"}],"predecessor-version":[{"id":58,"href":"https:\/\/www.ufpb.br\/audin\/wp-json\/wp\/v2\/posts\/56\/revisions\/58"}],"wp:featuredmedia":[{"embeddable":true,"href":"https:\/\/www.ufpb.br\/audin\/wp-json\/wp\/v2\/media\/57"}],"wp:attachment":[{"href":"https:\/\/www.ufpb.br\/audin\/wp-json\/wp\/v2\/media?parent=56"}],"wp:term":[{"taxonomy":"category","embeddable":true,"href":"https:\/\/www.ufpb.br\/audin\/wp-json\/wp\/v2\/categories?post=56"},{"taxonomy":"post_tag","embeddable":true,"href":"https:\/\/www.ufpb.br\/audin\/wp-json\/wp\/v2\/tags?post=56"}],"curies":[{"name":"wp","href":"https:\/\/api.w.org\/{rel}","templated":true}]}}