{"id":59,"date":"2025-11-24T19:54:00","date_gmt":"2025-11-24T22:54:00","guid":{"rendered":"https:\/\/www.ufpb.br\/audin\/?p=59"},"modified":"2025-12-29T19:55:58","modified_gmt":"2025-12-29T22:55:58","slug":"auditoria-interna-participa-do-workshop-governanca-das-instituicoes-de-ensino-superior-promovido-em-parceria-com-o-tcu","status":"publish","type":"post","link":"https:\/\/www.ufpb.br\/audin\/institucional\/auditoria-interna-participa-do-workshop-governanca-das-instituicoes-de-ensino-superior-promovido-em-parceria-com-o-tcu\/","title":{"rendered":"Auditoria Interna participa do Workshop \u201cGovernan\u00e7a das Institui\u00e7\u00f5es de Ensino Superior\u201d, promovido em parceria com o TCU"},"content":{"rendered":"\n<p>A Auditoria Interna da UFPB esteve presente no curso \u201cGovernan\u00e7a das Institui\u00e7\u00f5es de Ensino Superior\u201d, promovido pela UFPB em parceria com o Tribunal de Contas da Uni\u00e3o (TCU). O workshop foi realizado nos dias&nbsp;<strong>4 e 5 de novembro de 2025<\/strong>, no Audit\u00f3rio do Centro de Ci\u00eancias Jur\u00eddicas (CCJ), no&nbsp;<em>campus&nbsp;<\/em>I em Jo\u00e3o Pessoa-PB.<\/p>\n\n\n\n<p>Ministrado pelo Auditor Federal de Controle Externo Cl\u00e1udio Silva da Cruz (TCU), o evento teve como objetivo&nbsp;<strong>orientar as Institui\u00e7\u00f5es de Ensino Superior no uso do modelo iESGo<\/strong>&nbsp;\u2014 ferramenta desenvolvida pelo TCU para avaliar a qualidade da governan\u00e7a p\u00fablica.<\/p>\n\n\n\n<p>Durante a capacita\u00e7\u00e3o, foram abordados temas como os fundamentos da governan\u00e7a p\u00fablica, princ\u00edpios e diretrizes aplic\u00e1veis ao setor p\u00fablico, al\u00e9m de pr\u00e1ticas e controles voltados \u00e0 gest\u00e3o de pessoas, tecnologia da informa\u00e7\u00e3o, contrata\u00e7\u00f5es, or\u00e7amento, meio ambiente e responsabilidade social.<\/p>\n\n\n\n<p>A participa\u00e7\u00e3o da Auditoria Interna no evento refor\u00e7a o aprimoramento cont\u00ednuo da equipe e o compromisso institucional com a boa governan\u00e7a. Os conhecimentos adquiridos poder\u00e3o fomentar futuras a\u00e7\u00f5es de auditoria para avaliar a maturidade dos \u00edndices e indicadores de governan\u00e7a institucionais.<\/p>\n","protected":false},"excerpt":{"rendered":"<p>A Auditoria Interna da UFPB esteve presente no curso \u201cGovernan\u00e7a das Institui\u00e7\u00f5es de Ensino Superior\u201d, [&hellip;]<\/p>\n","protected":false},"author":47,"featured_media":60,"comment_status":"closed","ping_status":"closed","sticky":false,"template":"","format":"standard","meta":{"footnotes":""},"categories":[3],"tags":[],"class_list":["post-59","post","type-post","status-publish","format-standard","has-post-thumbnail","hentry","category-institucional"],"_links":{"self":[{"href":"https:\/\/www.ufpb.br\/audin\/wp-json\/wp\/v2\/posts\/59","targetHints":{"allow":["GET"]}}],"collection":[{"href":"https:\/\/www.ufpb.br\/audin\/wp-json\/wp\/v2\/posts"}],"about":[{"href":"https:\/\/www.ufpb.br\/audin\/wp-json\/wp\/v2\/types\/post"}],"author":[{"embeddable":true,"href":"https:\/\/www.ufpb.br\/audin\/wp-json\/wp\/v2\/users\/47"}],"replies":[{"embeddable":true,"href":"https:\/\/www.ufpb.br\/audin\/wp-json\/wp\/v2\/comments?post=59"}],"version-history":[{"count":1,"href":"https:\/\/www.ufpb.br\/audin\/wp-json\/wp\/v2\/posts\/59\/revisions"}],"predecessor-version":[{"id":61,"href":"https:\/\/www.ufpb.br\/audin\/wp-json\/wp\/v2\/posts\/59\/revisions\/61"}],"wp:featuredmedia":[{"embeddable":true,"href":"https:\/\/www.ufpb.br\/audin\/wp-json\/wp\/v2\/media\/60"}],"wp:attachment":[{"href":"https:\/\/www.ufpb.br\/audin\/wp-json\/wp\/v2\/media?parent=59"}],"wp:term":[{"taxonomy":"category","embeddable":true,"href":"https:\/\/www.ufpb.br\/audin\/wp-json\/wp\/v2\/categories?post=59"},{"taxonomy":"post_tag","embeddable":true,"href":"https:\/\/www.ufpb.br\/audin\/wp-json\/wp\/v2\/tags?post=59"}],"curies":[{"name":"wp","href":"https:\/\/api.w.org\/{rel}","templated":true}]}}