{"id":1982,"date":"2025-10-03T11:53:04","date_gmt":"2025-10-03T14:53:04","guid":{"rendered":"https:\/\/www.ufpb.br\/cau\/?p=1982"},"modified":"2025-10-17T12:45:21","modified_gmt":"2025-10-17T15:45:21","slug":"coletivo-autista-da-ufpb-no-instagram","status":"publish","type":"post","link":"https:\/\/www.ufpb.br\/cau\/coletivo-autista-da-ufpb-no-instagram\/","title":{"rendered":"Coletivo Autista da UFPB no Instagram"},"content":{"rendered":"\n<p>O conte\u00fado a seguir foi elaborado em Linguagem Simples pela intelig\u00eancia artificial <a href=\"https:\/\/chatgpt.com\/g\/g-67ab8c842b148191b497b2e150fa993b-gralha\/c\/68307ae4-34c4-800c-abcd-872ab36a7983\">GRALHA<\/a>, de Marcia Ditzel Goulart.<\/p>\n\n\n\n<p>O <strong>Coletivo Autista da UFPB <\/strong>(CAU) tem a alegria de anunciar a nossa <strong>presen\u00e7a<\/strong> no <em><a href=\"https:\/\/www.instagram.com\/coletivoautistaufpb\/\">Instagram<\/a><\/em> e <strong>primeira <\/strong><em>live <\/em>no canal do <strong>Voluntariado<\/strong> do CAU no <em><a href=\"https:\/\/www.youtube.com\/channel\/UCi3LJtbo3or75m7susRm7hA\">YouTube<\/a><\/em>!<\/p>\n\n\n\n<h3 class=\"wp-block-heading\">Tema<\/h3>\n\n\n\n<p><strong>Estrat\u00e9gias de comunica\u00e7\u00e3o para pessoas autistas no dia a dia<\/strong><\/p>\n\n\n\n<h3 class=\"wp-block-heading\">Convidada<\/h3>\n\n\n\n<p>Kalina Teles, fonoaudi\u00f3loga e volunt\u00e1ria do CAU.<\/p>\n\n\n\n<h3 class=\"wp-block-heading\">Por que esse tema \u00e9 importante?<\/h3>\n\n\n\n<p>A fala \u00e9 uma das formas mais comuns de comunica\u00e7\u00e3o. Para muitas pessoas autistas adultas, especialmente aquelas que est\u00e3o apresentando <strong>maior necessidade de suporte<\/strong>, a fala existe, mas pode trazer desafios.<\/p>\n\n\n\n<p>Alguns exemplos:<\/p>\n\n\n\n<ul class=\"wp-block-list\">\n<li>Dificuldade em iniciar ou manter uma conversa.<\/li>\n\n\n\n<li>Sensa\u00e7\u00e3o de esfor\u00e7o maior para organizar ideias em palavras.<\/li>\n\n\n\n<li>D\u00favidas sobre como adaptar o tom de voz ou a escolha de palavras em diferentes situa\u00e7\u00f5es.<\/li>\n\n\n\n<li>Cansa\u00e7o ou sobrecarga ap\u00f3s intera\u00e7\u00f5es longas.<\/li>\n<\/ul>\n\n\n\n<p>Falar, portanto, n\u00e3o significa que a comunica\u00e7\u00e3o seja sempre simples. \u00c9 preciso criar estrat\u00e9gias que facilitem a express\u00e3o e tragam mais <strong>autonomia, bem-estar e participa\u00e7\u00e3o social<\/strong>.<\/p>\n\n\n\n<h3 class=\"wp-block-heading\">Alguns itens que Kalina Teles vai tratar na <em>live<\/em><\/h3>\n\n\n\n<ul class=\"wp-block-list\">\n<li>Reflex\u00f5es sobre comunica\u00e7\u00e3o.<\/li>\n\n\n\n<li>Estrat\u00e9gias pr\u00e1ticas.<\/li>\n\n\n\n<li>Orienta\u00e7\u00f5es que podem ajudar autistas em situa\u00e7\u00f5es do dia a dia: trabalho, estudos, fam\u00edlia e conviv\u00eancia social.<\/li>\n<\/ul>\n\n\n\n<p>\ud83d\udccc <strong>Data e hor\u00e1rio<\/strong>: 09\/10\/2025, \u00e0s 20h (hor\u00e1rio de Bras\u00edlia)<br>\ud83d\udccd <strong>Local<\/strong>: canal do Voluntariado do Coletivo Autista da UFPB no <em><a href=\"https:\/\/www.youtube.com\/channel\/UCi3LJtbo3or75m7susRm7hA\">YouTube<\/a><\/em><\/p>\n\n\n\n<p>\ud83d\udc49 Reserve esse momento.<br>\ud83d\udc49 <a href=\"https:\/\/www.instagram.com\/coletivoautistaufpb\/?igsh=OW9oMWtsM3Fxc2Uw\">Compartilhe<\/a> com amigos, familiares e profissionais que se interessam pelo tema.<\/p>\n\n\n\n<p><\/p>\n","protected":false},"excerpt":{"rendered":"<p>O conte\u00fado a seguir foi elaborado em Linguagem Simples pela intelig\u00eancia artificial GRALHA, de Marcia Ditzel Goulart. O Coletivo Autista da UFPB (CAU) tem a alegria de anunciar a nossa presen\u00e7a no Instagram e primeira live no canal do Voluntariado do CAU no YouTube! Tema Estrat\u00e9gias de comunica\u00e7\u00e3o para pessoas autistas no dia a dia [&hellip;]<\/p>\n","protected":false},"author":122,"featured_media":1664,"comment_status":"closed","ping_status":"open","sticky":false,"template":"","format":"standard","meta":{"footnotes":""},"categories":[1],"tags":[],"class_list":["post-1982","post","type-post","status-publish","format-standard","has-post-thumbnail","hentry","category-tea"],"_links":{"self":[{"href":"https:\/\/www.ufpb.br\/cau\/wp-json\/wp\/v2\/posts\/1982","targetHints":{"allow":["GET"]}}],"collection":[{"href":"https:\/\/www.ufpb.br\/cau\/wp-json\/wp\/v2\/posts"}],"about":[{"href":"https:\/\/www.ufpb.br\/cau\/wp-json\/wp\/v2\/types\/post"}],"author":[{"embeddable":true,"href":"https:\/\/www.ufpb.br\/cau\/wp-json\/wp\/v2\/users\/122"}],"replies":[{"embeddable":true,"href":"https:\/\/www.ufpb.br\/cau\/wp-json\/wp\/v2\/comments?post=1982"}],"version-history":[{"count":17,"href":"https:\/\/www.ufpb.br\/cau\/wp-json\/wp\/v2\/posts\/1982\/revisions"}],"predecessor-version":[{"id":2127,"href":"https:\/\/www.ufpb.br\/cau\/wp-json\/wp\/v2\/posts\/1982\/revisions\/2127"}],"wp:featuredmedia":[{"embeddable":true,"href":"https:\/\/www.ufpb.br\/cau\/wp-json\/wp\/v2\/media\/1664"}],"wp:attachment":[{"href":"https:\/\/www.ufpb.br\/cau\/wp-json\/wp\/v2\/media?parent=1982"}],"wp:term":[{"taxonomy":"category","embeddable":true,"href":"https:\/\/www.ufpb.br\/cau\/wp-json\/wp\/v2\/categories?post=1982"},{"taxonomy":"post_tag","embeddable":true,"href":"https:\/\/www.ufpb.br\/cau\/wp-json\/wp\/v2\/tags?post=1982"}],"curies":[{"name":"wp","href":"https:\/\/api.w.org\/{rel}","templated":true}]}}