{"id":2642,"date":"2026-03-25T08:32:10","date_gmt":"2026-03-25T11:32:10","guid":{"rendered":"https:\/\/www.ufpb.br\/cau\/?p=2642"},"modified":"2026-03-25T08:32:11","modified_gmt":"2026-03-25T11:32:11","slug":"show-espectrum","status":"publish","type":"post","link":"https:\/\/www.ufpb.br\/cau\/show-espectrum\/","title":{"rendered":"Show ESPECTRUM"},"content":{"rendered":"\n<h2 class=\"wp-block-heading\"><strong>O show \u201cEspectrum\u201d apresenta experi\u00eancia sensorial e art\u00edstica<\/strong><\/h2>\n\n\n\n<p><strong>\u201cEspectrum\u201d<\/strong>, da artista Ol\u00edvia D\u00f3ria, <a href=\"https:\/\/www.ufpb.br\/cau\/vitrine\/\">integrante do Coletivo Autista da UFPB<\/a>, prop\u00f5e uma experi\u00eancia imersiva que une m\u00fasica, performance e sensorialidade.<\/p>\n\n\n\n<p>O espet\u00e1culo re\u00fane m\u00fasicas autorais que abordam a viv\u00eancia da artista como pessoa autista. A proposta valoriza diferentes formas de percep\u00e7\u00e3o e express\u00e3o art\u00edstica.<\/p>\n\n\n\n<hr class=\"wp-block-separator has-alpha-channel-opacity\" \/>\n\n\n\n<h3 class=\"wp-block-heading\"><strong>Experi\u00eancia sonora e sensorial<\/strong><\/h3>\n\n\n\n<p>O show \u00e9 voltado para experi\u00eancias sensoriais, com destaque para:<\/p>\n\n\n\n<ul class=\"wp-block-list\">\n<li>sons eletr\u00f4nicos;<\/li>\n\n\n\n<li>ambienta\u00e7\u00f5es imersivas;<\/li>\n\n\n\n<li>constru\u00e7\u00f5es musicais que exploram ritmo e textura sonora.<\/li>\n<\/ul>\n\n\n\n<hr class=\"wp-block-separator has-alpha-channel-opacity\" \/>\n\n\n\n<h3 class=\"wp-block-heading\"><strong>Atua\u00e7\u00e3o da artista<\/strong><\/h3>\n\n\n\n<p>Ol\u00edvia D\u00f3ria atua como tecladista, atriz e cantora. No espet\u00e1culo, ela integra essas linguagens em uma apresenta\u00e7\u00e3o musical perform\u00e1tica.<\/p>\n\n\n\n<p>O trabalho apresenta influ\u00eancias de:<\/p>\n\n\n\n<ul class=\"wp-block-list\">\n<li>electro <em>jazz<\/em>;<\/li>\n\n\n\n<li><em>beats<\/em> eletr\u00f4nicos;<\/li>\n\n\n\n<li>elementos da m\u00fasica brasileira, com \u00eanfase no <em>swing<\/em> nordestino.<\/li>\n<\/ul>\n\n\n\n<hr class=\"wp-block-separator has-alpha-channel-opacity\" \/>\n\n\n\n<h3 class=\"wp-block-heading\"><strong>Sobre o espet\u00e1culo<\/strong><\/h3>\n\n\n\n<p>\u201c<strong>Espectrum<\/strong>\u201d \u00e9 um show autoral que articula m\u00fasica e performance a partir das habilidades da artista, com foco na cria\u00e7\u00e3o de uma experi\u00eancia sens\u00edvel, plural e \u00fanica\ud83c\udf3b.<\/p>\n\n\n\n<p>Confira: <a href=\"https:\/\/maps.app.goo.gl\/Sv7c45ccEYdHf7Ay5\">https:\/\/maps.app.goo.gl\/Sv7c45ccEYdHf7Ay5<\/a><\/p>\n\n\n<div class=\"wp-block-image\">\n<figure class=\"aligncenter size-large\"><img loading=\"lazy\" decoding=\"async\" width=\"819\" height=\"1024\" src=\"http:\/\/www.ufpb.br\/cau\/wp-content\/uploads\/sites\/79\/sites\/188\/2026\/03\/IMG-20260323-WA0000-819x1024.jpg\" alt=\"\" class=\"wp-image-2645\" srcset=\"https:\/\/www.ufpb.br\/cau\/wp-content\/uploads\/sites\/79\/sites\/188\/2026\/03\/IMG-20260323-WA0000-819x1024.jpg 819w, https:\/\/www.ufpb.br\/cau\/wp-content\/uploads\/sites\/79\/sites\/188\/2026\/03\/IMG-20260323-WA0000-240x300.jpg 240w, https:\/\/www.ufpb.br\/cau\/wp-content\/uploads\/sites\/79\/sites\/188\/2026\/03\/IMG-20260323-WA0000-768x960.jpg 768w, https:\/\/www.ufpb.br\/cau\/wp-content\/uploads\/sites\/79\/sites\/188\/2026\/03\/IMG-20260323-WA0000.jpg 1080w\" sizes=\"auto, (max-width: 819px) 100vw, 819px\" \/><\/figure>\n<\/div>","protected":false},"excerpt":{"rendered":"<p>O show \u201cEspectrum\u201d apresenta experi\u00eancia sensorial e art\u00edstica \u201cEspectrum\u201d, da artista Ol\u00edvia D\u00f3ria, integrante do Coletivo Autista da UFPB, prop\u00f5e uma experi\u00eancia imersiva que une m\u00fasica, performance e sensorialidade. O espet\u00e1culo re\u00fane m\u00fasicas autorais que abordam a viv\u00eancia da artista como pessoa autista. A proposta valoriza diferentes formas de percep\u00e7\u00e3o e express\u00e3o art\u00edstica. Experi\u00eancia sonora [&hellip;]<\/p>\n","protected":false},"author":122,"featured_media":1663,"comment_status":"closed","ping_status":"closed","sticky":false,"template":"","format":"standard","meta":{"footnotes":""},"categories":[1],"tags":[],"class_list":["post-2642","post","type-post","status-publish","format-standard","has-post-thumbnail","hentry","category-tea"],"_links":{"self":[{"href":"https:\/\/www.ufpb.br\/cau\/wp-json\/wp\/v2\/posts\/2642","targetHints":{"allow":["GET"]}}],"collection":[{"href":"https:\/\/www.ufpb.br\/cau\/wp-json\/wp\/v2\/posts"}],"about":[{"href":"https:\/\/www.ufpb.br\/cau\/wp-json\/wp\/v2\/types\/post"}],"author":[{"embeddable":true,"href":"https:\/\/www.ufpb.br\/cau\/wp-json\/wp\/v2\/users\/122"}],"replies":[{"embeddable":true,"href":"https:\/\/www.ufpb.br\/cau\/wp-json\/wp\/v2\/comments?post=2642"}],"version-history":[{"count":3,"href":"https:\/\/www.ufpb.br\/cau\/wp-json\/wp\/v2\/posts\/2642\/revisions"}],"predecessor-version":[{"id":2646,"href":"https:\/\/www.ufpb.br\/cau\/wp-json\/wp\/v2\/posts\/2642\/revisions\/2646"}],"wp:featuredmedia":[{"embeddable":true,"href":"https:\/\/www.ufpb.br\/cau\/wp-json\/wp\/v2\/media\/1663"}],"wp:attachment":[{"href":"https:\/\/www.ufpb.br\/cau\/wp-json\/wp\/v2\/media?parent=2642"}],"wp:term":[{"taxonomy":"category","embeddable":true,"href":"https:\/\/www.ufpb.br\/cau\/wp-json\/wp\/v2\/categories?post=2642"},{"taxonomy":"post_tag","embeddable":true,"href":"https:\/\/www.ufpb.br\/cau\/wp-json\/wp\/v2\/tags?post=2642"}],"curies":[{"name":"wp","href":"https:\/\/api.w.org\/{rel}","templated":true}]}}