{"id":280,"date":"2024-11-01T13:28:38","date_gmt":"2024-11-01T16:28:38","guid":{"rendered":"https:\/\/www.ufpb.br\/cehi\/?p=280"},"modified":"2024-11-01T13:28:38","modified_gmt":"2024-11-01T16:28:38","slug":"edital-de-convocacao-17-2024","status":"publish","type":"post","link":"https:\/\/www.ufpb.br\/cehi\/uncategorized\/edital-de-convocacao-17-2024\/","title":{"rendered":"EDITAL DE CONVOCA\u00c7\u00c3O \u2013 17\/2024"},"content":{"rendered":"<p><span dir=\"ltr\" role=\"presentation\">A UNIVERSIDADE FEDERAL DA PARA\u00cdBA, em conformidade com a Instru\u00e7\u00e3o Normativa <\/span><span dir=\"ltr\" role=\"presentation\">MGI<\/span> <span dir=\"ltr\" role=\"presentation\">n\u00ba<\/span> <span dir=\"ltr\" role=\"presentation\">23<\/span> <span dir=\"ltr\" role=\"presentation\">de<\/span> <span dir=\"ltr\" role=\"presentation\">25\/07\/2023,<\/span> <span dir=\"ltr\" role=\"presentation\">torna<\/span> <span dir=\"ltr\" role=\"presentation\">p\u00fablica<\/span> <span dir=\"ltr\" role=\"presentation\">a<\/span> <span dir=\"ltr\" role=\"presentation\">CONVOCA\u00c7\u00c3O<\/span> <span dir=\"ltr\" role=\"presentation\">PARA<\/span> <span dir=\"ltr\" role=\"presentation\">O<\/span> <span dir=\"ltr\" role=\"presentation\">PROCEDIMENTO<\/span> <span dir=\"ltr\" role=\"presentation\">DE<\/span><br role=\"presentation\" \/><span dir=\"ltr\" role=\"presentation\">HETEROIDENTIFICA\u00c7\u00c3O COMPLEMENTAR \u00c0 AUTODECLARA\u00c7\u00c3O DE PESSOAS NEGRAS, <\/span><span dir=\"ltr\" role=\"presentation\">referente ao Processo Eletr\u00f4nico n\u00ba <\/span><b>23074.092184\/2024-13, 23074.092237\/2024-37, 23074.092248\/2024-31, 23074.093652\/2024-50, 23074.092272\/2024-62, 23074.092314\/2024-92 e 23074.092379\/2024-83.<\/b><\/p>\n<p>&nbsp;<\/p>\n<p><a href=\"https:\/\/drive.ufpb.br\/s\/WWSxPeMeiy8WjfF\">EDITAL<\/a><\/p>\n","protected":false},"excerpt":{"rendered":"<p>A UNIVERSIDADE FEDERAL DA PARA\u00cdBA, em conformidade com a Instru\u00e7\u00e3o Normativa MGI n\u00ba 23 de 25\/07\/2023, torna p\u00fablica a CONVOCA\u00c7\u00c3O PARA O PROCEDIMENTO DEHETEROIDENTIFICA\u00c7\u00c3O COMPLEMENTAR \u00c0 AUTODECLARA\u00c7\u00c3O DE PESSOAS NEGRAS, referente ao Processo Eletr\u00f4nico n\u00ba 23074.092184\/2024-13, 23074.092237\/2024-37, 23074.092248\/2024-31, 23074.093652\/2024-50, 23074.092272\/2024-62, 23074.092314\/2024-92 e 23074.092379\/2024-83. &nbsp; EDITAL<\/p>\n","protected":false},"author":116,"featured_media":0,"comment_status":"closed","ping_status":"open","sticky":false,"template":"","format":"standard","meta":{"footnotes":""},"categories":[1],"tags":[],"class_list":["post-280","post","type-post","status-publish","format-standard","hentry","category-uncategorized"],"_links":{"self":[{"href":"https:\/\/www.ufpb.br\/cehi\/wp-json\/wp\/v2\/posts\/280","targetHints":{"allow":["GET"]}}],"collection":[{"href":"https:\/\/www.ufpb.br\/cehi\/wp-json\/wp\/v2\/posts"}],"about":[{"href":"https:\/\/www.ufpb.br\/cehi\/wp-json\/wp\/v2\/types\/post"}],"author":[{"embeddable":true,"href":"https:\/\/www.ufpb.br\/cehi\/wp-json\/wp\/v2\/users\/116"}],"replies":[{"embeddable":true,"href":"https:\/\/www.ufpb.br\/cehi\/wp-json\/wp\/v2\/comments?post=280"}],"version-history":[{"count":1,"href":"https:\/\/www.ufpb.br\/cehi\/wp-json\/wp\/v2\/posts\/280\/revisions"}],"predecessor-version":[{"id":281,"href":"https:\/\/www.ufpb.br\/cehi\/wp-json\/wp\/v2\/posts\/280\/revisions\/281"}],"wp:attachment":[{"href":"https:\/\/www.ufpb.br\/cehi\/wp-json\/wp\/v2\/media?parent=280"}],"wp:term":[{"taxonomy":"category","embeddable":true,"href":"https:\/\/www.ufpb.br\/cehi\/wp-json\/wp\/v2\/categories?post=280"},{"taxonomy":"post_tag","embeddable":true,"href":"https:\/\/www.ufpb.br\/cehi\/wp-json\/wp\/v2\/tags?post=280"}],"curies":[{"name":"wp","href":"https:\/\/api.w.org\/{rel}","templated":true}]}}