{"id":1210,"date":"2025-12-05T17:49:23","date_gmt":"2025-12-05T20:49:23","guid":{"rendered":"https:\/\/www.ufpb.br\/cga\/?p=1210"},"modified":"2025-12-05T17:54:28","modified_gmt":"2025-12-05T20:54:28","slug":"cga-e-rede-conecta-de-sustentabilidade-no-tjpb","status":"publish","type":"post","link":"https:\/\/www.ufpb.br\/cga\/institucional\/cga-e-rede-conecta-de-sustentabilidade-no-tjpb\/","title":{"rendered":"CGA e  Rede Conecta de Sustentabilidade no TJPB"},"content":{"rendered":"\n<p><\/p>\n\n\n<div class=\"wp-block-image\">\n<figure class=\"aligncenter size-large is-resized\"><img loading=\"lazy\" decoding=\"async\" width=\"1024\" height=\"768\" src=\"https:\/\/www.ufpb.br\/cga\/wp-content\/uploads\/sites\/79\/sites\/365\/2025\/12\/WhatsApp-Image-2025-12-05-at-11.17.02-AM-1-1024x768.jpeg\" alt=\"\" class=\"wp-image-1212\" style=\"width:577px;height:auto\" srcset=\"https:\/\/www.ufpb.br\/cga\/wp-content\/uploads\/sites\/79\/sites\/365\/2025\/12\/WhatsApp-Image-2025-12-05-at-11.17.02-AM-1-1024x768.jpeg 1024w, https:\/\/www.ufpb.br\/cga\/wp-content\/uploads\/sites\/79\/sites\/365\/2025\/12\/WhatsApp-Image-2025-12-05-at-11.17.02-AM-1-300x225.jpeg 300w, https:\/\/www.ufpb.br\/cga\/wp-content\/uploads\/sites\/79\/sites\/365\/2025\/12\/WhatsApp-Image-2025-12-05-at-11.17.02-AM-1-768x576.jpeg 768w, https:\/\/www.ufpb.br\/cga\/wp-content\/uploads\/sites\/79\/sites\/365\/2025\/12\/WhatsApp-Image-2025-12-05-at-11.17.02-AM-1-1536x1152.jpeg 1536w, https:\/\/www.ufpb.br\/cga\/wp-content\/uploads\/sites\/79\/sites\/365\/2025\/12\/WhatsApp-Image-2025-12-05-at-11.17.02-AM-1.jpeg 1600w\" sizes=\"auto, (max-width: 1024px) 100vw, 1024px\" \/><\/figure>\n<\/div>\n\n\n<p><\/p>\n\n\n\n<p class=\"has-medium-font-size\">      No dia\u00a0<strong>05 de dezembro de 2025<\/strong>, no\u00a0<strong>Laborat\u00f3rio de Inova\u00e7\u00e3o do TJPB<\/strong>, localizado na\u00a0<strong>Escola Superior da Magistratura da Para\u00edba (ESMA-PB)<\/strong>,\u00a0a professora Elis\u00e2ngela Rocha, presidente da CGA, marcou presen\u00e7a como representante da UFPB. Convidada pela senhora Viviane\u00a0 Sousa, do N\u00facleo de Gest\u00e3o Socioambiental do Tribunal de Justi\u00e7a da Para\u00edba (TJ\/PB), para debater e alinhar a\u00e7\u00f5es em prol da <strong>sustentabilidade ambiental<\/strong>.<\/p>\n\n\n\n<p>. <\/p>\n\n\n\n<p class=\"has-medium-font-size\">      O encontro teve como foco principal o <strong>compartilhamento de pr\u00e1ticas<\/strong> exigidas pelo Conselho Nacional de Justi\u00e7a (CNJ), com \u00eanfase nos <strong>indicadores de sustentabilidade ambiental<\/strong> que norteiam a atua\u00e7\u00e3o do Judici\u00e1rio. Os participantes aproveitaram a oportunidade para a troca de experi\u00eancias sobre parcerias com ONGs e empresas que contribuem com as a\u00e7\u00f5es desenvolvidas pelo TJ e junto \u00e0 UFPB.<\/p>\n\n\n\n<p class=\"has-medium-font-size\"><\/p>\n\n\n<div class=\"wp-block-image\">\n<figure class=\"aligncenter size-large is-resized\"><img loading=\"lazy\" decoding=\"async\" width=\"768\" height=\"1024\" src=\"https:\/\/www.ufpb.br\/cga\/wp-content\/uploads\/sites\/79\/sites\/365\/2025\/12\/WhatsApp-Image-2025-12-05-at-11.17.02-AM-768x1024.jpeg\" alt=\"\" class=\"wp-image-1211\" style=\"width:479px;height:auto\" srcset=\"https:\/\/www.ufpb.br\/cga\/wp-content\/uploads\/sites\/79\/sites\/365\/2025\/12\/WhatsApp-Image-2025-12-05-at-11.17.02-AM-768x1024.jpeg 768w, https:\/\/www.ufpb.br\/cga\/wp-content\/uploads\/sites\/79\/sites\/365\/2025\/12\/WhatsApp-Image-2025-12-05-at-11.17.02-AM-225x300.jpeg 225w, https:\/\/www.ufpb.br\/cga\/wp-content\/uploads\/sites\/79\/sites\/365\/2025\/12\/WhatsApp-Image-2025-12-05-at-11.17.02-AM-1152x1536.jpeg 1152w, https:\/\/www.ufpb.br\/cga\/wp-content\/uploads\/sites\/79\/sites\/365\/2025\/12\/WhatsApp-Image-2025-12-05-at-11.17.02-AM.jpeg 1200w\" sizes=\"auto, (max-width: 768px) 100vw, 768px\" \/><\/figure>\n<\/div>\n\n\n<p><\/p>\n\n\n\n<p class=\"has-medium-font-size\">      A\u00a0<strong><a href=\"https:\/\/www.trt13.jus.br\/programas-e-acoes1\/arquivos\/rede-conecta-de-sustentabilidade-conecta-sustentabilidade.pdf\" target=\"_blank\" rel=\"noreferrer noopener\">Rede Conecta Sustentabilidade PB<\/a><\/strong> \u00e9 uma iniciativa colaborativa na Para\u00edba, formada por \u00f3rg\u00e3os do Judici\u00e1rio (TRT13, JFPB, TRE\/PB, TJPB, TCE\/PB) e a UFPB, para implementar a\u00e7\u00f5es conjuntas de sustentabilidade focadas nos eixos ambiental, social, econ\u00f4mico e cultural, unindo for\u00e7as para um futuro mais verde e justo, com a\u00e7\u00f5es como descarte de res\u00edduos, uso de energias renov\u00e1veis e apoio aos ODS da ONU.\u00a0<\/p>\n\n\n<div class=\"wp-block-image\">\n<figure class=\"aligncenter size-full is-resized\"><img loading=\"lazy\" decoding=\"async\" width=\"736\" height=\"532\" src=\"https:\/\/www.ufpb.br\/cga\/wp-content\/uploads\/sites\/79\/sites\/365\/2025\/12\/image-14.png\" alt=\"\" class=\"wp-image-1214\" style=\"width:462px;height:auto\" srcset=\"https:\/\/www.ufpb.br\/cga\/wp-content\/uploads\/sites\/79\/sites\/365\/2025\/12\/image-14.png 736w, https:\/\/www.ufpb.br\/cga\/wp-content\/uploads\/sites\/79\/sites\/365\/2025\/12\/image-14-300x217.png 300w\" sizes=\"auto, (max-width: 736px) 100vw, 736px\" \/><\/figure>\n<\/div>\n\n\n<p class=\"has-medium-font-size\">      Na reuni\u00e3o foi abordada a ideia de ampliar o alcance da Rede Conecta de Sustentabilidade a outros participantes, como as institui\u00e7\u00f5es de ensino superior, envolvendo a academia nas discuss\u00f5es e na busca por conhecimento pr\u00e1tico e emp\u00edrico, contribuindo n\u00e3o apenas com teorias, mas com dados concretos e resultados observados a partir das a\u00e7\u00f5es e desafios reais de sustentabilidade.<\/p>\n\n\n\n<p><\/p>\n\n\n<div class=\"wp-block-image\">\n<figure class=\"aligncenter size-full is-resized\"><img loading=\"lazy\" decoding=\"async\" width=\"512\" height=\"512\" src=\"http:\/\/www.ufpb.br\/cga\/wp-content\/uploads\/sites\/79\/sites\/365\/2025\/09\/cropped-Banner-para-loja-de-eletronicos-smartphone-desconto-preto-e-vermelho-1920-_20250910_063234_0000-1-scaled-1.png\" alt=\"\" class=\"wp-image-362\" style=\"width:174px;height:auto\" srcset=\"https:\/\/www.ufpb.br\/cga\/wp-content\/uploads\/sites\/79\/sites\/365\/2025\/09\/cropped-Banner-para-loja-de-eletronicos-smartphone-desconto-preto-e-vermelho-1920-_20250910_063234_0000-1-scaled-1.png 512w, https:\/\/www.ufpb.br\/cga\/wp-content\/uploads\/sites\/79\/sites\/365\/2025\/09\/cropped-Banner-para-loja-de-eletronicos-smartphone-desconto-preto-e-vermelho-1920-_20250910_063234_0000-1-scaled-1-300x300.png 300w, https:\/\/www.ufpb.br\/cga\/wp-content\/uploads\/sites\/79\/sites\/365\/2025\/09\/cropped-Banner-para-loja-de-eletronicos-smartphone-desconto-preto-e-vermelho-1920-_20250910_063234_0000-1-scaled-1-150x150.png 150w, https:\/\/www.ufpb.br\/cga\/wp-content\/uploads\/sites\/79\/sites\/365\/2025\/09\/cropped-Banner-para-loja-de-eletronicos-smartphone-desconto-preto-e-vermelho-1920-_20250910_063234_0000-1-scaled-1-270x270.png 270w, https:\/\/www.ufpb.br\/cga\/wp-content\/uploads\/sites\/79\/sites\/365\/2025\/09\/cropped-Banner-para-loja-de-eletronicos-smartphone-desconto-preto-e-vermelho-1920-_20250910_063234_0000-1-scaled-1-192x192.png 192w, https:\/\/www.ufpb.br\/cga\/wp-content\/uploads\/sites\/79\/sites\/365\/2025\/09\/cropped-Banner-para-loja-de-eletronicos-smartphone-desconto-preto-e-vermelho-1920-_20250910_063234_0000-1-scaled-1-180x180.png 180w, https:\/\/www.ufpb.br\/cga\/wp-content\/uploads\/sites\/79\/sites\/365\/2025\/09\/cropped-Banner-para-loja-de-eletronicos-smartphone-desconto-preto-e-vermelho-1920-_20250910_063234_0000-1-scaled-1-32x32.png 32w\" sizes=\"auto, (max-width: 512px) 100vw, 512px\" \/><\/figure>\n<\/div>","protected":false},"excerpt":{"rendered":"<p>No dia\u00a005 de dezembro de 2025, no\u00a0Laborat\u00f3rio de Inova\u00e7\u00e3o do TJPB, localizado na\u00a0Escola Superior da [&hellip;]<\/p>\n","protected":false},"author":397,"featured_media":1216,"comment_status":"closed","ping_status":"closed","sticky":false,"template":"","format":"standard","meta":{"footnotes":""},"categories":[3],"tags":[6,61,62],"class_list":["post-1210","post","type-post","status-publish","format-standard","has-post-thumbnail","hentry","category-institucional","tag-cga","tag-rede-conecta","tag-tjpb"],"_links":{"self":[{"href":"https:\/\/www.ufpb.br\/cga\/wp-json\/wp\/v2\/posts\/1210","targetHints":{"allow":["GET"]}}],"collection":[{"href":"https:\/\/www.ufpb.br\/cga\/wp-json\/wp\/v2\/posts"}],"about":[{"href":"https:\/\/www.ufpb.br\/cga\/wp-json\/wp\/v2\/types\/post"}],"author":[{"embeddable":true,"href":"https:\/\/www.ufpb.br\/cga\/wp-json\/wp\/v2\/users\/397"}],"replies":[{"embeddable":true,"href":"https:\/\/www.ufpb.br\/cga\/wp-json\/wp\/v2\/comments?post=1210"}],"version-history":[{"count":5,"href":"https:\/\/www.ufpb.br\/cga\/wp-json\/wp\/v2\/posts\/1210\/revisions"}],"predecessor-version":[{"id":1219,"href":"https:\/\/www.ufpb.br\/cga\/wp-json\/wp\/v2\/posts\/1210\/revisions\/1219"}],"wp:featuredmedia":[{"embeddable":true,"href":"https:\/\/www.ufpb.br\/cga\/wp-json\/wp\/v2\/media\/1216"}],"wp:attachment":[{"href":"https:\/\/www.ufpb.br\/cga\/wp-json\/wp\/v2\/media?parent=1210"}],"wp:term":[{"taxonomy":"category","embeddable":true,"href":"https:\/\/www.ufpb.br\/cga\/wp-json\/wp\/v2\/categories?post=1210"},{"taxonomy":"post_tag","embeddable":true,"href":"https:\/\/www.ufpb.br\/cga\/wp-json\/wp\/v2\/tags?post=1210"}],"curies":[{"name":"wp","href":"https:\/\/api.w.org\/{rel}","templated":true}]}}