{"id":1293,"date":"2026-01-15T11:59:47","date_gmt":"2026-01-15T14:59:47","guid":{"rendered":"https:\/\/www.ufpb.br\/cga\/?p=1293"},"modified":"2026-04-22T11:33:06","modified_gmt":"2026-04-22T14:33:06","slug":"calendario-ambiental-2026","status":"publish","type":"post","link":"https:\/\/www.ufpb.br\/cga\/institucional\/calendario-ambiental-2026\/","title":{"rendered":"Calend\u00e1rio Ambiental 2026 e principais datas socioambientais"},"content":{"rendered":"<div class=\"wp-block-image\">\n<figure class=\"aligncenter size-full is-resized\"><img loading=\"lazy\" decoding=\"async\" width=\"758\" height=\"354\" src=\"http:\/\/www.ufpb.br\/cga\/wp-content\/uploads\/sites\/79\/sites\/365\/2026\/01\/image.png\" alt=\"\" class=\"wp-image-1294\" style=\"aspect-ratio:2.141390848254657;width:506px;height:auto\" srcset=\"https:\/\/www.ufpb.br\/cga\/wp-content\/uploads\/sites\/79\/sites\/365\/2026\/01\/image.png 758w, https:\/\/www.ufpb.br\/cga\/wp-content\/uploads\/sites\/79\/sites\/365\/2026\/01\/image-300x140.png 300w\" sizes=\"auto, (max-width: 758px) 100vw, 758px\" \/><\/figure>\n<\/div>\n\n\n<p><\/p>\n\n\n\n<p class=\"has-medium-font-size\">O calend\u00e1rio fornece informa\u00e7\u00f5es sobre datas importantes e eventos relacionados ao meio ambiente, ajudando a conscientizar a comunidade sobre quest\u00f5es ecol\u00f3gicas e a import\u00e2ncia da preserva\u00e7\u00e3o ambiental. Destacamos as principais datas relacionadas \u00e0s nossas atividades e programas.<\/p>\n\n\n\n<p class=\"has-medium-font-size\"> O calend\u00e1rio contribui para o planejamento de a\u00e7\u00f5es e projetos. Acompanhando as principais datas, conseguiremos alinhar campanhas, eventos, oficinas e atividades educativas, garantindo maior organiza\u00e7\u00e3o e impacto, pois permite estruturar conte\u00fados e a\u00e7\u00f5es com anteced\u00eancia.<\/p>\n\n\n\n<p class=\"has-medium-font-size\">Outro ponto importante \u00e9 a mobiliza\u00e7\u00e3o da comunidade acad\u00eamica. Um calend\u00e1rio bem divulgado incentiva a participa\u00e7\u00e3o de estudantes, servidores e da sociedade em geral, criando momentos coletivos de reflex\u00e3o e a\u00e7\u00e3o \u2014 como mutir\u00f5es, palestras e campanhas de sustentabilidade.<\/p>\n\n\n\n<p class=\"has-medium-font-size\">Tamb\u00e9m h\u00e1 um ganho em integra\u00e7\u00e3o institucional. Diferentes setores podem trabalhar de forma articulada ao redor das mesmas datas, criando parcerias, fortalecendo pol\u00edticas ambientais e ampliando o alcance das iniciativas.<\/p>\n\n\n\n<p class=\"has-text-align-center has-large-font-size\">Acesse o nosso <a href=\"https:\/\/www.ufpb.br\/cga\/calendario-ambiental-2026\/\" target=\"_blank\" rel=\"noreferrer noopener\">Calend\u00e1rio<\/a><\/p>\n\n\n\n<hr class=\"wp-block-separator has-alpha-channel-opacity\" \/>\n\n\n\n<p class=\"has-text-align-center has-large-font-size\"><strong>&#8220;A sa\u00fade da Terra \u00e9 a nossa sa\u00fade. Preserve o ano todo!&#8221;<\/strong><\/p>\n\n\n<div class=\"wp-block-image\">\n<figure class=\"aligncenter size-full is-resized\"><a href=\"https:\/\/www.ufpb.br\/cga\/calendario-ambiental-2026\/\" target=\"_blank\" rel=\"https:\/\/www.ufpb.br\/cga\/calendario-ambiental-2026\/\"><img loading=\"lazy\" decoding=\"async\" width=\"512\" height=\"512\" src=\"http:\/\/www.ufpb.br\/cga\/wp-content\/uploads\/sites\/79\/sites\/365\/2025\/09\/cropped-Banner-para-loja-de-eletronicos-smartphone-desconto-preto-e-vermelho-1920-_20250910_063234_0000-1-scaled-1.png\" alt=\"\" class=\"wp-image-362\" style=\"width:149px;height:auto\" srcset=\"https:\/\/www.ufpb.br\/cga\/wp-content\/uploads\/sites\/79\/sites\/365\/2025\/09\/cropped-Banner-para-loja-de-eletronicos-smartphone-desconto-preto-e-vermelho-1920-_20250910_063234_0000-1-scaled-1.png 512w, https:\/\/www.ufpb.br\/cga\/wp-content\/uploads\/sites\/79\/sites\/365\/2025\/09\/cropped-Banner-para-loja-de-eletronicos-smartphone-desconto-preto-e-vermelho-1920-_20250910_063234_0000-1-scaled-1-300x300.png 300w, https:\/\/www.ufpb.br\/cga\/wp-content\/uploads\/sites\/79\/sites\/365\/2025\/09\/cropped-Banner-para-loja-de-eletronicos-smartphone-desconto-preto-e-vermelho-1920-_20250910_063234_0000-1-scaled-1-150x150.png 150w, https:\/\/www.ufpb.br\/cga\/wp-content\/uploads\/sites\/79\/sites\/365\/2025\/09\/cropped-Banner-para-loja-de-eletronicos-smartphone-desconto-preto-e-vermelho-1920-_20250910_063234_0000-1-scaled-1-270x270.png 270w, https:\/\/www.ufpb.br\/cga\/wp-content\/uploads\/sites\/79\/sites\/365\/2025\/09\/cropped-Banner-para-loja-de-eletronicos-smartphone-desconto-preto-e-vermelho-1920-_20250910_063234_0000-1-scaled-1-192x192.png 192w, https:\/\/www.ufpb.br\/cga\/wp-content\/uploads\/sites\/79\/sites\/365\/2025\/09\/cropped-Banner-para-loja-de-eletronicos-smartphone-desconto-preto-e-vermelho-1920-_20250910_063234_0000-1-scaled-1-180x180.png 180w, https:\/\/www.ufpb.br\/cga\/wp-content\/uploads\/sites\/79\/sites\/365\/2025\/09\/cropped-Banner-para-loja-de-eletronicos-smartphone-desconto-preto-e-vermelho-1920-_20250910_063234_0000-1-scaled-1-32x32.png 32w\" sizes=\"auto, (max-width: 512px) 100vw, 512px\" \/><\/a><\/figure>\n<\/div>","protected":false},"excerpt":{"rendered":"<p>O calend\u00e1rio fornece informa\u00e7\u00f5es sobre datas importantes e eventos relacionados ao meio ambiente, ajudando a [&hellip;]<\/p>\n","protected":false},"author":397,"featured_media":1294,"comment_status":"closed","ping_status":"closed","sticky":false,"template":"","format":"standard","meta":{"footnotes":""},"categories":[71,3],"tags":[69,68,6,70,10],"class_list":["post-1293","post","type-post","status-publish","format-standard","has-post-thumbnail","hentry","category-calendarios","category-institucional","tag-69","tag-calendario-ambiental","tag-cga","tag-datas-importantes","tag-ufpb"],"_links":{"self":[{"href":"https:\/\/www.ufpb.br\/cga\/wp-json\/wp\/v2\/posts\/1293","targetHints":{"allow":["GET"]}}],"collection":[{"href":"https:\/\/www.ufpb.br\/cga\/wp-json\/wp\/v2\/posts"}],"about":[{"href":"https:\/\/www.ufpb.br\/cga\/wp-json\/wp\/v2\/types\/post"}],"author":[{"embeddable":true,"href":"https:\/\/www.ufpb.br\/cga\/wp-json\/wp\/v2\/users\/397"}],"replies":[{"embeddable":true,"href":"https:\/\/www.ufpb.br\/cga\/wp-json\/wp\/v2\/comments?post=1293"}],"version-history":[{"count":6,"href":"https:\/\/www.ufpb.br\/cga\/wp-json\/wp\/v2\/posts\/1293\/revisions"}],"predecessor-version":[{"id":1908,"href":"https:\/\/www.ufpb.br\/cga\/wp-json\/wp\/v2\/posts\/1293\/revisions\/1908"}],"wp:featuredmedia":[{"embeddable":true,"href":"https:\/\/www.ufpb.br\/cga\/wp-json\/wp\/v2\/media\/1294"}],"wp:attachment":[{"href":"https:\/\/www.ufpb.br\/cga\/wp-json\/wp\/v2\/media?parent=1293"}],"wp:term":[{"taxonomy":"category","embeddable":true,"href":"https:\/\/www.ufpb.br\/cga\/wp-json\/wp\/v2\/categories?post=1293"},{"taxonomy":"post_tag","embeddable":true,"href":"https:\/\/www.ufpb.br\/cga\/wp-json\/wp\/v2\/tags?post=1293"}],"curies":[{"name":"wp","href":"https:\/\/api.w.org\/{rel}","templated":true}]}}