{"id":1491,"date":"2026-02-18T11:36:50","date_gmt":"2026-02-18T14:36:50","guid":{"rendered":"https:\/\/www.ufpb.br\/cga\/?p=1491"},"modified":"2026-04-22T12:14:56","modified_gmt":"2026-04-22T15:14:56","slug":"mais-que-um-diploma-um-proposito","status":"publish","type":"post","link":"https:\/\/www.ufpb.br\/cga\/institucional\/mais-que-um-diploma-um-proposito\/","title":{"rendered":"&#8220;Mais que um Diploma, um Prop\u00f3sito&#8221;"},"content":{"rendered":"\n<p class=\"has-medium-font-size\">Na UFPB, nossa miss\u00e3o vai al\u00e9m das salas de aula; somos agentes de transforma\u00e7\u00e3o da realidade socioambiental da Para\u00edba e do Brasil. Mas, para transformar o mundo, primeiro precisamos transformar o nosso &#8220;sistema operacional&#8221; mental.<\/p>\n\n\n<div class=\"wp-block-image\">\n<figure class=\"aligncenter size-full is-resized\"><img loading=\"lazy\" decoding=\"async\" width=\"600\" height=\"450\" src=\"https:\/\/www.ufpb.br\/cga\/wp-content\/uploads\/sites\/79\/sites\/365\/2026\/02\/image-15.png\" alt=\"\" class=\"wp-image-1492\" style=\"aspect-ratio:1.333344907809299;width:453px;height:auto\" srcset=\"https:\/\/www.ufpb.br\/cga\/wp-content\/uploads\/sites\/79\/sites\/365\/2026\/02\/image-15.png 600w, https:\/\/www.ufpb.br\/cga\/wp-content\/uploads\/sites\/79\/sites\/365\/2026\/02\/image-15-300x225.png 300w\" sizes=\"auto, (max-width: 600px) 100vw, 600px\" \/><figcaption class=\"wp-element-caption\">Fonte: O pensador<\/figcaption><\/figure>\n<\/div>\n\n\n<p class=\"has-medium-font-size\">Ter consci\u00eancia de que o planeta precisa de ajuda \u00e9 o primeiro passo. No entanto, \u00e9 a educa\u00e7\u00e3o ambiental, a capacita\u00e7\u00e3o em temas voltados \u00e0 sustentabilidade que nos d\u00e1 o &#8220;como&#8221;. Quando buscamos conhecimento sobre gest\u00e3o de res\u00edduos, efici\u00eancia energ\u00e9tica ou consumo consciente, deixamos de ser espectadores e passamos a ser protagonistas da mudan\u00e7a institucional.<\/p>\n\n\n\n<h3 class=\"wp-block-heading\"> A Constru\u00e7\u00e3o da Cidadania Socioambiental<\/h3>\n\n\n\n<p class=\"has-medium-font-size\">Voc\u00ea j\u00e1 parou para pensar que a sustentabilidade n\u00e3o \u00e9 apenas sobre &#8220;gastar menos energia, separar res\u00edduos ou cuidar de uma planta&#8221;? \u00c9 sobre <strong>viver e produzir com intelig\u00eancia<\/strong>? <\/p>\n\n\n\n<p class=\"has-medium-font-size\">A sustentabilidade na UFPB se consolida quando cada servidor, docente e estudante compreende sua responsabilidade individual. Ao nos capacitarmos, desenvolvemos compet\u00eancias que levamos para a vida.<\/p>\n\n\n\n<ul class=\"wp-block-list\">\n<li><strong>Vis\u00e3o Sist\u00eamica:<\/strong> Entender como nossas pequenas a\u00e7\u00f5es afetam o todo.<\/li>\n\n\n\n<li><strong>Pensamento Cr\u00edtico :<\/strong> Habilidade de analisar dados reais para tomar decis\u00f5es \u00e9ticas e bem fundamentadas.<\/li>\n\n\n\n<li><strong>Inova\u00e7\u00e3o:<\/strong> Criar solu\u00e7\u00f5es locais para problemas globais.<\/li>\n\n\n\n<li><strong>Lideran\u00e7a:<\/strong> Inspirar o pr\u00f3ximo atrav\u00e9s do exemplo fundamentado.<\/li>\n<\/ul>\n\n\n<div class=\"wp-block-image\">\n<figure class=\"aligncenter size-full is-resized\"><img loading=\"lazy\" decoding=\"async\" width=\"673\" height=\"446\" src=\"https:\/\/www.ufpb.br\/cga\/wp-content\/uploads\/sites\/79\/sites\/365\/2026\/02\/image-16.png\" alt=\"\" class=\"wp-image-1493\" style=\"aspect-ratio:1.5090393104898046;width:465px;height:auto\" srcset=\"https:\/\/www.ufpb.br\/cga\/wp-content\/uploads\/sites\/79\/sites\/365\/2026\/02\/image-16.png 673w, https:\/\/www.ufpb.br\/cga\/wp-content\/uploads\/sites\/79\/sites\/365\/2026\/02\/image-16-300x199.png 300w\" sizes=\"auto, (max-width: 673px) 100vw, 673px\" \/><figcaption class=\"wp-element-caption\">Fonte: Freepik<\/figcaption><\/figure>\n<\/div>\n\n\n<p class=\"has-medium-font-size\">Ao buscar livros, cursos, palestras e eventos sobre sustentabilidade, voc\u00ea n\u00e3o est\u00e1 apenas cumprindo uma agenda; voc\u00ea est\u00e1 investindo na constru\u00e7\u00e3o de uma universidade que \u00e9 refer\u00eancia em \u00e9tica e cuidado com o futuro. Explore os recursos de capacita\u00e7\u00e3o que est\u00e3o a sua disposi\u00e7\u00e3o e descubra como a sua \u00e1rea de atua\u00e7\u00e3o pode contribuir para um campus mais verde e socialmente justo.<\/p>\n\n\n\n<p><a href=\"https:\/\/progep.ufpb.br\/progep\/contents\/documentos\/diversos\/copy_of_TRILHASDEAPRENDIZAGEMSUSTENTABILIDADE.pdf\" target=\"_blank\" rel=\"noreferrer noopener\">Programa Desenvolvimento Sustent\u00e1vel &#8211; PROGEP<\/a><\/p>\n\n\n\n<p><a href=\"https:\/\/www.ufpb.br\/cga\/cursos-e-formacao-continuada\/\" target=\"_blank\" rel=\"noreferrer noopener\">Cursos e Forma\u00e7\u00e3o Continuada <\/a><\/p>\n\n\n\n<p><a href=\"https:\/\/www.ufpb.br\/cga\/manuais-dos-projetos\/\" target=\"_blank\" rel=\"noreferrer noopener\">Manuais, livros, artigos, TCC&#8217;s<\/a><\/p>\n\n\n\n<blockquote class=\"wp-block-quote is-layout-flow wp-block-quote-is-layout-flow\">\n<p class=\"has-text-align-center has-medium-font-size\"><\/p>\n\n\n\n<hr class=\"wp-block-separator has-alpha-channel-opacity\" \/>\n\n\n\n<h2 class=\"wp-block-heading has-text-align-center has-large-font-size\"><div class=\"linha-header\">&#8220;O conhecimento \u00e9 o \u00fanico recurso que aumenta \u00e0 medida que \u00e9 compartilhado.&#8221;<\/div><\/h2>\n<\/blockquote>\n\n\n<div class=\"wp-block-image\">\n<figure class=\"aligncenter size-full is-resized\"><img loading=\"lazy\" decoding=\"async\" width=\"82\" height=\"103\" src=\"http:\/\/www.ufpb.br\/cga\/wp-content\/uploads\/sites\/79\/sites\/365\/2026\/04\/Icone-verde.png\" alt=\"\" class=\"wp-image-1909\" style=\"aspect-ratio:0.796109851879184;width:186px;height:auto\" \/><\/figure>\n<\/div>","protected":false},"excerpt":{"rendered":"<p>Na UFPB, nossa miss\u00e3o vai al\u00e9m das salas de aula; somos agentes de transforma\u00e7\u00e3o da [&hellip;]<\/p>\n","protected":false},"author":397,"featured_media":1494,"comment_status":"closed","ping_status":"closed","sticky":false,"template":"","format":"standard","meta":{"footnotes":""},"categories":[3],"tags":[88,6,89,9,10],"class_list":["post-1491","post","type-post","status-publish","format-standard","has-post-thumbnail","hentry","category-institucional","tag-capacitacao","tag-cga","tag-cursos","tag-sustentabilidade","tag-ufpb"],"_links":{"self":[{"href":"https:\/\/www.ufpb.br\/cga\/wp-json\/wp\/v2\/posts\/1491","targetHints":{"allow":["GET"]}}],"collection":[{"href":"https:\/\/www.ufpb.br\/cga\/wp-json\/wp\/v2\/posts"}],"about":[{"href":"https:\/\/www.ufpb.br\/cga\/wp-json\/wp\/v2\/types\/post"}],"author":[{"embeddable":true,"href":"https:\/\/www.ufpb.br\/cga\/wp-json\/wp\/v2\/users\/397"}],"replies":[{"embeddable":true,"href":"https:\/\/www.ufpb.br\/cga\/wp-json\/wp\/v2\/comments?post=1491"}],"version-history":[{"count":5,"href":"https:\/\/www.ufpb.br\/cga\/wp-json\/wp\/v2\/posts\/1491\/revisions"}],"predecessor-version":[{"id":1939,"href":"https:\/\/www.ufpb.br\/cga\/wp-json\/wp\/v2\/posts\/1491\/revisions\/1939"}],"wp:featuredmedia":[{"embeddable":true,"href":"https:\/\/www.ufpb.br\/cga\/wp-json\/wp\/v2\/media\/1494"}],"wp:attachment":[{"href":"https:\/\/www.ufpb.br\/cga\/wp-json\/wp\/v2\/media?parent=1491"}],"wp:term":[{"taxonomy":"category","embeddable":true,"href":"https:\/\/www.ufpb.br\/cga\/wp-json\/wp\/v2\/categories?post=1491"},{"taxonomy":"post_tag","embeddable":true,"href":"https:\/\/www.ufpb.br\/cga\/wp-json\/wp\/v2\/tags?post=1491"}],"curies":[{"name":"wp","href":"https:\/\/api.w.org\/{rel}","templated":true}]}}