{"id":1549,"date":"2026-03-01T17:25:12","date_gmt":"2026-03-01T20:25:12","guid":{"rendered":"https:\/\/www.ufpb.br\/cga\/?p=1549"},"modified":"2026-04-22T12:10:21","modified_gmt":"2026-04-22T15:10:21","slug":"dia-do-turismo-ecologico","status":"publish","type":"post","link":"https:\/\/www.ufpb.br\/cga\/calendarios\/dia-do-turismo-ecologico\/","title":{"rendered":"1\u00ba de mar\u00e7o &#8211; Dia do Turismo Ecol\u00f3gico"},"content":{"rendered":"<div class=\"wp-block-image\">\n<figure class=\"aligncenter size-full is-resized\"><img loading=\"lazy\" decoding=\"async\" width=\"900\" height=\"600\" src=\"https:\/\/www.ufpb.br\/cga\/wp-content\/uploads\/sites\/79\/sites\/365\/2026\/03\/image-3.png\" alt=\"\" class=\"wp-image-1554\" style=\"aspect-ratio:1.5000158363158396;width:545px;height:auto\" srcset=\"https:\/\/www.ufpb.br\/cga\/wp-content\/uploads\/sites\/79\/sites\/365\/2026\/03\/image-3.png 900w, https:\/\/www.ufpb.br\/cga\/wp-content\/uploads\/sites\/79\/sites\/365\/2026\/03\/image-3-300x200.png 300w, https:\/\/www.ufpb.br\/cga\/wp-content\/uploads\/sites\/79\/sites\/365\/2026\/03\/image-3-768x512.png 768w, https:\/\/www.ufpb.br\/cga\/wp-content\/uploads\/sites\/79\/sites\/365\/2026\/03\/image-3-272x182.png 272w\" sizes=\"auto, (max-width: 900px) 100vw, 900px\" \/><figcaption class=\"wp-element-caption\">Praia do coqueirinho &#8211; Conde\/PB<\/figcaption><\/figure>\n<\/div>\n\n\n<h3 class=\"wp-block-heading\">O  Papel da Academia na Consolida\u00e7\u00e3o da Sustentabilidade<\/h3>\n\n\n\n<p class=\"has-medium-font-size\">No dia <strong>1\u00ba de mar\u00e7o<\/strong>, celebramos o <strong>Dia do Turismo Ecol\u00f3gico<\/strong>, uma data que transcende a contempla\u00e7\u00e3o da natureza e se estabelece como um pilar estrat\u00e9gico para o desenvolvimento sustent\u00e1vel. Para a <strong>CGA UFPB<\/strong>, esta data \u00e9 um convite \u00e0 reflex\u00e3o sobre como o conhecimento cient\u00edfico e a gest\u00e3o p\u00fablica podem caminhar juntos na preserva\u00e7\u00e3o dos nossos biomas, especialmente a <strong>Mata Atl\u00e2ntica<\/strong> paraibana.<\/p>\n\n\n\n<p class=\"has-medium-font-size\">Ecoturismo como Ci\u00eancia e Conserva\u00e7\u00e3o. Diferente do turismo convencional, o ecoturismo \u00e9 uma modalidade fundamentada na <strong>educa\u00e7\u00e3o ambiental<\/strong> e no estudo da biodiversidade. Ele busca minimizar impactos antr\u00f3picos enquanto promove a valoriza\u00e7\u00e3o da fauna, flora e das comunidades tradicionais.<\/p>\n\n\n<div class=\"wp-block-image\">\n<figure class=\"aligncenter size-large is-resized\"><img loading=\"lazy\" decoding=\"async\" width=\"1024\" height=\"683\" src=\"https:\/\/www.ufpb.br\/cga\/wp-content\/uploads\/sites\/79\/sites\/365\/2026\/03\/hikers-walking-up-stairs-1024x683.jpg\" alt=\"\" class=\"wp-image-1551\" style=\"aspect-ratio:1.5000158363158396;width:516px;height:auto\" srcset=\"https:\/\/www.ufpb.br\/cga\/wp-content\/uploads\/sites\/79\/sites\/365\/2026\/03\/hikers-walking-up-stairs-1024x683.jpg 1024w, https:\/\/www.ufpb.br\/cga\/wp-content\/uploads\/sites\/79\/sites\/365\/2026\/03\/hikers-walking-up-stairs-300x200.jpg 300w, https:\/\/www.ufpb.br\/cga\/wp-content\/uploads\/sites\/79\/sites\/365\/2026\/03\/hikers-walking-up-stairs-768x512.jpg 768w, https:\/\/www.ufpb.br\/cga\/wp-content\/uploads\/sites\/79\/sites\/365\/2026\/03\/hikers-walking-up-stairs-1536x1024.jpg 1536w, https:\/\/www.ufpb.br\/cga\/wp-content\/uploads\/sites\/79\/sites\/365\/2026\/03\/hikers-walking-up-stairs-2048x1365.jpg 2048w, https:\/\/www.ufpb.br\/cga\/wp-content\/uploads\/sites\/79\/sites\/365\/2026\/03\/hikers-walking-up-stairs-272x182.jpg 272w\" sizes=\"auto, (max-width: 1024px) 100vw, 1024px\" \/><figcaption class=\"wp-element-caption\">Fonte: Freepik<\/figcaption><\/figure>\n<\/div>\n\n\n<p class=\"has-medium-font-size\">Para que o turismo seja verdadeiramente sustent\u00e1vel, ele deve ser sustentado pelo <strong>Trip\u00e9 da Sustentabilidade<\/strong>, conceito amplamente debatido em nossas salas de aula e laborat\u00f3rios:<\/p>\n\n\n\n<ol start=\"1\" class=\"wp-block-list\">\n<li><strong>Dimens\u00e3o Econ\u00f4mica:<\/strong> Fomento aos neg\u00f3cios locais e inclus\u00e3o de mercados que respeitem pr\u00e1ticas tradicionais, garantindo a viabilidade financeira sem explora\u00e7\u00e3o predat\u00f3ria.<\/li>\n\n\n\n<li><strong>Dimens\u00e3o Social:<\/strong> Garantia de que a atividade tur\u00edstica sirva aos interesses da popula\u00e7\u00e3o local, preservando o patrim\u00f4nio hist\u00f3rico e cultural e assegurando condi\u00e7\u00f5es dignas de trabalho.<\/li>\n\n\n\n<li><strong>Dimens\u00e3o Ambiental:<\/strong> Mitiga\u00e7\u00e3o de danos aos ecossistemas atrav\u00e9s de mecanismos rigorosos de visita\u00e7\u00e3o, fiscaliza\u00e7\u00e3o e gest\u00e3o de res\u00edduos.<\/li>\n<\/ol>\n\n\n\n<h3 class=\"wp-block-heading\">A Responsabilidade em Solo Paraibano<\/h3>\n\n\n\n<p class=\"has-medium-font-size\">Jo\u00e3o Pessoa e o estado da Para\u00edba possuem um patrim\u00f4nio natural vasto. A preserva\u00e7\u00e3o da Mata Atl\u00e2ntica, de suas praias e reservas naturais e a correta infraestrutura para o turismo sustent\u00e1vel s\u00e3o essenciais para que o estado cres\u00e7a preservando seu capital natural. A universidade, atrav\u00e9s da pesquisa e extens\u00e3o, desempenha um papel crucial na cria\u00e7\u00e3o de diretrizes que impe\u00e7am que o turismo consuma o ambiente em vez de cuid\u00e1-lo.<\/p>\n\n\n\n<h3 class=\"wp-block-heading\">Guia para uma Atitude Sustent\u00e1vel (Comunidade UFPB)<\/h3>\n\n\n\n<p class=\"has-medium-font-size\">Como membros da comunidade acad\u00eamica, devemos ser os primeiros a dar o exemplo em nossas viagens e sa\u00eddas de campo:<\/p>\n\n\n\n<ul class=\"wp-block-list\">\n<li><strong>Priorize o Local:<\/strong> Consuma de pequenos produtores e guias da regi\u00e3o, procure comprar de artes\u00e3os locais, aproveite para conhecer a culin\u00e1ria local.<\/li>\n\n\n\n<li><strong>Respeito \u00e0s Normas:<\/strong> Siga rigorosamente as regras de visita\u00e7\u00e3o de Parques Nacionais e Reservas.<\/li>\n\n\n\n<li><strong>Integridade Ecossist\u00eamica:<\/strong> N\u00e3o retire amostras naturais (conchas, plantas ou pedras) e assegure o manejo correto dos seus res\u00edduos, leve uma sacolinha para recolh\u00ea-los.<\/li>\n\n\n\n<li><strong>Visite o que est\u00e1 perto:<\/strong> Valorize as Unidades de Conserva\u00e7\u00e3o do nosso estado antes de buscar destinos distantes.<\/li>\n<\/ul>\n\n\n\n<blockquote class=\"wp-block-quote is-layout-flow wp-block-quote-is-layout-flow\">\n<p><\/p>\n<\/blockquote>\n\n\n<div class=\"wp-block-image\">\n<figure class=\"aligncenter size-full is-resized\"><img loading=\"lazy\" decoding=\"async\" width=\"768\" height=\"434\" src=\"https:\/\/www.ufpb.br\/cga\/wp-content\/uploads\/sites\/79\/sites\/365\/2026\/03\/image-1.png\" alt=\"\" class=\"wp-image-1552\" style=\"aspect-ratio:1.7696072936516833;width:572px;height:auto\" srcset=\"https:\/\/www.ufpb.br\/cga\/wp-content\/uploads\/sites\/79\/sites\/365\/2026\/03\/image-1.png 768w, https:\/\/www.ufpb.br\/cga\/wp-content\/uploads\/sites\/79\/sites\/365\/2026\/03\/image-1-300x170.png 300w\" sizes=\"auto, (max-width: 768px) 100vw, 768px\" \/><figcaption class=\"wp-element-caption\">Cachoeira da Bica Grande (Natuba, PB) \u2013 Foto: Para\u00edba Criativa<\/figcaption><\/figure>\n<\/div>\n\n\n<p class=\"has-text-align-left has-medium-font-size\">A Para\u00edba possui uma rede rica de Unidades de Conserva\u00e7\u00e3o (UCs) que exemplificam o turismo ecol\u00f3gico em diferentes biomas. Abaixo, listo os principais destinos, categorizados por bioma e tipo de experi\u00eancia:<\/p>\n\n\n\n<h3 class=\"wp-block-heading\">1. Mata Atl\u00e2ntica e Ecossistemas Litor\u00e2neos<\/h3>\n\n\n\n<ul class=\"wp-block-list\">\n<li><strong>Jardim Bot\u00e2nico Benjamin Maranh\u00e3o (Mata do Buraquinho, Jo\u00e3o Pessoa):<\/strong> Localizado no cora\u00e7\u00e3o da capital, \u00e9 um remanescente vital de Mata Atl\u00e2ntica. \u00c9 um destino cl\u00e1ssico para <strong>educa\u00e7\u00e3o ambiental<\/strong>, com trilhas interpretativas que abordam a biodiversidade e a prote\u00e7\u00e3o de mananciais.<\/li>\n\n\n\n<li><strong>Parque Zoobot\u00e2nico Arruda C\u00e2mara (A Bica):<\/strong> Um \u00edcone de Jo\u00e3o Pessoa que une lazer e educa\u00e7\u00e3o. Para a comunidade acad\u00eamica, a Bica \u00e9 um espa\u00e7o estrat\u00e9gico para estudos sobre bem-estar animal, bot\u00e2nica urbana e a import\u00e2ncia da preserva\u00e7\u00e3o das nascentes que alimentam nossa cidade.<\/li>\n\n\n\n<li><strong>APA da Barra do Rio Mamanguape (Rio Tinto\/Marca\u00e7\u00e3o):<\/strong> Um dos maiores santu\u00e1rios do <strong>peixe-boi-marinho<\/strong> no Brasil. O local combina manguezais, estu\u00e1rios e a cultura das comunidades potiguaras, sendo um exemplo pr\u00e1tico de conserva\u00e7\u00e3o de esp\u00e9cie amea\u00e7ada aliada ao turismo de base comunit\u00e1ria.<\/li>\n\n\n\n<li><strong>Parque Estadual Marinho de Areia Vermelha (Cabedelo):<\/strong> Unidade de Conserva\u00e7\u00e3o focada na preserva\u00e7\u00e3o de recifes de coral. \u00c9 um ponto cr\u00edtico para debates sobre o impacto do turismo de massa e a import\u00e2ncia de planos de manejo rigorosos.<\/li>\n\n\n\n<li><strong>APA de Tambaba (Conde):<\/strong> Al\u00e9m das praias, a \u00e1rea protege fal\u00e9sias e remanescentes de floresta, com zonas espec\u00edficas para trilhas de baixo impacto e observa\u00e7\u00e3o da natureza.<\/li>\n<\/ul>\n\n\n\n<h3 class=\"wp-block-heading\">2. Caatinga e Brejos de Altitude<\/h3>\n\n\n\n<ul class=\"wp-block-list\">\n<li><strong>Parque Estadual da Pedra da Boca (Araruna):<\/strong> Um dos destinos mais emblem\u00e1ticos para o ecoturismo de aventura (rapel e escalada) e estudos geol\u00f3gicos. O parque \u00e9 um laborat\u00f3rio vivo para observar a transi\u00e7\u00e3o de ecossistemas e pinturas rupestres.<\/li>\n\n\n\n<li><strong>Parque Estadual Mata do Pau Ferro (Areia):<\/strong> Um &#8220;brejo de altitude&#8221; que guarda uma biodiversidade \u00fanica de mata \u00famida em pleno semi\u00e1rido. \u00c9 um destino excelente para observa\u00e7\u00e3o de aves e trilhas que destacam o microclima da regi\u00e3o.<\/li>\n\n\n\n<li><strong>Parque Ecol\u00f3gico de Natuba (Natuba)<\/strong>: O ecoturismo \u00e9 uma das principais atra\u00e7\u00f5es do setor tur\u00edstico no munic\u00edpio. A regi\u00e3o \u00e9 rica em vales, cachoeiras e pared\u00f5es rochosos, o que atrai praticantes de esportes radicais, al\u00e9m de amantes de trilhas, acampamentos e da contempla\u00e7\u00e3o da natureza. O espa\u00e7o \u00e9 aberto \u00e0 visita\u00e7\u00e3o e abriga uma extensa \u00e1rea verde, com piscinas naturais, barragens e cachoeiras, como a Cachoeira da Bica Grande.<\/li>\n<\/ul>\n\n\n\n<h3 class=\"wp-block-heading\">3. Patrim\u00f4nio Paleontol\u00f3gico<\/h3>\n\n\n\n<ul class=\"wp-block-list\">\n<li><strong>Monumento Natural Vale dos Dinossauros (Sousa):<\/strong> Uma das Unidades de Conserva\u00e7\u00e3o mais importantes do mundo para a paleontologia. Possui trilhas que levam a pegadas fossilizadas, sendo um destino indispens\u00e1vel para o turismo cient\u00edfico e educativo.<\/li>\n\n\n\n<li><strong>Lajedo do Pai Mateus e APA do Cariri (Cabaceiras):<\/strong> Famoso por suas forma\u00e7\u00f5es rochosas gran\u00edticas, o local \u00e9 essencial para o estudo da arqueologia e paleontologia na Para\u00edba, al\u00e9m de ser um modelo de preserva\u00e7\u00e3o em \u00e1reas privadas.<\/li>\n<\/ul>\n\n\n\n<hr class=\"wp-block-separator has-alpha-channel-opacity\" \/>\n\n\n\n<p class=\"has-text-align-center has-large-font-size\"><strong>&#8220;Da natureza nada se tira a n\u00e3o ser fotos. <\/strong><\/p>\n\n\n\n<p class=\"has-text-align-center has-large-font-size\"><strong>Nada se deixa a n\u00e3o ser pegadas. <\/strong><\/p>\n\n\n\n<p class=\"has-text-align-center has-large-font-size\"><strong>Nada se leva a n\u00e3o ser recorda\u00e7\u00f5es&#8221;<\/strong><\/p>\n\n\n<div class=\"wp-block-image\">\n<figure class=\"aligncenter size-full is-resized\"><img loading=\"lazy\" decoding=\"async\" width=\"82\" height=\"103\" src=\"http:\/\/www.ufpb.br\/cga\/wp-content\/uploads\/sites\/79\/sites\/365\/2026\/04\/Icone-verde.png\" alt=\"\" class=\"wp-image-1909\" style=\"aspect-ratio:0.7960995205390696;width:168px;height:auto\" \/><\/figure>\n<\/div>","protected":false},"excerpt":{"rendered":"<p>O Papel da Academia na Consolida\u00e7\u00e3o da Sustentabilidade No dia 1\u00ba de mar\u00e7o, celebramos o [&hellip;]<\/p>\n","protected":false},"author":397,"featured_media":1553,"comment_status":"closed","ping_status":"closed","sticky":false,"template":"","format":"standard","meta":{"footnotes":""},"categories":[71],"tags":[87,92],"class_list":["post-1549","post","type-post","status-publish","format-standard","has-post-thumbnail","hentry","category-calendarios","tag-paraiba","tag-turismo-ecologico"],"_links":{"self":[{"href":"https:\/\/www.ufpb.br\/cga\/wp-json\/wp\/v2\/posts\/1549","targetHints":{"allow":["GET"]}}],"collection":[{"href":"https:\/\/www.ufpb.br\/cga\/wp-json\/wp\/v2\/posts"}],"about":[{"href":"https:\/\/www.ufpb.br\/cga\/wp-json\/wp\/v2\/types\/post"}],"author":[{"embeddable":true,"href":"https:\/\/www.ufpb.br\/cga\/wp-json\/wp\/v2\/users\/397"}],"replies":[{"embeddable":true,"href":"https:\/\/www.ufpb.br\/cga\/wp-json\/wp\/v2\/comments?post=1549"}],"version-history":[{"count":2,"href":"https:\/\/www.ufpb.br\/cga\/wp-json\/wp\/v2\/posts\/1549\/revisions"}],"predecessor-version":[{"id":1933,"href":"https:\/\/www.ufpb.br\/cga\/wp-json\/wp\/v2\/posts\/1549\/revisions\/1933"}],"wp:featuredmedia":[{"embeddable":true,"href":"https:\/\/www.ufpb.br\/cga\/wp-json\/wp\/v2\/media\/1553"}],"wp:attachment":[{"href":"https:\/\/www.ufpb.br\/cga\/wp-json\/wp\/v2\/media?parent=1549"}],"wp:term":[{"taxonomy":"category","embeddable":true,"href":"https:\/\/www.ufpb.br\/cga\/wp-json\/wp\/v2\/categories?post=1549"},{"taxonomy":"post_tag","embeddable":true,"href":"https:\/\/www.ufpb.br\/cga\/wp-json\/wp\/v2\/tags?post=1549"}],"curies":[{"name":"wp","href":"https:\/\/api.w.org\/{rel}","templated":true}]}}