{"id":1656,"date":"2026-03-21T08:00:00","date_gmt":"2026-03-21T11:00:00","guid":{"rendered":"https:\/\/www.ufpb.br\/cga\/?p=1656"},"modified":"2026-04-22T12:03:26","modified_gmt":"2026-04-22T15:03:26","slug":"dia-internacional-das-florestas-e-arvores","status":"publish","type":"post","link":"https:\/\/www.ufpb.br\/cga\/calendarios\/dia-internacional-das-florestas-e-arvores\/","title":{"rendered":"21 de mar\u00e7o &#8211; Dia Internacional das Florestas e \u00c1rvores"},"content":{"rendered":"<div class=\"wp-block-image\">\n<figure class=\"aligncenter size-full is-resized\"><img loading=\"lazy\" decoding=\"async\" width=\"640\" height=\"480\" src=\"https:\/\/www.ufpb.br\/cga\/wp-content\/uploads\/sites\/79\/sites\/365\/2026\/03\/image-25.png\" alt=\"\" class=\"wp-image-1667\" style=\"aspect-ratio:1.3333441843810019;width:500px;height:auto\" srcset=\"https:\/\/www.ufpb.br\/cga\/wp-content\/uploads\/sites\/79\/sites\/365\/2026\/03\/image-25.png 640w, https:\/\/www.ufpb.br\/cga\/wp-content\/uploads\/sites\/79\/sites\/365\/2026\/03\/image-25-300x225.png 300w\" sizes=\"auto, (max-width: 640px) 100vw, 640px\" \/><figcaption class=\"wp-element-caption\">Mata Pau Ferro &#8211; Areia, PB<\/figcaption><\/figure>\n<\/div>\n\n\n<p class=\"has-medium-font-size\">Em 21 de mar\u00e7o, celebramos o Dia Internacional das Florestas<strong>,<\/strong> uma data institu\u00edda pela ONU para lembrar que o futuro da humanidade est\u00e1 intrinsecamente ligado \u00e0 preserva\u00e7\u00e3o das nossas matas. Seja em uma selva densa ou em um pequeno bosque, cada \u00e1rea verde desempenha um papel crucial na manuten\u00e7\u00e3o da vida.<\/p>\n\n\n\n<figure class=\"wp-block-image size-full\"><img loading=\"lazy\" decoding=\"async\" width=\"908\" height=\"432\" src=\"https:\/\/www.ufpb.br\/cga\/wp-content\/uploads\/sites\/79\/sites\/365\/2026\/03\/image-26.png\" alt=\"\" class=\"wp-image-1668\" srcset=\"https:\/\/www.ufpb.br\/cga\/wp-content\/uploads\/sites\/79\/sites\/365\/2026\/03\/image-26.png 908w, https:\/\/www.ufpb.br\/cga\/wp-content\/uploads\/sites\/79\/sites\/365\/2026\/03\/image-26-300x143.png 300w, https:\/\/www.ufpb.br\/cga\/wp-content\/uploads\/sites\/79\/sites\/365\/2026\/03\/image-26-768x365.png 768w\" sizes=\"auto, (max-width: 908px) 100vw, 908px\" \/><\/figure>\n\n\n\n<p class=\"has-medium-font-size\">As florestas s\u00e3o verdadeiros santu\u00e1rios, servindo de lar para <strong>80% de todas as esp\u00e9cies terrestres conhecidas<\/strong>. Al\u00e9m de protegerem a biodiversidade, elas s\u00e3o motores econ\u00f4micos e sociais para comunidades em todo o mundo.<\/p>\n\n\n\n<p class=\"has-medium-font-size\">Infelizmente, a press\u00e3o pela explora\u00e7\u00e3o sem limites coloca esses ecossistemas em risco. Precisamos agir agora: promover o manejo sustent\u00e1vel n\u00e3o \u00e9 apenas uma escolha ambiental, \u00e9 uma necessidade urgente para garantirmos a sobreviv\u00eancia e o bem-estar das pr\u00f3ximas gera\u00e7\u00f5es.<\/p>\n\n\n\n<h3 class=\"wp-block-heading\">O Fen\u00f4meno dos &#8220;Rios Voadores&#8221;<\/h3>\n\n\n\n<p class=\"has-medium-font-size\">Voc\u00ea sabia que a Floresta Amaz\u00f4nica coloca na atmosfera uma quantidade de \u00e1gua compar\u00e1vel ao des\u00e1gue do Rio Amazonas no Oceano Atl\u00e2ntico? Esse fen\u00f4meno, conhecido como <strong>Rios Voadores<\/strong>, \u00e9 resultado da transpira\u00e7\u00e3o das \u00e1rvores, que bombeiam volumes gigantescos de vapor de \u00e1gua diariamente.<\/p>\n\n\n<div class=\"wp-block-image\">\n<figure class=\"aligncenter size-large is-resized\"><img loading=\"lazy\" decoding=\"async\" width=\"1024\" height=\"559\" src=\"https:\/\/www.ufpb.br\/cga\/wp-content\/uploads\/sites\/79\/sites\/365\/2026\/03\/image-19-1024x559.png\" alt=\"\" class=\"wp-image-1657\" style=\"aspect-ratio:1.8318570378679457;width:558px;height:auto\" srcset=\"https:\/\/www.ufpb.br\/cga\/wp-content\/uploads\/sites\/79\/sites\/365\/2026\/03\/image-19-1024x559.png 1024w, https:\/\/www.ufpb.br\/cga\/wp-content\/uploads\/sites\/79\/sites\/365\/2026\/03\/image-19-300x164.png 300w, https:\/\/www.ufpb.br\/cga\/wp-content\/uploads\/sites\/79\/sites\/365\/2026\/03\/image-19-768x419.png 768w, https:\/\/www.ufpb.br\/cga\/wp-content\/uploads\/sites\/79\/sites\/365\/2026\/03\/image-19.png 1408w\" sizes=\"auto, (max-width: 1024px) 100vw, 1024px\" \/><\/figure>\n<\/div>\n\n\n<p><\/p>\n\n\n\n<p class=\"has-medium-font-size\">O processo de transformar a \u00e1gua l\u00edquida do solo em vapor na atmosfera consome uma quantidade enorme de energia na forma de calor. \u00c9 por isso que \u00e1reas arborizadas s\u00e3o significativamente mais frescas: as \u00e1rvores atuam como um &#8220;ar-condicionado natural&#8221;, absorvendo o calor do ambiente para realizar suas fun\u00e7\u00f5es vitais.<\/p>\n\n\n\n<h3 class=\"wp-block-heading\">Por que as cidades est\u00e3o cada vez mais quentes?<\/h3>\n\n\n\n<p class=\"has-medium-font-size\">Infelizmente, assistimos as \u00e1reas verdes urbanas perderem espa\u00e7o para a especula\u00e7\u00e3o imobili\u00e1ria e para obras de infraestrutura que nem sempre priorizam a sustentabilidade. <a href=\"https:\/\/caosplanejado.com\/as-cidades-estao-cada-vez-mais-quentes-mas-infraestruturas-melhores-podem-amenizar-o-calor\/\">As cidades est\u00e3o cada vez mais quentes!<\/a> Argumentos para a remo\u00e7\u00e3o de \u00e1rvores n\u00e3o faltam: <em>&#8220;Suja demais&#8221;<\/em>, <em>&#8220;Quebra a cal\u00e7ada&#8221;<\/em>, <em>&#8220;Prejudica a fia\u00e7\u00e3o&#8221;<\/em> ou <em>&#8220;Atrapalha as instala\u00e7\u00f5es subterr\u00e2neas&#8221;<\/em>. No entanto, o custo de priorizar o cimento em detrimento do verde \u00e9 alto.<\/p>\n\n\n\n<p class=\"has-medium-font-size\"><\/p>\n\n\n<div class=\"wp-block-image\">\n<figure class=\"aligncenter size-full is-resized\"><img loading=\"lazy\" decoding=\"async\" width=\"681\" height=\"680\" src=\"https:\/\/www.ufpb.br\/cga\/wp-content\/uploads\/sites\/79\/sites\/365\/2026\/03\/image-21.png\" alt=\"\" class=\"wp-image-1659\" style=\"aspect-ratio:1.0014936348177765;width:541px;height:auto\" srcset=\"https:\/\/www.ufpb.br\/cga\/wp-content\/uploads\/sites\/79\/sites\/365\/2026\/03\/image-21.png 681w, https:\/\/www.ufpb.br\/cga\/wp-content\/uploads\/sites\/79\/sites\/365\/2026\/03\/image-21-300x300.png 300w, https:\/\/www.ufpb.br\/cga\/wp-content\/uploads\/sites\/79\/sites\/365\/2026\/03\/image-21-150x150.png 150w\" sizes=\"auto, (max-width: 681px) 100vw, 681px\" \/><figcaption class=\"wp-element-caption\">Fonte: <a href=\"https:\/\/www.instagram.com\/p\/DVY6JRikVDG\/\" target=\"_blank\" rel=\"noreferrer noopener\">https:\/\/www.instagram.com\/p\/DVY6JRikVDG\/<\/a><\/figcaption><\/figure>\n<\/div>\n\n\n<p class=\"has-medium-font-size\">Nas \u00e1reas urbanas e rurais, a cultura do desmatamento desenfreado tem causado aumentos significativos na sensa\u00e7\u00e3o t\u00e9rmica. Sem \u00e1rvores, perdemos o controle clim\u00e1tico, o que resulta em:<\/p>\n\n\n\n<ul class=\"wp-block-list\">\n<li><strong>Ilhas de Calor:<\/strong> O asfalto e o concreto ret\u00eam calor, elevando severamente a temperatura local.<\/li>\n\n\n\n<li><strong>Inseguran\u00e7a H\u00eddrica:<\/strong> Sem a prote\u00e7\u00e3o das copas e a a\u00e7\u00e3o das ra\u00edzes, as chuvas tornam-se escassas e o solo perde a capacidade de recarregar os len\u00e7\u00f3is fre\u00e1ticos que alimentam nossos rios e nascentes.<\/li>\n\n\n\n<li><strong>Desequil\u00edbrio Produtivo:<\/strong> A falta de umidade afeta diretamente a produ\u00e7\u00e3o de alimentos e o bem-estar da popula\u00e7\u00e3o.<\/li>\n<\/ul>\n\n\n\n<h3 class=\"wp-block-heading\">Reflorestar: Uma Quest\u00e3o de Sobreviv\u00eancia<\/h3>\n\n\n<div class=\"wp-block-image\">\n<figure class=\"aligncenter size-full is-resized\"><img loading=\"lazy\" decoding=\"async\" width=\"768\" height=\"512\" src=\"https:\/\/www.ufpb.br\/cga\/wp-content\/uploads\/sites\/79\/sites\/365\/2026\/03\/image-22.png\" alt=\"\" class=\"wp-image-1660\" style=\"aspect-ratio:1.4999841636841604;width:539px;height:auto\" srcset=\"https:\/\/www.ufpb.br\/cga\/wp-content\/uploads\/sites\/79\/sites\/365\/2026\/03\/image-22.png 768w, https:\/\/www.ufpb.br\/cga\/wp-content\/uploads\/sites\/79\/sites\/365\/2026\/03\/image-22-300x200.png 300w, https:\/\/www.ufpb.br\/cga\/wp-content\/uploads\/sites\/79\/sites\/365\/2026\/03\/image-22-272x182.png 272w\" sizes=\"auto, (max-width: 768px) 100vw, 768px\" \/><\/figure>\n<\/div>\n\n\n<p><\/p>\n\n\n\n<p class=\"has-medium-font-size\">Entender o papel das florestas \u00e9 perceber que <strong>reflorestar \u00e9 a solu\u00e7\u00e3o tecnol\u00f3gica mais eficiente<\/strong> que temos contra as mudan\u00e7as clim\u00e1ticas. Al\u00e9m de resfriar o planeta e garantir a seguran\u00e7a h\u00eddrica, as \u00e1rvores retiram o excesso de CO\u2082 da atmosfera, combatendo o efeito estufa na raiz do problema. A <a href=\"https:\/\/www.joaopessoa.pb.gov.br\/noticias\/joao-pessoa-conquista-selo-de-cidades-arvores-do-mundo-pela-3a-vez-com-meta-de-plantar-500-mil-mudas-ate-2030\/\" target=\"_blank\" rel=\"noreferrer noopener\">Prefeitura de Jo\u00e3o Pessoa, por meio da Secretaria de Meio Ambiente (Semam)<\/a> tem feito um esfor\u00e7o para fazer com que a capital paraibana volte a ser a mais verde do mundo. <\/p>\n\n\n\n<p class=\"has-medium-font-size\">Restaurar a vegeta\u00e7\u00e3o \u00e9, acima de tudo, restaurar nossa pr\u00f3pria condi\u00e7\u00e3o de vida. Somos parte da natureza e nossa sobreviv\u00eancia depende diretamente do equil\u00edbrio que s\u00f3 as florestas conseguem manter.<\/p>\n\n\n\n<hr class=\"wp-block-separator has-alpha-channel-opacity\" \/>\n\n\n\n<p class=\"has-text-align-center has-large-font-size\"> &#8220;O que estamos fazendo \u00e0s florestas do mundo \u00e9 apenas um reflexo do que estamos fazendo a n\u00f3s mesmos e uns aos outros&#8221;<\/p>\n\n\n\n<p class=\"has-text-align-right\"><strong>Mahatma Gandhi<\/strong><\/p>\n\n\n<div class=\"wp-block-image\">\n<figure class=\"aligncenter size-full is-resized\"><img loading=\"lazy\" decoding=\"async\" width=\"82\" height=\"103\" src=\"http:\/\/www.ufpb.br\/cga\/wp-content\/uploads\/sites\/79\/sites\/365\/2026\/04\/Icone-verde.png\" alt=\"\" class=\"wp-image-1909\" style=\"aspect-ratio:0.7963272120200334;width:238px;height:auto\" \/><\/figure>\n<\/div>","protected":false},"excerpt":{"rendered":"<p>Em 21 de mar\u00e7o, celebramos o Dia Internacional das Florestas, uma data institu\u00edda pela ONU [&hellip;]<\/p>\n","protected":false},"author":397,"featured_media":1668,"comment_status":"closed","ping_status":"closed","sticky":false,"template":"","format":"standard","meta":{"footnotes":""},"categories":[71],"tags":[101,6,100,9],"class_list":["post-1656","post","type-post","status-publish","format-standard","has-post-thumbnail","hentry","category-calendarios","tag-aquecimento-global","tag-cga","tag-florestas","tag-sustentabilidade"],"_links":{"self":[{"href":"https:\/\/www.ufpb.br\/cga\/wp-json\/wp\/v2\/posts\/1656","targetHints":{"allow":["GET"]}}],"collection":[{"href":"https:\/\/www.ufpb.br\/cga\/wp-json\/wp\/v2\/posts"}],"about":[{"href":"https:\/\/www.ufpb.br\/cga\/wp-json\/wp\/v2\/types\/post"}],"author":[{"embeddable":true,"href":"https:\/\/www.ufpb.br\/cga\/wp-json\/wp\/v2\/users\/397"}],"replies":[{"embeddable":true,"href":"https:\/\/www.ufpb.br\/cga\/wp-json\/wp\/v2\/comments?post=1656"}],"version-history":[{"count":4,"href":"https:\/\/www.ufpb.br\/cga\/wp-json\/wp\/v2\/posts\/1656\/revisions"}],"predecessor-version":[{"id":1923,"href":"https:\/\/www.ufpb.br\/cga\/wp-json\/wp\/v2\/posts\/1656\/revisions\/1923"}],"wp:featuredmedia":[{"embeddable":true,"href":"https:\/\/www.ufpb.br\/cga\/wp-json\/wp\/v2\/media\/1668"}],"wp:attachment":[{"href":"https:\/\/www.ufpb.br\/cga\/wp-json\/wp\/v2\/media?parent=1656"}],"wp:term":[{"taxonomy":"category","embeddable":true,"href":"https:\/\/www.ufpb.br\/cga\/wp-json\/wp\/v2\/categories?post=1656"},{"taxonomy":"post_tag","embeddable":true,"href":"https:\/\/www.ufpb.br\/cga\/wp-json\/wp\/v2\/tags?post=1656"}],"curies":[{"name":"wp","href":"https:\/\/api.w.org\/{rel}","templated":true}]}}