{"id":1736,"date":"2026-03-29T08:00:00","date_gmt":"2026-03-29T11:00:00","guid":{"rendered":"https:\/\/www.ufpb.br\/cga\/?p=1736"},"modified":"2026-04-22T11:51:51","modified_gmt":"2026-04-22T14:51:51","slug":"dia-internacional-do-lixo-zero","status":"publish","type":"post","link":"https:\/\/www.ufpb.br\/cga\/institucional\/dia-internacional-do-lixo-zero\/","title":{"rendered":"30 de mar\u00e7o &#8211; Dia Internacional do Lixo Zero"},"content":{"rendered":"<div class=\"wp-block-image\">\n<figure class=\"aligncenter size-full is-resized\"><img loading=\"lazy\" decoding=\"async\" width=\"794\" height=\"561\" src=\"https:\/\/www.ufpb.br\/cga\/wp-content\/uploads\/sites\/79\/sites\/365\/2026\/03\/image-45.png\" alt=\"\" class=\"wp-image-1739\" style=\"aspect-ratio:1.4153616258218769;width:532px;height:auto\" srcset=\"https:\/\/www.ufpb.br\/cga\/wp-content\/uploads\/sites\/79\/sites\/365\/2026\/03\/image-45.png 794w, https:\/\/www.ufpb.br\/cga\/wp-content\/uploads\/sites\/79\/sites\/365\/2026\/03\/image-45-300x212.png 300w, https:\/\/www.ufpb.br\/cga\/wp-content\/uploads\/sites\/79\/sites\/365\/2026\/03\/image-45-768x543.png 768w\" sizes=\"auto, (max-width: 794px) 100vw, 794px\" \/><\/figure>\n<\/div>\n\n\n<p class=\"has-text-align-center\">Fonte: <a href=\"https:\/\/jornalismojunior.com.br\/a-ciencia-em-wall-e\/\" target=\"_blank\" rel=\"noreferrer noopener\">https:\/\/jornalismojunior.com.br\/a-ciencia-em-wall-e\/<\/a><\/p>\n\n\n\n<p class=\"has-medium-font-size\">Voc\u00ea j\u00e1 parou para pensar no caminho que o lixo percorre ap\u00f3s sair das suas m\u00e3os? Celebrado anualmente em <strong>30 de mar\u00e7o<\/strong>, o <strong><a href=\"https:\/\/www.unep.org\/events\/un-day\/international-day-zero-waste-2026\" target=\"_blank\" rel=\"noreferrer noopener\">Dia Internacional do Lixo Zero<\/a><\/strong> foi institu\u00eddo pela ONU em 2022 para nos alertar: o modelo de consumo atual \u00e9 insustent\u00e1vel, mas a mudan\u00e7a est\u00e1 ao nosso alcance.<\/p>\n\n\n\n<h3 class=\"wp-block-heading\"><strong>O Cen\u00e1rio Global: N\u00fameros que Assustam<\/strong><\/h3>\n\n\n<div class=\"wp-block-image\">\n<figure class=\"aligncenter size-large is-resized\"><img loading=\"lazy\" decoding=\"async\" width=\"1024\" height=\"576\" src=\"https:\/\/www.ufpb.br\/cga\/wp-content\/uploads\/sites\/79\/sites\/365\/2026\/03\/man-collecting-scattered-plastic-bottles-from-ground-1024x576.jpg\" alt=\"\" class=\"wp-image-1743\" style=\"aspect-ratio:1.7778361738869284;width:516px;height:auto\" srcset=\"https:\/\/www.ufpb.br\/cga\/wp-content\/uploads\/sites\/79\/sites\/365\/2026\/03\/man-collecting-scattered-plastic-bottles-from-ground-1024x576.jpg 1024w, https:\/\/www.ufpb.br\/cga\/wp-content\/uploads\/sites\/79\/sites\/365\/2026\/03\/man-collecting-scattered-plastic-bottles-from-ground-300x169.jpg 300w, https:\/\/www.ufpb.br\/cga\/wp-content\/uploads\/sites\/79\/sites\/365\/2026\/03\/man-collecting-scattered-plastic-bottles-from-ground-768x432.jpg 768w, https:\/\/www.ufpb.br\/cga\/wp-content\/uploads\/sites\/79\/sites\/365\/2026\/03\/man-collecting-scattered-plastic-bottles-from-ground-1536x864.jpg 1536w, https:\/\/www.ufpb.br\/cga\/wp-content\/uploads\/sites\/79\/sites\/365\/2026\/03\/man-collecting-scattered-plastic-bottles-from-ground-2048x1152.jpg 2048w\" sizes=\"auto, (max-width: 1024px) 100vw, 1024px\" \/><figcaption class=\"wp-element-caption\">Fonte: Freepik<\/figcaption><\/figure>\n<\/div>\n\n\n<p class=\"has-medium-font-size\">Segundo o Programa das Na\u00e7\u00f5es Unidas para o Meio Ambiente (PNUMA\/2024), a humanidade gera entre <strong>2,1 e 2,3 bilh\u00f5es de toneladas<\/strong> de res\u00edduos s\u00f3li<\/p>\n\n\n\n<p class=\"has-medium-font-size\">os urbanos por ano. Se n\u00e3o agirmos agora, esse n\u00famero saltar\u00e1 para <strong>3,8 bilh\u00f5es at\u00e9 2050<\/strong>.<\/p>\n\n\n\n<p class=\"has-medium-font-size\">A falta de gest\u00e3o adequada n\u00e3o \u00e9 apenas um problema est\u00e9tico; ela alimenta a &#8220;tripla crise planet\u00e1ria&#8221;:<\/p>\n\n\n\n<ol start=\"1\" class=\"wp-block-list\">\n<li><strong>Mudan\u00e7as clim\u00e1ticas<\/strong>;<\/li>\n\n\n\n<li><strong>Perda de biodiversidade<\/strong>;<\/li>\n\n\n\n<li><strong>Polui\u00e7\u00e3o desenfreada<\/strong>.<\/li>\n<\/ol>\n\n\n\n<h3 class=\"wp-block-heading\"><strong>E no Brasil? O desafio dos &#8220;2.000 Maracan\u00e3s&#8221;<\/strong><\/h3>\n\n\n\n<p class=\"has-medium-font-size\">O Brasil produz cerca de <strong>80 milh\u00f5es de toneladas<\/strong> de res\u00edduos por ano \u2014 o suficiente para encher dois mil est\u00e1dios do Maracan\u00e3! No entanto, enfrentamos gargalos cr\u00edticos:<\/p>\n\n\n\n<ul class=\"wp-block-list\">\n<li><strong>Baixa Reciclagem:<\/strong> Apenas <strong>4%<\/strong> desse total \u00e9 reciclado.<\/li>\n\n\n\n<li><strong>Descarte Inadequado:<\/strong> 40% dos res\u00edduos ainda v\u00e3o para lix\u00f5es ou aterros controlados, contaminando o solo e as \u00e1guas subterr\u00e2neas.<\/li>\n\n\n\n<li><strong>Carga Tribut\u00e1ria:<\/strong> A bitributa\u00e7\u00e3o (ICMS) sobre materiais reciclados dificulta o retorno desses itens \u00e0 cadeia produtiva.<\/li>\n<\/ul>\n\n\n\n<h3 class=\"wp-block-heading\"><strong>Compromisso com a Agenda 2030<\/strong><\/h3>\n\n\n\n<h3 class=\"wp-block-heading\"><strong>Res\u00edduo Zero e os Objetivos de Desenvolvimento Sustent\u00e1vel (ODS)<\/strong><\/h3>\n\n\n<div class=\"wp-block-image\">\n<figure class=\"aligncenter size-full\"><img loading=\"lazy\" decoding=\"async\" width=\"866\" height=\"645\" src=\"https:\/\/www.ufpb.br\/cga\/wp-content\/uploads\/sites\/79\/sites\/365\/2026\/03\/image-46.png\" alt=\"\" class=\"wp-image-1747\" srcset=\"https:\/\/www.ufpb.br\/cga\/wp-content\/uploads\/sites\/79\/sites\/365\/2026\/03\/image-46.png 866w, https:\/\/www.ufpb.br\/cga\/wp-content\/uploads\/sites\/79\/sites\/365\/2026\/03\/image-46-300x223.png 300w, https:\/\/www.ufpb.br\/cga\/wp-content\/uploads\/sites\/79\/sites\/365\/2026\/03\/image-46-768x572.png 768w\" sizes=\"auto, (max-width: 866px) 100vw, 866px\" \/><\/figure>\n<\/div>\n\n\n<p class=\"has-medium-font-size\">A estrat\u00e9gia de &#8220;Lixo Zero&#8221; \u00e9 um pilar central para a <strong>Agenda 2030<\/strong>. Ao adotarmos pr\u00e1ticas de redu\u00e7\u00e3o e reciclagem, impactamos diretamente quatro <strong>Objetivos de Desenvolvimento Sustent\u00e1vel (ODS)<\/strong>, especialmente::<\/p>\n\n\n\n<ul class=\"wp-block-list\">\n<li><strong>ODS 06 (\u00c1gua pot\u00e1vel e saneamento):<\/strong> Menos res\u00edduos significam \u00e1guas mais puras para o consumo humano.<\/li>\n\n\n\n<li><strong>ODS 11 (Cidades Sustent\u00e1veis):<\/strong> Tornar os assentamentos humanos mais resilientes e seguros atrav\u00e9s de uma gest\u00e3o de res\u00edduos eficiente.<\/li>\n\n\n\n<li><strong>ODS 12 (Consumo e Produ\u00e7\u00e3o Respons\u00e1veis):<\/strong> Garantir padr\u00f5es que evitem o desperd\u00edcio e incentivem a economia circular.<\/li>\n\n\n\n<li><strong>ODS 14 (Vida na \u00c1gua):<\/strong> Combater a polui\u00e7\u00e3o marinha, impedindo que pl\u00e1sticos e qu\u00edmicos destruam a vida nos oceanos.<\/li>\n\n\n\n<li><strong>ODS 15 (Vida Terrestre):<\/strong> Proteger nossos ecossistemas e solos da contamina\u00e7\u00e3o por descartes irregulares em lix\u00f5es.<\/li>\n<\/ul>\n\n\n\n<h3 class=\"wp-block-heading\"><strong>Como fazer a sua parte na UFPB?<\/strong><\/h3>\n\n\n<div class=\"wp-block-image\">\n<figure class=\"aligncenter size-large is-resized\"><img loading=\"lazy\" decoding=\"async\" width=\"1024\" height=\"768\" src=\"http:\/\/www.ufpb.br\/cga\/wp-content\/uploads\/sites\/79\/sites\/365\/2025\/09\/WhatsApp-Image-2023-09-03-at-10.58.28-3-1024x768.jpeg\" alt=\"\" class=\"wp-image-206\" style=\"aspect-ratio:1.3333521031589617;width:405px;height:auto\" srcset=\"https:\/\/www.ufpb.br\/cga\/wp-content\/uploads\/sites\/79\/sites\/365\/2025\/09\/WhatsApp-Image-2023-09-03-at-10.58.28-3-1024x768.jpeg 1024w, https:\/\/www.ufpb.br\/cga\/wp-content\/uploads\/sites\/79\/sites\/365\/2025\/09\/WhatsApp-Image-2023-09-03-at-10.58.28-3-300x225.jpeg 300w, https:\/\/www.ufpb.br\/cga\/wp-content\/uploads\/sites\/79\/sites\/365\/2025\/09\/WhatsApp-Image-2023-09-03-at-10.58.28-3-768x576.jpeg 768w, https:\/\/www.ufpb.br\/cga\/wp-content\/uploads\/sites\/79\/sites\/365\/2025\/09\/WhatsApp-Image-2023-09-03-at-10.58.28-3-1536x1152.jpeg 1536w, https:\/\/www.ufpb.br\/cga\/wp-content\/uploads\/sites\/79\/sites\/365\/2025\/09\/WhatsApp-Image-2023-09-03-at-10.58.28-3.jpeg 1600w\" sizes=\"auto, (max-width: 1024px) 100vw, 1024px\" \/><\/figure>\n<\/div>\n\n\n<p><\/p>\n\n\n\n<p>Como a <strong>UFPB<\/strong> tem cerca de 40.000 pessoas, entre alunos, professores e t\u00e9cnicos, voc\u00ea pode trazer o c\u00e1lculo para a realidade da universidade:<\/p>\n\n\n\n<ul class=\"wp-block-list\">\n<li><em>Exemplo:<\/em> &#8220;Se a nossa comunidade acad\u00eamica , produz cerca de <strong>12 mil toneladas<\/strong> de res\u00edduos por ano. Imagine o impacto se reduzirmos apenas 10% disso!&#8221;Agora imagine se dos onze que restassem, 10% fosse para as entidades de catadores, algo em  torno de mil toneladas de materiais, gerando renda e trabalho digno.<\/li>\n<\/ul>\n\n\n\n<p>O conceito de Lixo Zero n\u00e3o significa necessariamente n\u00e3o produzir nenhum res\u00edduo, mas sim criar uma cultura de <a href=\"https:\/\/www.ufpb.br\/cga\/consumo-consciente\/\" target=\"_blank\" rel=\"noreferrer noopener\">consumo consciente<\/a> , <strong>repensar o ciclo de vida<\/strong> dos produtos para que nada seja enviado para aterros ou para a natureza.<\/p>\n\n\n<div class=\"wp-block-image\">\n<figure class=\"aligncenter size-full is-resized\"><img loading=\"lazy\" decoding=\"async\" width=\"638\" height=\"290\" src=\"https:\/\/www.ufpb.br\/cga\/wp-content\/uploads\/sites\/79\/sites\/365\/2026\/03\/image-47.png\" alt=\"\" class=\"wp-image-1752\" style=\"aspect-ratio:2.200183209397564;width:712px;height:auto\" srcset=\"https:\/\/www.ufpb.br\/cga\/wp-content\/uploads\/sites\/79\/sites\/365\/2026\/03\/image-47.png 638w, https:\/\/www.ufpb.br\/cga\/wp-content\/uploads\/sites\/79\/sites\/365\/2026\/03\/image-47-300x136.png 300w\" sizes=\"auto, (max-width: 638px) 100vw, 638px\" \/><\/figure>\n<\/div>\n\n\n<p>Fonte: <a href=\"https:\/\/wikihaus.com.br\/lixo-zero-um-estilo-de-vida-sustentavel-uma-ideia-impactante\/\" target=\"_blank\" rel=\"noreferrer noopener\">Wikihaus<\/a><\/p>\n\n\n\n<ul class=\"wp-block-list\">\n<li><strong>Recuse<\/strong> descart\u00e1veis de uso \u00fanico (copos, canudos).<\/li>\n\n\n\n<li><strong>Reduza<\/strong> o desperd\u00edcio de papel e alimentos.<\/li>\n\n\n\n<li><strong>Recicle: <\/strong>separe<strong> <\/strong>corretamente seus res\u00edduos nos coletores verdes da universidade.<\/li>\n\n\n\n<li><strong>Repense:<\/strong> O que voc\u00ea chama de &#8220;lixo&#8221; pode ser mat\u00e9ria-prima para a economia circular.<\/li>\n\n\n\n<li><strong>Reutilizar:<\/strong> Dar uma nova vida para materiais j\u00e1 utilizados tamb\u00e9m \u00e9 uma excelente a\u00e7\u00e3o.&nbsp;<\/li>\n<\/ul>\n\n\n\n<hr class=\"wp-block-separator has-alpha-channel-opacity\" \/>\n\n\n\n<p class=\"has-text-align-center has-large-font-size\">&#8220;<strong>A CGA convida toda a comunidade acad\u00eamica a transformar essa consci\u00eancia em pr\u00e1tica di\u00e1ria. Vamos juntos rumo ao Lixo Zero!<\/strong>&#8220;<\/p>\n\n\n<div class=\"wp-block-image\">\n<figure class=\"aligncenter size-full is-resized\"><img loading=\"lazy\" decoding=\"async\" width=\"82\" height=\"103\" src=\"http:\/\/www.ufpb.br\/cga\/wp-content\/uploads\/sites\/79\/sites\/365\/2026\/04\/Icone-verde.png\" alt=\"\" class=\"wp-image-1909\" style=\"aspect-ratio:0.7963272120200334;width:184px;height:auto\" \/><\/figure>\n<\/div>","protected":false},"excerpt":{"rendered":"<p>Fonte: https:\/\/jornalismojunior.com.br\/a-ciencia-em-wall-e\/ Voc\u00ea j\u00e1 parou para pensar no caminho que o lixo percorre ap\u00f3s sair [&hellip;]<\/p>\n","protected":false},"author":397,"featured_media":1752,"comment_status":"closed","ping_status":"closed","sticky":false,"template":"","format":"standard","meta":{"footnotes":""},"categories":[3],"tags":[6,13,78,9,10],"class_list":["post-1736","post","type-post","status-publish","format-standard","has-post-thumbnail","hentry","category-institucional","tag-cga","tag-coleta-seletiva","tag-meio-ambiente","tag-sustentabilidade","tag-ufpb"],"_links":{"self":[{"href":"https:\/\/www.ufpb.br\/cga\/wp-json\/wp\/v2\/posts\/1736","targetHints":{"allow":["GET"]}}],"collection":[{"href":"https:\/\/www.ufpb.br\/cga\/wp-json\/wp\/v2\/posts"}],"about":[{"href":"https:\/\/www.ufpb.br\/cga\/wp-json\/wp\/v2\/types\/post"}],"author":[{"embeddable":true,"href":"https:\/\/www.ufpb.br\/cga\/wp-json\/wp\/v2\/users\/397"}],"replies":[{"embeddable":true,"href":"https:\/\/www.ufpb.br\/cga\/wp-json\/wp\/v2\/comments?post=1736"}],"version-history":[{"count":8,"href":"https:\/\/www.ufpb.br\/cga\/wp-json\/wp\/v2\/posts\/1736\/revisions"}],"predecessor-version":[{"id":1918,"href":"https:\/\/www.ufpb.br\/cga\/wp-json\/wp\/v2\/posts\/1736\/revisions\/1918"}],"wp:featuredmedia":[{"embeddable":true,"href":"https:\/\/www.ufpb.br\/cga\/wp-json\/wp\/v2\/media\/1752"}],"wp:attachment":[{"href":"https:\/\/www.ufpb.br\/cga\/wp-json\/wp\/v2\/media?parent=1736"}],"wp:term":[{"taxonomy":"category","embeddable":true,"href":"https:\/\/www.ufpb.br\/cga\/wp-json\/wp\/v2\/categories?post=1736"},{"taxonomy":"post_tag","embeddable":true,"href":"https:\/\/www.ufpb.br\/cga\/wp-json\/wp\/v2\/tags?post=1736"}],"curies":[{"name":"wp","href":"https:\/\/api.w.org\/{rel}","templated":true}]}}