{"id":1852,"date":"2026-04-19T08:00:00","date_gmt":"2026-04-19T11:00:00","guid":{"rendered":"https:\/\/www.ufpb.br\/cga\/?p=1852"},"modified":"2026-04-22T11:47:15","modified_gmt":"2026-04-22T14:47:15","slug":"dia-dos-povos-indigenas","status":"publish","type":"post","link":"https:\/\/www.ufpb.br\/cga\/sem-categoria\/dia-dos-povos-indigenas\/","title":{"rendered":"19 de abril &#8211; Dia dos Povos Ind\u00edgenas"},"content":{"rendered":"<div class=\"wp-block-image\">\n<figure class=\"aligncenter size-full is-resized\"><img loading=\"lazy\" decoding=\"async\" width=\"947\" height=\"568\" src=\"https:\/\/www.ufpb.br\/cga\/wp-content\/uploads\/sites\/79\/sites\/365\/2026\/04\/image-16.png\" alt=\"\" class=\"wp-image-1865\" style=\"aspect-ratio:1.6673355865371073;width:569px;height:auto\" srcset=\"https:\/\/www.ufpb.br\/cga\/wp-content\/uploads\/sites\/79\/sites\/365\/2026\/04\/image-16.png 947w, https:\/\/www.ufpb.br\/cga\/wp-content\/uploads\/sites\/79\/sites\/365\/2026\/04\/image-16-300x180.png 300w, https:\/\/www.ufpb.br\/cga\/wp-content\/uploads\/sites\/79\/sites\/365\/2026\/04\/image-16-768x461.png 768w\" sizes=\"auto, (max-width: 947px) 100vw, 947px\" \/><\/figure>\n<\/div>\n\n\n<p><\/p>\n\n\n\n<p class=\"has-medium-font-size\">O Brasil n\u00e3o estava vazio, como \u00e0s vezes a gente ouve falar. J\u00e1 existiam milh\u00f5es de pessoas vivendo aqui, os povos ind\u00edgenas, com suas pr\u00f3prias culturas, l\u00ednguas e formas de viver. \u00c9 como chegar numa casa onde j\u00e1 mora gente e dizer que voc\u00ea \u201cdescobriu\u201d aquela casa, roubar sua comida e come\u00e7ar a usar as coisas dos moradores, n\u00e3o faz muito sentido, n\u00e9? Por isso, hoje muitos historiadores preferem dizer \u201cchegada dos portugueses ao Brasil\u201d ou \u201cin\u00edcio do processo de coloniza\u00e7\u00e3o\u201d em vez de \u201cdescoberta\u201d, enfatizando que 1500 marca o come\u00e7o de uma rela\u00e7\u00e3o desigual, caracterizada por domina\u00e7\u00e3o, viol\u00eancia, explora\u00e7\u00e3o e profundas transforma\u00e7\u00f5es culturais, sociais e demogr\u00e1ficas.<\/p>\n\n\n<div class=\"wp-block-image\">\n<figure class=\"aligncenter size-full\"><img loading=\"lazy\" decoding=\"async\" width=\"800\" height=\"602\" src=\"https:\/\/www.ufpb.br\/cga\/wp-content\/uploads\/sites\/79\/sites\/365\/2026\/04\/image-14.png\" alt=\"\" class=\"wp-image-1863\" srcset=\"https:\/\/www.ufpb.br\/cga\/wp-content\/uploads\/sites\/79\/sites\/365\/2026\/04\/image-14.png 800w, https:\/\/www.ufpb.br\/cga\/wp-content\/uploads\/sites\/79\/sites\/365\/2026\/04\/image-14-300x226.png 300w, https:\/\/www.ufpb.br\/cga\/wp-content\/uploads\/sites\/79\/sites\/365\/2026\/04\/image-14-768x578.png 768w\" sizes=\"auto, (max-width: 800px) 100vw, 800px\" \/><figcaption class=\"wp-element-caption\">Johann Moritz Rugendas, Guerrilhas, 1835. Gravura, 34 x 50,5 cm&nbsp;|&nbsp;Cr\u00e9dito: Fonte: AN\/RJ<\/figcaption><\/figure>\n<\/div>\n\n\n<p class=\"has-medium-font-size\">Os povos ind\u00edgenas t\u00eam um papel fundamental na forma\u00e7\u00e3o da cultura paraibana. Seus conhecimentos, costumes e formas de viver continuam presentes no nosso dia a dia \u2014 na alimenta\u00e7\u00e3o, na linguagem, no respeito \u00e0 natureza e em muitos outros aspectos da nossa identidade.<\/p>\n\n\n\n<h3 class=\"wp-block-heading has-medium-font-size\">Campus IV &#8211; Rio tinto e Mamanguape<\/h3>\n\n\n\n<p class=\"has-medium-font-size\">A import\u00e2ncia da chegada da UFPB, h\u00e1 19 anos, na regi\u00e3o foi destacada n\u00e3o s\u00f3 por moradores da \u00e1rea, como Marcus Paran\u00e3 ( foto abaixo), mas tamb\u00e9m pela pr\u00f3pria classe pol\u00edtica. \u201cA UFPB foi um divisor de \u00e1guas em Mamanguape, trazendo ci\u00eancia e desenvolvimento\u201d, declarou o presidente da C\u00e2mara de Vereadores do munic\u00edpio, Neto Belino. A UFPB tem fortalecido a cultura, apoiando e incentivando as popula\u00e7\u00f5es ind\u00edgenas nos munic\u00edpios de Rio tinto e Mamanguape, sedes do Campus IV da universidade. Com diversos projetos de pesquisa e extens\u00e3o que contam com a participa\u00e7\u00e3o da comunidade acad\u00eamica e de moradores.<\/p>\n\n\n<div class=\"wp-block-image\">\n<figure class=\"aligncenter size-full is-resized\"><img loading=\"lazy\" decoding=\"async\" width=\"1024\" height=\"683\" src=\"https:\/\/www.ufpb.br\/cga\/wp-content\/uploads\/sites\/79\/sites\/365\/2026\/04\/image-15.png\" alt=\"\" class=\"wp-image-1864\" style=\"aspect-ratio:1.49927187539572;width:548px;height:auto\" srcset=\"https:\/\/www.ufpb.br\/cga\/wp-content\/uploads\/sites\/79\/sites\/365\/2026\/04\/image-15.png 1024w, https:\/\/www.ufpb.br\/cga\/wp-content\/uploads\/sites\/79\/sites\/365\/2026\/04\/image-15-300x200.png 300w, https:\/\/www.ufpb.br\/cga\/wp-content\/uploads\/sites\/79\/sites\/365\/2026\/04\/image-15-768x512.png 768w, https:\/\/www.ufpb.br\/cga\/wp-content\/uploads\/sites\/79\/sites\/365\/2026\/04\/image-15-272x182.png 272w\" sizes=\"auto, (max-width: 1024px) 100vw, 1024px\" \/><\/figure>\n<\/div>\n\n\n<p>Fonte:  Ang\u00e9lica Gouveia &#8211; Ascom\/UFPB<\/p>\n\n\n\n<p class=\"has-medium-font-size\">Paran\u00e3 faz parte desse processo de inclus\u00e3o: ele \u00e9 orientador de saberes ind\u00edgenas em um projeto do campus que busca contextualizar valores e vis\u00f5es de mundo dos potiguara para futuros professores. Para a reitora da UFPB, Terezinha Domiciano, essa&nbsp; integra\u00e7\u00e3o \u00e9 o diferencial do campus IV. \u201cAqui a universidade fica mais pr\u00f3xima dos povos origin\u00e1rios\u201d, destaca.&nbsp;<\/p>\n\n\n\n<p class=\"has-medium-font-size\">Mais do que lembrar sua hist\u00f3ria, \u00e9 importante reconhecer que esses povos n\u00e3o devem ser vistos como submissos ao processo de coloniza\u00e7\u00e3o, mas como os primeiros habitantes deste territ\u00f3rio: povos livres, diversos e detentores de uma rica cultura que resiste at\u00e9 hoje.<\/p>\n\n\n\n<h2 class=\"wp-block-heading\"><div class=\"linha-header\">Para\u00edba &#8211; <strong>Tupi:<\/strong>&nbsp;<em>pa&#8217;ra<\/em>&nbsp;(rio) +&nbsp;<em>a&#8217;\u00edba<\/em>&nbsp;(ruim, dif\u00edcil).<\/div><\/h2>\n\n\n\n<p class=\"has-medium-font-size\">Na Para\u00edba, a maioria da popula\u00e7\u00e3o ind\u00edgena vive em terras localizadas nos munic\u00edpios de Ba\u00eda da Trai\u00e7\u00e3o, Marca\u00e7\u00e3o e Rio Tinto. Ainda assim, uma parte significativa tamb\u00e9m reside em \u00e1reas urbanas e rurais fora dessas terras. O estado re\u00fane cerca de 5,7% de toda a popula\u00e7\u00e3o ind\u00edgena do Nordeste. De acordo com o Censo 2022 (IBGE), o n\u00famero de povos ind\u00edgenas no estado cresceu 37,6%, passando de 69 para 95 etnias. Esse dado evidencia a diversidade cultural presente na Para\u00edba e a import\u00e2ncia de valorizar essas identidades.<\/p>\n\n\n\n<figure class=\"wp-block-image size-large\"><img loading=\"lazy\" decoding=\"async\" width=\"1024\" height=\"680\" src=\"https:\/\/www.ufpb.br\/cga\/wp-content\/uploads\/sites\/79\/sites\/365\/2026\/04\/image-13-1024x680.png\" alt=\"\" class=\"wp-image-1862\" srcset=\"https:\/\/www.ufpb.br\/cga\/wp-content\/uploads\/sites\/79\/sites\/365\/2026\/04\/image-13-1024x680.png 1024w, https:\/\/www.ufpb.br\/cga\/wp-content\/uploads\/sites\/79\/sites\/365\/2026\/04\/image-13-300x199.png 300w, https:\/\/www.ufpb.br\/cga\/wp-content\/uploads\/sites\/79\/sites\/365\/2026\/04\/image-13-768x510.png 768w, https:\/\/www.ufpb.br\/cga\/wp-content\/uploads\/sites\/79\/sites\/365\/2026\/04\/image-13-1536x1020.png 1536w, https:\/\/www.ufpb.br\/cga\/wp-content\/uploads\/sites\/79\/sites\/365\/2026\/04\/image-13-272x182.png 272w, https:\/\/www.ufpb.br\/cga\/wp-content\/uploads\/sites\/79\/sites\/365\/2026\/04\/image-13.png 1626w\" sizes=\"auto, (max-width: 1024px) 100vw, 1024px\" \/><\/figure>\n\n\n\n<p>Fonte: <a href=\"https:\/\/wscom.com.br\/\" target=\"_blank\" rel=\"noreferrer noopener\">https:\/\/wscom.com.br\/<\/a><\/p>\n\n\n\n<p class=\"has-medium-font-size\">Os povos mais numerosos s\u00e3o os Potiguara, com 24.598 pessoas em tr\u00eas munic\u00edpios (Ba\u00eda da Trai\u00e7\u00e3o, Marca\u00e7\u00e3o e Rio Tinto) seguidos pelos Tabajara (776 pessoas). Uma etnia ind\u00edgena \u00e9 definida por la\u00e7os culturais, sociais e lingu\u00edsticos compartilhados. Cada povo possui sua pr\u00f3pria organiza\u00e7\u00e3o, tradi\u00e7\u00f5es e formas de ver o mundo. Entre os povos mais numerosos no estado est\u00e3o os Potiguara, com presen\u00e7a marcante no litoral norte, e os Tabajara, tamb\u00e9m importantes na hist\u00f3ria e cultura paraibana.<\/p>\n\n\n\n<hr class=\"wp-block-separator has-alpha-channel-opacity\" \/>\n\n\n\n<p class=\"has-text-align-center has-large-font-size\">&#8220;No dia em que n\u00e3o houver lugar para o \u00edndio no mundo, n\u00e3o haver\u00e1 lugar para mais ningu\u00e9m.&#8221;<\/p>\n\n\n\n<p class=\"has-text-align-right\">Ailton Krenak&nbsp;<\/p>\n\n\n<div class=\"wp-block-image\">\n<figure class=\"aligncenter size-full is-resized\"><img loading=\"lazy\" decoding=\"async\" width=\"82\" height=\"103\" src=\"http:\/\/www.ufpb.br\/cga\/wp-content\/uploads\/sites\/79\/sites\/365\/2026\/04\/Icone-verde.png\" alt=\"\" class=\"wp-image-1909\" style=\"width:268px;height:auto\" \/><\/figure>\n<\/div>","protected":false},"excerpt":{"rendered":"<p>O Brasil n\u00e3o estava vazio, como \u00e0s vezes a gente ouve falar. J\u00e1 existiam milh\u00f5es [&hellip;]<\/p>\n","protected":false},"author":397,"featured_media":1865,"comment_status":"closed","ping_status":"closed","sticky":false,"template":"","format":"standard","meta":{"footnotes":""},"categories":[71,1],"tags":[109],"class_list":["post-1852","post","type-post","status-publish","format-standard","has-post-thumbnail","hentry","category-calendarios","category-sem-categoria","tag-povos-indigenas"],"_links":{"self":[{"href":"https:\/\/www.ufpb.br\/cga\/wp-json\/wp\/v2\/posts\/1852","targetHints":{"allow":["GET"]}}],"collection":[{"href":"https:\/\/www.ufpb.br\/cga\/wp-json\/wp\/v2\/posts"}],"about":[{"href":"https:\/\/www.ufpb.br\/cga\/wp-json\/wp\/v2\/types\/post"}],"author":[{"embeddable":true,"href":"https:\/\/www.ufpb.br\/cga\/wp-json\/wp\/v2\/users\/397"}],"replies":[{"embeddable":true,"href":"https:\/\/www.ufpb.br\/cga\/wp-json\/wp\/v2\/comments?post=1852"}],"version-history":[{"count":8,"href":"https:\/\/www.ufpb.br\/cga\/wp-json\/wp\/v2\/posts\/1852\/revisions"}],"predecessor-version":[{"id":1911,"href":"https:\/\/www.ufpb.br\/cga\/wp-json\/wp\/v2\/posts\/1852\/revisions\/1911"}],"wp:featuredmedia":[{"embeddable":true,"href":"https:\/\/www.ufpb.br\/cga\/wp-json\/wp\/v2\/media\/1865"}],"wp:attachment":[{"href":"https:\/\/www.ufpb.br\/cga\/wp-json\/wp\/v2\/media?parent=1852"}],"wp:term":[{"taxonomy":"category","embeddable":true,"href":"https:\/\/www.ufpb.br\/cga\/wp-json\/wp\/v2\/categories?post=1852"},{"taxonomy":"post_tag","embeddable":true,"href":"https:\/\/www.ufpb.br\/cga\/wp-json\/wp\/v2\/tags?post=1852"}],"curies":[{"name":"wp","href":"https:\/\/api.w.org\/{rel}","templated":true}]}}