{"id":1871,"date":"2026-04-17T12:26:36","date_gmt":"2026-04-17T15:26:36","guid":{"rendered":"https:\/\/www.ufpb.br\/cga\/?p=1871"},"modified":"2026-04-22T11:48:21","modified_gmt":"2026-04-22T14:48:21","slug":"17-de-abril-dia-nacional-da-botanica","status":"publish","type":"post","link":"https:\/\/www.ufpb.br\/cga\/calendarios\/17-de-abril-dia-nacional-da-botanica\/","title":{"rendered":"17 de abril &#8211; Dia Nacional da Bot\u00e2nica"},"content":{"rendered":"\n<p>O Dia Nacional da Bot\u00e2nica foi institu\u00eddo em 1994, em homenagem aos 200 anos de nascimento de Von Martius.<\/p>\n\n\n<div class=\"wp-block-image\">\n<figure class=\"aligncenter size-large is-resized\"><img loading=\"lazy\" decoding=\"async\" width=\"1024\" height=\"768\" src=\"https:\/\/www.ufpb.br\/cga\/wp-content\/uploads\/sites\/79\/sites\/365\/2026\/04\/image-18-1024x768.png\" alt=\"\" class=\"wp-image-1873\" style=\"aspect-ratio:1.333380257897404;width:512px;height:auto\" srcset=\"https:\/\/www.ufpb.br\/cga\/wp-content\/uploads\/sites\/79\/sites\/365\/2026\/04\/image-18-1024x768.png 1024w, https:\/\/www.ufpb.br\/cga\/wp-content\/uploads\/sites\/79\/sites\/365\/2026\/04\/image-18-300x225.png 300w, https:\/\/www.ufpb.br\/cga\/wp-content\/uploads\/sites\/79\/sites\/365\/2026\/04\/image-18-768x576.png 768w, https:\/\/www.ufpb.br\/cga\/wp-content\/uploads\/sites\/79\/sites\/365\/2026\/04\/image-18-1536x1152.png 1536w, https:\/\/www.ufpb.br\/cga\/wp-content\/uploads\/sites\/79\/sites\/365\/2026\/04\/image-18-2048x1536.png 2048w\" sizes=\"auto, (max-width: 1024px) 100vw, 1024px\" \/><\/figure>\n<\/div>\n\n\n<p class=\"has-text-align-center\">Fonte: <strong>Kate Holland Books. 2021.<\/strong><\/p>\n\n\n\n<p class=\"has-medium-font-size\"> Em 17 de abril de 1794 nasceu Carl Friedrich Philipp von Martius, naturalista alem\u00e3o que chegou ao Brasil em 1817, integrando a comitiva da Imperatriz Leopoldina. Von Martius foi o principal respons\u00e1vel pela elabora\u00e7\u00e3o da Flora brasiliensis, que contou com a colabora\u00e7\u00e3o de 65 especialistas e apresentou a cataloga\u00e7\u00e3o e descri\u00e7\u00e3o das 22.767 esp\u00e9cies de plantas brasileiras conhecidas at\u00e9 o in\u00edcio do s\u00e9culo XX. Uma obra t\u00e3o importante que \u00e9 refer\u00eancia at\u00e9 os dias de hoje.<\/p>\n\n\n<div class=\"wp-block-image\">\n<figure class=\"aligncenter size-full is-resized\"><img loading=\"lazy\" decoding=\"async\" width=\"720\" height=\"540\" src=\"https:\/\/www.ufpb.br\/cga\/wp-content\/uploads\/sites\/79\/sites\/365\/2026\/04\/image-17.png\" alt=\"\" class=\"wp-image-1872\" style=\"aspect-ratio:1.3333429786741515;width:496px;height:auto\" srcset=\"https:\/\/www.ufpb.br\/cga\/wp-content\/uploads\/sites\/79\/sites\/365\/2026\/04\/image-17.png 720w, https:\/\/www.ufpb.br\/cga\/wp-content\/uploads\/sites\/79\/sites\/365\/2026\/04\/image-17-300x225.png 300w\" sizes=\"auto, (max-width: 720px) 100vw, 720px\" \/><\/figure>\n<\/div>\n\n\n<p class=\"has-text-align-center\"><a href=\"https:\/\/florabrasiliensis.cria.org.br\" target=\"_blank\" rel=\"noreferrer noopener\">https:\/\/florabrasiliensis.cria.org.br<\/a><\/p>\n\n\n\n<p class=\"has-medium-font-size\">A Bot\u00e2nica \u00e9 a \u00e1rea da Biologia que estuda as plantas. Esse campo do conhecimento busca entender desde a diversidade das esp\u00e9cies at\u00e9 a evolu\u00e7\u00e3o, as estruturas internas e as rela\u00e7\u00f5es das plantas com outros seres vivos e com o meio ambiente.<\/p>\n\n\n\n<p class=\"has-medium-font-size\">Compreender as plantas \u2014 inclusive suas partes microsc\u00f3picas \u2014 \u00e9 fundamental para a\u00e7\u00f5es como a recupera\u00e7\u00e3o de \u00e1reas degradadas. Al\u00e9m disso, a Bot\u00e2nica tamb\u00e9m investiga como utilizamos as plantas no nosso dia a dia, seja na alimenta\u00e7\u00e3o ou na produ\u00e7\u00e3o de medicamentos, cosm\u00e9ticos e diversos outros produtos.<\/p>\n\n\n\n<p class=\"has-medium-font-size\">As plantas desempenham um papel vital no equil\u00edbrio do planeta. Elas servem de alimento para muitos seres vivos, ajudam a regular o clima, absorvem g\u00e1s carb\u00f4nico (CO\u2082) e liberam oxig\u00eanio (O\u2082), contribuindo diretamente para a manuten\u00e7\u00e3o da vida na Terra.<\/p>\n\n\n\n<p class=\"has-medium-font-size\">Entender melhor as plantas \u00e9 essencial para enfrentar desafios atuais e futuros, como a produ\u00e7\u00e3o de alimentos, o desenvolvimento sustent\u00e1vel e a adapta\u00e7\u00e3o \u00e0s mudan\u00e7as ambientais.<\/p>\n\n\n\n<h2 class=\"wp-block-heading\"><div class=\"linha-header\">E na UFPB?<\/div><\/h2>\n\n\n\n<p class=\"has-medium-font-size\">A Bot\u00e2nica na Universidade Federal da Para\u00edba (UFPB)&nbsp;\u00e9 forte no Departamento de Sistem\u00e1tica e Ecologia (DSE\/CCEN), com foco em taxonomia, flor\u00edstica de Mata Atl\u00e2ntica\/Caatinga e produ\u00e7\u00e3o e pesquisas sobre plantas medicinais. Oferece ensino na gradua\u00e7\u00e3o em Ci\u00eancias Biol\u00f3gicas e p\u00f3s-gradua\u00e7\u00e3o, incluindo o PRODEMA, com suporte de laborat\u00f3rios e o Herb\u00e1rio Lauro Pires Xavier.<\/p>\n\n\n\n<ul class=\"wp-block-list\">\n<li>Conhe\u00e7a o Laborat\u00f3rio de Bot\u00e2nica Aplicada \u00e0 Agroecologia &#8211; &nbsp;<strong><a href=\"https:\/\/www.instagram.com\/laboaa_ufpb\" target=\"_blank\" rel=\"noreferrer noopener\">LABOAA<\/a><\/strong>. \u00c9 um laborat\u00f3rio da Universidade Federal da Para\u00edba que integra o departamento de Sistem\u00e1tica e Ecologia do Centro de Ci\u00eancias Exatas e da Natureza, onde, desde 2020, desenvolvem projetos focados em bot\u00e2nica, agroecologia e biodiversidade. <\/li>\n\n\n\n<li>O <a href=\"https:\/\/www.instagram.com\/algasavista_ufpb\" target=\"_blank\" rel=\"noreferrer noopener\">Projeto Algas \u00e0 vista<\/a> objetiva trabalhar na promo\u00e7\u00e3o da cultura oce\u00e2nica e no combate \u00e0 chamada impercep\u00e7\u00e3o bot\u00e2nica e ficol\u00f3gica, que \u00e9 a dificuldade comum da popula\u00e7\u00e3o em reconhecer as algas e compreender sua import\u00e2ncia ecol\u00f3gica, econ\u00f4mica e cultural.<\/li>\n\n\n\n<li>O PET-Farm\u00e1cia da UFPB, sob tutoria da Profa. Dra. Le\u00f4nia Maria Batista, lan\u00e7ou o e-book &#8220;<a href=\"https:\/\/www.ideiaeditora.com.br\/produto\/plantas-medicinais-na-tradicionalidade-leonia-maria-batista-gleicy-araujo-benicio-henrique-araujo-seabra-joanne-amorim-da-silva\/\" target=\"_blank\" rel=\"noreferrer noopener\">Plantas Medicinais na Tradicionalidade<\/a>&#8220;, resultado da troca de conhecimentos tradicional e cient\u00edfico.<\/li>\n\n\n\n<li><a href=\"https:\/\/www.instagram.com\/p\/DAlS-JKuCnJ\/\" target=\"_blank\" rel=\"noreferrer noopener\">Herb\u00e1rio Jayme Coelho de Moraes<\/a>  (CCA\/UFPB &#8211; Campus II). A integra\u00e7\u00e3o entre herb\u00e1rios e visitas de especialistas s\u00e3o fundamentais para melhorar a qualidade dos acervos bot\u00e2nicos, al\u00e9m de fornecer dados importantes para pesquisas em andamento.<\/li>\n\n\n\n<li><strong>Se voc\u00ea conhece algum outro projeto ou programa relacionado \u00e0 Bot\u00e2nica na UFPB, entre em contato conosco, queremos conhecer e teremos prazer em divulgar e apoiar seu projeto.<\/strong><\/li>\n<\/ul>\n\n\n\n<hr class=\"wp-block-separator has-alpha-channel-opacity\" \/>\n\n\n\n<p class=\"has-text-align-center has-large-font-size\"><strong>\u201cA natureza \u00e9 a arte de Deus.\u201d <\/strong><\/p>\n\n\n\n<p class=\"has-text-align-right\"> Dante Alighieri<\/p>\n\n\n<div class=\"wp-block-image\">\n<figure class=\"aligncenter size-full is-resized\"><img loading=\"lazy\" decoding=\"async\" width=\"82\" height=\"103\" src=\"http:\/\/www.ufpb.br\/cga\/wp-content\/uploads\/sites\/79\/sites\/365\/2026\/04\/Icone-verde.png\" alt=\"\" class=\"wp-image-1909\" style=\"width:225px;height:auto\" \/><\/figure>\n<\/div>","protected":false},"excerpt":{"rendered":"<p>O Dia Nacional da Bot\u00e2nica foi institu\u00eddo em 1994, em homenagem aos 200 anos de [&hellip;]<\/p>\n","protected":false},"author":397,"featured_media":1873,"comment_status":"closed","ping_status":"closed","sticky":false,"template":"","format":"standard","meta":{"footnotes":""},"categories":[71],"tags":[110,6,78,9,10],"class_list":["post-1871","post","type-post","status-publish","format-standard","has-post-thumbnail","hentry","category-calendarios","tag-botanica","tag-cga","tag-meio-ambiente","tag-sustentabilidade","tag-ufpb"],"_links":{"self":[{"href":"https:\/\/www.ufpb.br\/cga\/wp-json\/wp\/v2\/posts\/1871","targetHints":{"allow":["GET"]}}],"collection":[{"href":"https:\/\/www.ufpb.br\/cga\/wp-json\/wp\/v2\/posts"}],"about":[{"href":"https:\/\/www.ufpb.br\/cga\/wp-json\/wp\/v2\/types\/post"}],"author":[{"embeddable":true,"href":"https:\/\/www.ufpb.br\/cga\/wp-json\/wp\/v2\/users\/397"}],"replies":[{"embeddable":true,"href":"https:\/\/www.ufpb.br\/cga\/wp-json\/wp\/v2\/comments?post=1871"}],"version-history":[{"count":5,"href":"https:\/\/www.ufpb.br\/cga\/wp-json\/wp\/v2\/posts\/1871\/revisions"}],"predecessor-version":[{"id":1912,"href":"https:\/\/www.ufpb.br\/cga\/wp-json\/wp\/v2\/posts\/1871\/revisions\/1912"}],"wp:featuredmedia":[{"embeddable":true,"href":"https:\/\/www.ufpb.br\/cga\/wp-json\/wp\/v2\/media\/1873"}],"wp:attachment":[{"href":"https:\/\/www.ufpb.br\/cga\/wp-json\/wp\/v2\/media?parent=1871"}],"wp:term":[{"taxonomy":"category","embeddable":true,"href":"https:\/\/www.ufpb.br\/cga\/wp-json\/wp\/v2\/categories?post=1871"},{"taxonomy":"post_tag","embeddable":true,"href":"https:\/\/www.ufpb.br\/cga\/wp-json\/wp\/v2\/tags?post=1871"}],"curies":[{"name":"wp","href":"https:\/\/api.w.org\/{rel}","templated":true}]}}