{"id":2037,"date":"2026-04-28T17:26:55","date_gmt":"2026-04-28T20:26:55","guid":{"rendered":"https:\/\/www.ufpb.br\/cga\/?p=2037"},"modified":"2026-04-28T21:39:07","modified_gmt":"2026-04-29T00:39:07","slug":"28-de-abril-dia-nacional-da-caatinga","status":"publish","type":"post","link":"https:\/\/www.ufpb.br\/cga\/calendarios\/28-de-abril-dia-nacional-da-caatinga\/","title":{"rendered":"28 de abril \u2013 Dia nacional da Caatinga"},"content":{"rendered":"<div class=\"wp-block-image\">\n<figure class=\"aligncenter size-full\"><img loading=\"lazy\" decoding=\"async\" width=\"717\" height=\"542\" src=\"https:\/\/www.ufpb.br\/cga\/wp-content\/uploads\/sites\/79\/sites\/365\/2026\/04\/image-33.png\" alt=\"\" class=\"wp-image-2044\" srcset=\"https:\/\/www.ufpb.br\/cga\/wp-content\/uploads\/sites\/79\/sites\/365\/2026\/04\/image-33.png 717w, https:\/\/www.ufpb.br\/cga\/wp-content\/uploads\/sites\/79\/sites\/365\/2026\/04\/image-33-300x227.png 300w\" sizes=\"auto, (max-width: 717px) 100vw, 717px\" \/><\/figure>\n<\/div>\n\n\n<p><\/p>\n\n\n\n<p class=\"has-medium-font-size\">Muita gente olha para a Caatinga e enxerga apenas o cinza da seca. Mas quem conhece de perto sabe: ela \u00e9 o bioma da supera\u00e7\u00e3o. \u00danica no mundo e 100% brasileira, a &#8220;Mata Branca&#8221; \u00e9 uma explos\u00e3o de vida que aguarda o primeiro sinal da chuva para se vestir de verde e florescer com uma for\u00e7a sem igual. Observe no v\u00eddeo abaixo a m\u00e1gica acontecendo!<\/p>\n\n\n\n<figure class=\"wp-block-embed is-type-video is-provider-youtube wp-block-embed-youtube wp-embed-aspect-16-9 wp-has-aspect-ratio\"><div class=\"wp-block-embed__wrapper\">\n<iframe loading=\"lazy\" title=\"Veja o Antes e Depois da Chuva na Caatinga: transforma\u00e7\u00e3o incr\u00edvel\" width=\"500\" height=\"281\" src=\"https:\/\/www.youtube.com\/embed\/Ey0G0ArUOCk?feature=oembed\" frameborder=\"0\" allow=\"accelerometer; autoplay; clipboard-write; encrypted-media; gyroscope; picture-in-picture; web-share\" referrerpolicy=\"strict-origin-when-cross-origin\" allowfullscreen><\/iframe>\n<\/div><\/figure>\n\n\n\n<p class=\"has-medium-font-size\"><\/p>\n\n\n\n<p class=\"has-medium-font-size\">A caatinga engloba os seguintes estados brasileiros: Cear\u00e1, Piau\u00ed, Rio Grande do Norte, Para\u00edba, Pernambuco, Alagoas, Sergipe, Bahia e parte de Minas Gerais. Falar da Caatinga \u00e9 falar da nossa gente. \u00c9 celebrar a for\u00e7a de quem aprendeu a conviver com o semi\u00e1rido, respeitando seus ciclos e protegendo suas riquezas, como o imponente Juazeiro e o generoso Umbuzeiro. \u00c9 uma li\u00e7\u00e3o di\u00e1ria de resist\u00eancia, for\u00e7a, luta e beleza. <\/p>\n\n\n<div class=\"wp-block-image\">\n<figure class=\"aligncenter size-large is-resized\"><img loading=\"lazy\" decoding=\"async\" width=\"1024\" height=\"630\" src=\"https:\/\/www.ufpb.br\/cga\/wp-content\/uploads\/sites\/79\/sites\/365\/2026\/04\/image-34-1024x630.png\" alt=\"\" class=\"wp-image-2045\" style=\"aspect-ratio:1.625390397089611;width:496px;height:auto\" srcset=\"https:\/\/www.ufpb.br\/cga\/wp-content\/uploads\/sites\/79\/sites\/365\/2026\/04\/image-34-1024x630.png 1024w, https:\/\/www.ufpb.br\/cga\/wp-content\/uploads\/sites\/79\/sites\/365\/2026\/04\/image-34-300x185.png 300w, https:\/\/www.ufpb.br\/cga\/wp-content\/uploads\/sites\/79\/sites\/365\/2026\/04\/image-34-768x473.png 768w, https:\/\/www.ufpb.br\/cga\/wp-content\/uploads\/sites\/79\/sites\/365\/2026\/04\/image-34.png 1170w\" sizes=\"auto, (max-width: 1024px) 100vw, 1024px\" \/><figcaption class=\"wp-element-caption\">Retirantes, de Candido Portinari (1944) &nbsp;(MASP\/Divulga\u00e7\u00e3o)<br><\/figcaption><\/figure>\n<\/div>\n\n\n<p class=\"has-medium-font-size\">A Caatinga, na arte e na literatura brasileira&nbsp;\u00e9 marcada pela representa\u00e7\u00e3o da seca, da resist\u00eancia do sertanejo e da paisagem \u00e1rida. Cl\u00e1ssicos como&nbsp;<em>Vidas Secas<\/em>&nbsp;(Graciliano Ramos),&nbsp;<em>Os Sert\u00f5es<\/em>&nbsp;(Euclides da Cunha) e&nbsp;<em>O Quinze<\/em>&nbsp;(Rachel de Queiroz) utilizam o bioma para evidenciar desigualdades sociais e regionais, ao mesmo tempo em que exaltam a for\u00e7a do povo. A vegeta\u00e7\u00e3o xer\u00f3fita (mata branca) com uma <a href=\"https:\/\/www.todamateria.com.br\/flora-da-caatinga\/\" target=\"_blank\" rel=\"noreferrer noopener\">flora rica<\/a> e a <a href=\"https:\/\/nacaatinga.com.br\/10-importantes-animais-da-caatinga\/\" target=\"_blank\" rel=\"noreferrer noopener\">fauna peculiar<\/a> tamb\u00e9m ganham espa\u00e7o na literatura de cordel, valorizando a identidade nordestina.<\/p>\n\n\n\n<figure class=\"wp-block-gallery has-nested-images columns-default is-cropped wp-block-gallery-1 is-layout-flex wp-block-gallery-is-layout-flex\">\n<figure class=\"wp-block-image size-full\"><img loading=\"lazy\" decoding=\"async\" width=\"543\" height=\"463\" data-id=\"2047\" src=\"https:\/\/www.ufpb.br\/cga\/wp-content\/uploads\/sites\/79\/sites\/365\/2026\/04\/image-36.png\" alt=\"\" class=\"wp-image-2047\" srcset=\"https:\/\/www.ufpb.br\/cga\/wp-content\/uploads\/sites\/79\/sites\/365\/2026\/04\/image-36.png 543w, https:\/\/www.ufpb.br\/cga\/wp-content\/uploads\/sites\/79\/sites\/365\/2026\/04\/image-36-300x256.png 300w\" sizes=\"auto, (max-width: 543px) 100vw, 543px\" \/><\/figure>\n<\/figure>\n\n\n\n<p class=\"has-medium-font-size\">Para n\u00f3s, a preserva\u00e7\u00e3o da Caatinga vai al\u00e9m dos livros. \u00c9 um compromisso \u00e9tico com o nosso territ\u00f3rio. Atrav\u00e9s de a\u00e7\u00f5es de educa\u00e7\u00e3o ambiental e gest\u00e3o sustent\u00e1vel, buscamos transformar a realidade do nosso bioma, garantindo que sua biodiversidade e sua cultura continuem pulsando forte para as pr\u00f3ximas gera\u00e7\u00f5es. <\/p>\n\n\n\n<p> A\u00e7\u00f5es da <a href=\"https:\/\/www.instagram.com\/uniaocaatinga\/\" target=\"_blank\" rel=\"noreferrer noopener\">Uni\u00e3o Caatinga<\/a> e do <a href=\"https:\/\/www.instagram.com\/prs.caatinga\/\" target=\"_blank\" rel=\"noreferrer noopener\">PRS Caatinga<\/a> promovem a resili\u00eancia do semi\u00e1rido, combate \u00e0 desertifica\u00e7\u00e3o e desenvolvimento sustent\u00e1vel, alinhando conserva\u00e7\u00e3o ambiental com justi\u00e7a social. A preserva\u00e7\u00e3o da biodiversidade e o fortalecimento de comunidades tradicionais s\u00e3o pilares para alcan\u00e7ar metas sustent\u00e1veis no territ\u00f3rio caatingueiro. A  prote\u00e7\u00e3o da Caatinga est\u00e1 diretamente vinculada aos Objetivos de Desenvolvimento Sustent\u00e1vel (ODS), especialmente ao ODS 13 (A\u00e7\u00e3o contra a Mudan\u00e7a Clim\u00e1tica), ODS 15 (Vida Terrestre) e ODS 1 (Fome Zero).<\/p>\n\n\n<div class=\"wp-block-image\">\n<figure class=\"aligncenter size-full\"><img loading=\"lazy\" decoding=\"async\" width=\"399\" height=\"298\" src=\"https:\/\/www.ufpb.br\/cga\/wp-content\/uploads\/sites\/79\/sites\/365\/2026\/04\/image-37.png\" alt=\"\" class=\"wp-image-2050\" srcset=\"https:\/\/www.ufpb.br\/cga\/wp-content\/uploads\/sites\/79\/sites\/365\/2026\/04\/image-37.png 399w, https:\/\/www.ufpb.br\/cga\/wp-content\/uploads\/sites\/79\/sites\/365\/2026\/04\/image-37-300x224.png 300w\" sizes=\"auto, (max-width: 399px) 100vw, 399px\" \/><\/figure>\n<\/div>\n\n\n<p class=\"has-medium-font-size\">Neste dia, o nosso convite \u00e9 para o olhar: que possamos ver na Caatinga n\u00e3o a escassez, mas a abund\u00e2ncia de um ecossistema que \u00e9 a alma do nosso Nordeste. Vamos juntos proteger o que \u00e9 nosso? <\/p>\n\n\n\n<hr class=\"wp-block-separator has-alpha-channel-opacity\" \/>\n\n\n\n<p class=\"has-medium-font-size\"><\/p>\n\n\n\n<p class=\"has-text-align-center has-large-font-size\"><strong>&#8220;A Caatinga demonstra que a for\u00e7a n\u00e3o se apressa e que o tempo da terra \u00e9 o tempo da cura, onde a natureza se desenvolve no seu pr\u00f3prio ritmo.&#8221;<\/strong><\/p>\n\n\n<div class=\"wp-block-image\">\n<figure class=\"aligncenter size-full is-resized\"><img loading=\"lazy\" decoding=\"async\" width=\"82\" height=\"103\" src=\"http:\/\/www.ufpb.br\/cga\/wp-content\/uploads\/sites\/79\/sites\/365\/2026\/04\/Icone-verde.png\" alt=\"\" class=\"wp-image-1909\" style=\"aspect-ratio:0.796206373292868;width:180px;height:auto\" \/><\/figure>\n<\/div>","protected":false},"excerpt":{"rendered":"<p>Muita gente olha para a Caatinga e enxerga apenas o cinza da seca. Mas quem [&hellip;]<\/p>\n","protected":false},"author":397,"featured_media":2044,"comment_status":"closed","ping_status":"closed","sticky":false,"template":"","format":"standard","meta":{"footnotes":""},"categories":[71],"tags":[122,121,120,123],"class_list":["post-2037","post","type-post","status-publish","format-standard","has-post-thumbnail","hentry","category-calendarios","tag-caatingaviva","tag-cgaufpb-2","tag-diadacaatinga","tag-nordeste"],"_links":{"self":[{"href":"https:\/\/www.ufpb.br\/cga\/wp-json\/wp\/v2\/posts\/2037","targetHints":{"allow":["GET"]}}],"collection":[{"href":"https:\/\/www.ufpb.br\/cga\/wp-json\/wp\/v2\/posts"}],"about":[{"href":"https:\/\/www.ufpb.br\/cga\/wp-json\/wp\/v2\/types\/post"}],"author":[{"embeddable":true,"href":"https:\/\/www.ufpb.br\/cga\/wp-json\/wp\/v2\/users\/397"}],"replies":[{"embeddable":true,"href":"https:\/\/www.ufpb.br\/cga\/wp-json\/wp\/v2\/comments?post=2037"}],"version-history":[{"count":5,"href":"https:\/\/www.ufpb.br\/cga\/wp-json\/wp\/v2\/posts\/2037\/revisions"}],"predecessor-version":[{"id":2053,"href":"https:\/\/www.ufpb.br\/cga\/wp-json\/wp\/v2\/posts\/2037\/revisions\/2053"}],"wp:featuredmedia":[{"embeddable":true,"href":"https:\/\/www.ufpb.br\/cga\/wp-json\/wp\/v2\/media\/2044"}],"wp:attachment":[{"href":"https:\/\/www.ufpb.br\/cga\/wp-json\/wp\/v2\/media?parent=2037"}],"wp:term":[{"taxonomy":"category","embeddable":true,"href":"https:\/\/www.ufpb.br\/cga\/wp-json\/wp\/v2\/categories?post=2037"},{"taxonomy":"post_tag","embeddable":true,"href":"https:\/\/www.ufpb.br\/cga\/wp-json\/wp\/v2\/tags?post=2037"}],"curies":[{"name":"wp","href":"https:\/\/api.w.org\/{rel}","templated":true}]}}