{"id":2390,"date":"2026-06-16T20:45:02","date_gmt":"2026-06-16T23:45:02","guid":{"rendered":"https:\/\/www.ufpb.br\/cga\/?p=2390"},"modified":"2026-06-17T00:25:29","modified_gmt":"2026-06-17T03:25:29","slug":"17-de-junho-dia-mundial-de-combate-a-desertificacao","status":"publish","type":"post","link":"https:\/\/www.ufpb.br\/cga\/calendarios\/17-de-junho-dia-mundial-de-combate-a-desertificacao\/","title":{"rendered":"17 de junho &#8211; Dia Mundial de combate \u00e0 desertifica\u00e7\u00e3o"},"content":{"rendered":"<div class=\"wp-block-image\">\n<figure class=\"aligncenter size-large is-resized\"><img loading=\"lazy\" decoding=\"async\" width=\"1024\" height=\"620\" src=\"https:\/\/www.ufpb.br\/cga\/wp-content\/uploads\/sites\/79\/sites\/365\/2026\/06\/image-34-1024x620.png\" alt=\"\" class=\"wp-image-2392\" style=\"aspect-ratio:1.6516932305653402;width:577px;height:auto\" srcset=\"https:\/\/www.ufpb.br\/cga\/wp-content\/uploads\/sites\/79\/sites\/365\/2026\/06\/image-34-1024x620.png 1024w, https:\/\/www.ufpb.br\/cga\/wp-content\/uploads\/sites\/79\/sites\/365\/2026\/06\/image-34-300x182.png 300w, https:\/\/www.ufpb.br\/cga\/wp-content\/uploads\/sites\/79\/sites\/365\/2026\/06\/image-34-768x465.png 768w, https:\/\/www.ufpb.br\/cga\/wp-content\/uploads\/sites\/79\/sites\/365\/2026\/06\/image-34-1536x930.png 1536w, https:\/\/www.ufpb.br\/cga\/wp-content\/uploads\/sites\/79\/sites\/365\/2026\/06\/image-34.png 1612w\" sizes=\"auto, (max-width: 1024px) 100vw, 1024px\" \/><figcaption class=\"wp-element-caption\">Fonte: Gerada em IA- ChatGPT<\/figcaption><\/figure>\n<\/div>\n\n\n<p class=\"has-medium-font-size wp-block-paragraph\">17 de junho, \u00e9 o Dia Mundial de Combate \u00e0 Seca e \u00e0 Desertifica\u00e7\u00e3o, data institu\u00edda pela ONU em 1994. Mais do que um marco no calend\u00e1rio, este dia \u00e9 um apelo urgente \u00e0 sociedade para nos conscientizarmos sobre a degrada\u00e7\u00e3o dos solos e a necessidade de proteger nossas regi\u00f5es semi\u00e1ridas.<\/p>\n\n\n\n<p class=\"has-medium-font-size wp-block-paragraph\">Em 2026, o tema &#8220;Pastagens: Reconhecer. Respeitar. Restaurar.&#8221; refor\u00e7a a necessidade de valorizar ecossistemas essenciais para o equil\u00edbrio ambiental, a seguran\u00e7a h\u00eddrica e a resili\u00eancia clim\u00e1tica.<\/p>\n\n\n\n<p class=\"has-medium-font-size wp-block-paragraph\">A batalha contra a desertifica\u00e7\u00e3o n\u00e3o \u00e9 apenas uma pauta de justi\u00e7a ambiental, social e econ\u00f4mica. Quando o solo perde sua propriedade e se torna inf\u00e9rtil devido \u00e0 explora\u00e7\u00e3o irrespons\u00e1vel dos recursos naturais e ao desmatamento, comunidades inteiras perdem sua seguran\u00e7a alimentar, sua renda e s\u00e3o for\u00e7adas a migrar em busca de sobreviv\u00eancia.<\/p>\n\n\n\n<h3 class=\"wp-block-heading\">O tamanho do desafio<\/h3>\n\n\n\n<p class=\"has-medium-font-size wp-block-paragraph\">Estudos do IPES-Food apontam que o sistema alimentar predominante tem causado impactos devastadores, com 20% a 40% da \u00e1rea terrestre global j\u00e1 considerada moderada ou severamente degradada.<\/p>\n\n\n\n<p class=\"has-medium-font-size wp-block-paragraph\">No Brasil, que integra a Conven\u00e7\u00e3o Internacional de Combate \u00e0 Desertifica\u00e7\u00e3o desde 1998, o cen\u00e1rio exige aten\u00e7\u00e3o m\u00e1xima:<\/p>\n\n\n\n<ul class=\"wp-block-list\">\n<li class=\"has-medium-font-size\"><strong>Impacto no Nordeste:<\/strong> O fen\u00f4meno atinge de forma grave cerca de 10% da regi\u00e3o semi\u00e1rida brasileira, afetando os nove estados nordestinos e o norte de Minas Gerais.<\/li>\n\n\n\n<li class=\"has-medium-font-size\"><strong>Preju\u00edzo econ\u00f4mico:<\/strong> Estima-se que as perdas cheguem a U$ 300 bilh\u00f5es por ano, e o custo para recuperar as \u00e1reas mais afetadas gira em torno de U$ 2 bilh\u00f5es para um per\u00edodo de 20 anos.<\/li>\n<\/ul>\n\n\n\n<p class=\"wp-block-paragraph\"><strong>A conta n\u00e3o fecha n\u00e9??<\/strong><\/p>\n\n\n\n<p class=\"has-medium-font-size wp-block-paragraph\"> Se com US$ 2 bilh\u00f5es daria para recuperar as \u00e1reas mais afetadas, o que est\u00e1 faltando? O problema \u00e9 que os valores precisariam vir, em grande parte, de investimentos p\u00fablicos (governos e \u00f3rg\u00e3os internacionais), enquanto as perdas de US$ 300 bilh\u00f5es s\u00e3o pulverizadas: afetam o pequeno agricultor que perde a safra, o pre\u00e7o dos alimentos nas cidades e a economia local. Como o retorno do investimento n\u00e3o vai direto para o caixa de quem financia, h\u00e1 falta de vontade pol\u00edtica para alocar esse recurso.<\/p>\n\n\n<div class=\"wp-block-image\">\n<figure class=\"aligncenter size-large is-resized\"><img loading=\"lazy\" decoding=\"async\" width=\"1024\" height=\"1024\" src=\"https:\/\/www.ufpb.br\/cga\/wp-content\/uploads\/sites\/79\/sites\/365\/2026\/06\/image-33-1024x1024.png\" alt=\"\" class=\"wp-image-2391\" style=\"width:461px;height:auto\" srcset=\"https:\/\/www.ufpb.br\/cga\/wp-content\/uploads\/sites\/79\/sites\/365\/2026\/06\/image-33-1024x1024.png 1024w, https:\/\/www.ufpb.br\/cga\/wp-content\/uploads\/sites\/79\/sites\/365\/2026\/06\/image-33-300x300.png 300w, https:\/\/www.ufpb.br\/cga\/wp-content\/uploads\/sites\/79\/sites\/365\/2026\/06\/image-33-150x150.png 150w, https:\/\/www.ufpb.br\/cga\/wp-content\/uploads\/sites\/79\/sites\/365\/2026\/06\/image-33-768x768.png 768w, https:\/\/www.ufpb.br\/cga\/wp-content\/uploads\/sites\/79\/sites\/365\/2026\/06\/image-33.png 1254w\" sizes=\"auto, (max-width: 1024px) 100vw, 1024px\" \/><\/figure>\n<\/div>\n\n\n<h3 class=\"wp-block-heading\">O caminho para a conviv\u00eancia sustent\u00e1vel<\/h3>\n\n\n\n<p class=\"has-medium-font-size wp-block-paragraph\">Apesar dos dados alarmantes, especialistas e pesquisadores \u2014 inclusive dentro das universidades \u2014 mostram que a regenera\u00e7\u00e3o \u00e9 perfeitamente poss\u00edvel. Proteger e recuperar zonas \u00e1ridas fortalece a seguran\u00e7a alimentar e combate diretamente as altera\u00e7\u00f5es clim\u00e1ticas.<\/p>\n\n\n\n<p class=\"has-medium-font-size wp-block-paragraph\">Para virar esse jogo, precisamos focar em a\u00e7\u00f5es pr\u00e1ticas:<\/p>\n\n\n\n<ul class=\"wp-block-list\">\n<li><strong>Sistemas Alimentares Sustent\u00e1veis:<\/strong> Pr\u00e1ticas de produ\u00e7\u00e3o que respeitem os ciclos do solo, como a rota\u00e7\u00e3o de culturas, plantio direto, aduba\u00e7\u00e3o verde e t\u00e9cnicas que evitem a polui\u00e7\u00e3o.<\/li>\n\n\n\n<li><strong>Preserva\u00e7\u00e3o Direta:<\/strong> Combate firme ao desmatamento ilegal, reflorestamento, conserva\u00e7\u00e3o e recupera\u00e7\u00e3o das nossas matas ciliares.<\/li>\n\n\n\n<li><strong>Agropecu\u00e1ria Regenerativa:<\/strong> Apoio a modelos de produ\u00e7\u00e3o que convivam harmonicamente com o semi\u00e1rido, gerando renda sem esgotar a terra.<\/li>\n<\/ul>\n\n\n\n<h3 class=\"wp-block-heading\">Onde a UFPB entra nisso?<\/h3>\n\n\n\n<p class=\"has-medium-font-size wp-block-paragraph\">A CGA contribui para esse compromisso por meio de a\u00e7\u00f5es voltadas ao combate ao desperd\u00edcio de \u00e1gua, \u00e0 preserva\u00e7\u00e3o ambiental e \u00e0 promo\u00e7\u00e3o de pr\u00e1ticas sustent\u00e1veis como o programa de compostagem, fortalecendo a conviv\u00eancia respons\u00e1vel com os desafios ambientais do semi\u00e1rido.<\/p>\n\n\n\n<p class=\"has-medium-font-size wp-block-paragraph\">A Universidade Federal da Para\u00edba (UFPB) desempenha um papel de lideran\u00e7a cient\u00edfica e estrat\u00e9gica no combate \u00e0 desertifica\u00e7\u00e3o e na mitiga\u00e7\u00e3o dos efeitos da seca no semi\u00e1rido nordestino. As a\u00e7\u00f5es da institui\u00e7\u00e3o se dividem entre a formula\u00e7\u00e3o de pol\u00edticas p\u00fablicas, o desenvolvimento de ferramentas tecnol\u00f3gicas e a atua\u00e7\u00e3o direta em campo no bioma Caatinga.<\/p>\n\n\n\n<ul class=\"wp-block-list\">\n<li><strong>Estudos sobre Degrada\u00e7\u00e3o e Desertifica\u00e7\u00e3o:<\/strong> Dados extra\u00eddos dos relat\u00f3rios de projetos financiados pela Funda\u00e7\u00e3o de Apoio \u00e0 Pesquisa do Estado da Para\u00edba (Fapesq) e pelo CNPq. Entre eles, destaca-se o projeto <em>&#8220;Mudan\u00e7as ambientais, eros\u00e3o dos solos e desertifica\u00e7\u00e3o no Semi\u00e1rido da Para\u00edba&#8221;<\/em>, liderado pelo Prof. Dr. Rafael Albuquerque Xavier, focado em monitorar \u00e1reas cr\u00edticas como o Cariri paraibano.<\/li>\n\n\n\n<li><strong>Projeto Nascente Viva:<\/strong> Em parceria com a Superintend\u00eancia de Administra\u00e7\u00e3o do Meio Ambiente (Sudema), a UFPB atua na recupera\u00e7\u00e3o das nascentes do Rio Para\u00edba. O foco \u00e9 recompor a vegeta\u00e7\u00e3o ciliar para garantir a seguran\u00e7a h\u00eddrica e frear a degrada\u00e7\u00e3o do solo ao longo da bacia.<\/li>\n\n\n\n<li><strong>Parceria com o Observat\u00f3rio da Caatinga \/ INSA:<\/strong> Estudos que validam o comportamento hidrol\u00f3gico do semi\u00e1rido e o desenvolvimento de modelos (como o modelo <em>STEEP<\/em>) criados para calcular com precis\u00e3o a parti\u00e7\u00e3o de energia e a perda de \u00e1gua por evapotranspira\u00e7\u00e3o no bioma, otimizando a irriga\u00e7\u00e3o agr\u00edcola.<\/li>\n\n\n\n<li><strong>Mapeamento da &#8220;Sertaniza\u00e7\u00e3o&#8221; do Agreste:<\/strong> Pesquisas recentes da UFPB alertam que cerca de metade do Agreste j\u00e1 apresenta caracter\u00edsticas ecol\u00f3gicas severas de transi\u00e7\u00e3o para o Sert\u00e3o. Os cientistas monitoram munic\u00edpios como Cabaceiras, S\u00e3o Jo\u00e3o do Cariri e S\u00e3o Jos\u00e9 dos Cordeiros para propor solu\u00e7\u00f5es de revers\u00e3o desse cen\u00e1rio.<\/li>\n\n\n\n<li><strong>\u00cdndices Biof\u00edsicos de Degrada\u00e7\u00e3o:<\/strong> Pesquisadores criaram metodologias espec\u00edficas para avaliar a perda de fertilidade do solo (como Luvissolos Cr\u00f4micos, t\u00edpicos da regi\u00e3o) e mensurar o n\u00edvel de resili\u00eancia da cobertura vegetal remanescente em per\u00edodos de estiagem extrema.<\/li>\n\n\n\n<li><strong>Manejo Sustent\u00e1vel do Solo:<\/strong> Estudos promovidos por centros como o Centro de Ci\u00eancias Agr\u00e1rias (CCA) avaliam t\u00e9cnicas de corre\u00e7\u00e3o da acidez e fertilidade do solo, promovendo uma transi\u00e7\u00e3o para a agricultura familiar ecol\u00f3gica de baixo impacto.<\/li>\n<\/ul>\n\n\n\n<figure class=\"wp-block-image size-full\"><img loading=\"lazy\" decoding=\"async\" width=\"1024\" height=\"559\" src=\"https:\/\/www.ufpb.br\/cga\/wp-content\/uploads\/sites\/79\/sites\/365\/2026\/06\/image-35.png\" alt=\"\" class=\"wp-image-2393\" srcset=\"https:\/\/www.ufpb.br\/cga\/wp-content\/uploads\/sites\/79\/sites\/365\/2026\/06\/image-35.png 1024w, https:\/\/www.ufpb.br\/cga\/wp-content\/uploads\/sites\/79\/sites\/365\/2026\/06\/image-35-300x164.png 300w, https:\/\/www.ufpb.br\/cga\/wp-content\/uploads\/sites\/79\/sites\/365\/2026\/06\/image-35-768x419.png 768w\" sizes=\"auto, (max-width: 1024px) 100vw, 1024px\" \/><figcaption class=\"wp-element-caption\">Fonte: Gerada em IA- ChatGPT<\/figcaption><\/figure>\n\n\n\n<hr class=\"wp-block-separator has-alpha-channel-opacity\" \/>\n\n\n\n<p class=\"wp-block-paragraph\"><\/p>\n\n\n\n<p class=\"has-medium-font-size wp-block-paragraph\">O combate \u00e0 desertifica\u00e7\u00e3o est\u00e1 diretamente ligado \u00e0 <strong>Agenda 2030 da ONU<\/strong>, sendo um tema transversal que impacta a seguran\u00e7a alimentar, a erradica\u00e7\u00e3o da pobreza e a resili\u00eancia clim\u00e1tica. O principal objetivo dedicado a esse tema \u00e9 o <strong>ODS 15<\/strong>, mas existem outros diretamente conectados. Veja os principais:<\/p>\n\n\n\n<h3 class=\"wp-block-heading\">ODS 15: Vida Terrestre (O Alvo Principal) <\/h3>\n\n\n\n<p class=\"wp-block-paragraph\">Este \u00e9 o cora\u00e7\u00e3o da engrenagem contra a degrada\u00e7\u00e3o das terras. A <strong>Meta 15.3<\/strong> estabelece explicitamente o compromisso global com o tema:<\/p>\n\n\n\n<blockquote class=\"wp-block-quote is-layout-flow wp-block-quote-is-layout-flow\">\n<p class=\"wp-block-paragraph\"><em>&#8220;At\u00e9 2030, combater a desertifica\u00e7\u00e3o, restaurar a terra e o solo degradados, incluindo terrenos afetados pela desertifica\u00e7\u00e3o, secas e inunda\u00e7\u00f5es, e empenhar-se para alcan\u00e7ar um mundo neutro em termos de degrada\u00e7\u00e3o do solo.&#8221;<\/em><\/p>\n<\/blockquote>\n\n\n\n<h3 class=\"wp-block-heading\">ODS 2: Fome Zero e Agricultura Sustent\u00e1vel<\/h3>\n\n\n\n<p class=\"wp-block-paragraph\">A desertifica\u00e7\u00e3o reduz drasticamente a produtividade das terras agr\u00edcolas. O combate a esse fen\u00f4meno \u00e9 essencial para:<\/p>\n\n\n\n<ul class=\"wp-block-list\">\n<li>Garantir <strong>sistemas sustent\u00e1veis de produ\u00e7\u00e3o de alimentos<\/strong> (Meta 2.4).<\/li>\n\n\n\n<li>Implementar pr\u00e1ticas agr\u00edcolas resilientes que aumentem a produtividade e ajudem a manter os ecossistemas, fortalecendo a capacidade de adapta\u00e7\u00e3o \u00e0s mudan\u00e7as clim\u00e1ticas e \u00e0s secas.<\/li>\n<\/ul>\n\n\n\n<h3 class=\"wp-block-heading\">ODS 6: \u00c1gua Pot\u00e1vel e Saneamento<\/h3>\n\n\n\n<p class=\"wp-block-paragraph\">A degrada\u00e7\u00e3o do solo e a desertifica\u00e7\u00e3o alteram profundamente o ciclo hidrol\u00f3gico, secando fontes de \u00e1gua e reduzindo a infiltra\u00e7\u00e3o no len\u00e7ol fre\u00e1tico. O combate \u00e0 desertifica\u00e7\u00e3o ajuda a:<\/p>\n\n\n\n<ul class=\"wp-block-list\">\n<li>Proteger e restaurar ecossistemas relacionados com a \u00e1gua, incluindo montanhas, florestas, \u00e1reas \u00famidas, rios, aqu\u00edferos e lagos (Meta 6.6).<\/li>\n<\/ul>\n\n\n\n<h3 class=\"wp-block-heading\">ODS 13: A\u00e7\u00e3o Contra a Mudan\u00e7a Global do Clima<\/h3>\n\n\n\n<p class=\"wp-block-paragraph\">Solos desertificados perdem a capacidade de armazenar carbono, liberando-o na atmosfera e agravando o efeito estufa. Al\u00e9m disso, a seca severa \u00e9 uma consequ\u00eancia direta das mudan\u00e7as clim\u00e1ticas. Trabalhar contra a desertifica\u00e7\u00e3o significa:<\/p>\n\n\n\n<ul class=\"wp-block-list\">\n<li>Refor\u00e7ar a <strong>resili\u00eancia e a capacidade de adapta\u00e7\u00e3o<\/strong> a riscos relacionados com o clima e cat\u00e1strofes naturais (Meta 13.1).<\/li>\n<\/ul>\n\n\n\n<h3 class=\"wp-block-heading\">Outras conex\u00f5es importantes<\/h3>\n\n\n\n<ul class=\"wp-block-list\">\n<li><strong>ODS 1 (Erradica\u00e7\u00e3o da Pobreza):<\/strong> Popula\u00e7\u00f5es de regi\u00f5es \u00e1ridas e semi\u00e1ridas (como o semi\u00e1rido brasileiro) s\u00e3o as mais vulner\u00e1veis \u00e0 perda de produtividade da terra, tornando o combate \u00e0 desertifica\u00e7\u00e3o uma ferramenta de justi\u00e7a social e seguran\u00e7a econ\u00f4mica (Meta 1.5).<\/li>\n\n\n\n<li><strong>ODS 12 (Consumo e Produ\u00e7\u00e3o Respons\u00e1veis):<\/strong> Exige a gest\u00e3o sustent\u00e1vel e o uso eficiente dos recursos naturais, reduzindo o sobrepastoreio, o desmatamento e o uso excessivo de qu\u00edmicos que aceleram a degrada\u00e7\u00e3o do solo.<\/li>\n<\/ul>\n\n\n\n<hr class=\"wp-block-separator has-alpha-channel-opacity\" \/>\n\n\n\n<p class=\"wp-block-paragraph\">.<\/p>\n\n\n\n<p class=\"has-text-align-center has-large-font-size wp-block-paragraph\"><strong>\u201cQuando o po\u00e7o seca, entendemos o real valor de cada gota. Sustentabilidade \u00e9 aprender a cuidar da \u00e1gua antes que a fonte desapare\u00e7a.\u201c<\/strong><\/p>\n\n\n<div class=\"wp-block-image\">\n<figure class=\"aligncenter is-resized\"><img loading=\"lazy\" decoding=\"async\" width=\"82\" height=\"103\" src=\"http:\/\/www.ufpb.br\/cga\/wp-content\/uploads\/sites\/79\/sites\/365\/2026\/04\/Icone-verde.png\" alt=\"\" class=\"wp-image-1909\" style=\"aspect-ratio:0.796206373292868;width:168px;height:auto\" \/><\/figure>\n<\/div>","protected":false},"excerpt":{"rendered":"<p>17 de junho, \u00e9 o Dia Mundial de Combate \u00e0 Seca e \u00e0 Desertifica\u00e7\u00e3o, data [&hellip;]<\/p>\n","protected":false},"author":397,"featured_media":2392,"comment_status":"closed","ping_status":"closed","sticky":false,"template":"","format":"standard","meta":{"footnotes":""},"categories":[71],"tags":[6,140,139,9,10],"class_list":["post-2390","post","type-post","status-publish","format-standard","has-post-thumbnail","hentry","category-calendarios","tag-cga","tag-desertificacao","tag-seca","tag-sustentabilidade","tag-ufpb"],"_links":{"self":[{"href":"https:\/\/www.ufpb.br\/cga\/wp-json\/wp\/v2\/posts\/2390","targetHints":{"allow":["GET"]}}],"collection":[{"href":"https:\/\/www.ufpb.br\/cga\/wp-json\/wp\/v2\/posts"}],"about":[{"href":"https:\/\/www.ufpb.br\/cga\/wp-json\/wp\/v2\/types\/post"}],"author":[{"embeddable":true,"href":"https:\/\/www.ufpb.br\/cga\/wp-json\/wp\/v2\/users\/397"}],"replies":[{"embeddable":true,"href":"https:\/\/www.ufpb.br\/cga\/wp-json\/wp\/v2\/comments?post=2390"}],"version-history":[{"count":8,"href":"https:\/\/www.ufpb.br\/cga\/wp-json\/wp\/v2\/posts\/2390\/revisions"}],"predecessor-version":[{"id":2444,"href":"https:\/\/www.ufpb.br\/cga\/wp-json\/wp\/v2\/posts\/2390\/revisions\/2444"}],"wp:featuredmedia":[{"embeddable":true,"href":"https:\/\/www.ufpb.br\/cga\/wp-json\/wp\/v2\/media\/2392"}],"wp:attachment":[{"href":"https:\/\/www.ufpb.br\/cga\/wp-json\/wp\/v2\/media?parent=2390"}],"wp:term":[{"taxonomy":"category","embeddable":true,"href":"https:\/\/www.ufpb.br\/cga\/wp-json\/wp\/v2\/categories?post=2390"},{"taxonomy":"post_tag","embeddable":true,"href":"https:\/\/www.ufpb.br\/cga\/wp-json\/wp\/v2\/tags?post=2390"}],"curies":[{"name":"wp","href":"https:\/\/api.w.org\/{rel}","templated":true}]}}