{"id":2399,"date":"2026-06-16T22:09:08","date_gmt":"2026-06-17T01:09:08","guid":{"rendered":"https:\/\/www.ufpb.br\/cga\/?p=2399"},"modified":"2026-06-17T12:04:16","modified_gmt":"2026-06-17T15:04:16","slug":"caminho-sustentavel-jardim-botanico-de-joao-pessoa","status":"publish","type":"post","link":"https:\/\/www.ufpb.br\/cga\/eventos\/caminho-sustentavel-jardim-botanico-de-joao-pessoa\/","title":{"rendered":"Caminhos Sustent\u00e1veis &#8211; Jardim Bot\u00e2nico de Jo\u00e3o Pessoa"},"content":{"rendered":"<div class=\"wp-block-image\">\n<figure class=\"aligncenter size-full is-resized\"><img loading=\"lazy\" decoding=\"async\" width=\"752\" height=\"237\" src=\"https:\/\/www.ufpb.br\/cga\/wp-content\/uploads\/sites\/79\/sites\/365\/2026\/06\/image-36.png\" alt=\"\" class=\"wp-image-2400\" style=\"aspect-ratio:3.1731993299832495;width:681px;height:auto\" srcset=\"https:\/\/www.ufpb.br\/cga\/wp-content\/uploads\/sites\/79\/sites\/365\/2026\/06\/image-36.png 752w, https:\/\/www.ufpb.br\/cga\/wp-content\/uploads\/sites\/79\/sites\/365\/2026\/06\/image-36-300x95.png 300w\" sizes=\"auto, (max-width: 752px) 100vw, 752px\" \/><\/figure>\n<\/div>\n\n\n<p class=\"has-medium-font-size wp-block-paragraph\">Hoje vivenciamos  uma experi\u00eancia voltada \u00e0 integra\u00e7\u00e3o, ao bem-estar e \u00e0 conscientiza\u00e7\u00e3o ambiental. Numa imers\u00e3o completa na biodiversidade da Mata Atl\u00e2ntica, em parceria com a Pr\u00f3-Reitoria de Gest\u00e3o de Pessoas<strong> &#8211; <a href=\"https:\/\/www.instagram.com\/progepufpb\/\" target=\"_blank\" rel=\"noreferrer noopener\">PROGEP<\/a><\/strong> e a Pr\u00f3-Reitoria de Assist\u00eancia e Promo\u00e7\u00e3o ao Estudante &#8211; <strong><a href=\"https:\/\/www.instagram.com\/prape.ufpb\/\" target=\"_blank\" rel=\"noreferrer noopener\">PRAPE<\/a><\/strong>, estivemos juntos no <a href=\"https:\/\/www.instagram.com\/jardimbotanicojp\/\" target=\"_blank\" rel=\"noreferrer noopener\">Jardim Bot\u00e2nico <\/a> para realizar a trilha \u201cCaminhos Sustent\u00e1veis: Reconectando Pessoas e Natureza\u201d.<\/p>\n\n\n<div class=\"wp-block-image\">\n<figure class=\"aligncenter size-full is-resized\"><img loading=\"lazy\" decoding=\"async\" width=\"1024\" height=\"871\" src=\"https:\/\/www.ufpb.br\/cga\/wp-content\/uploads\/sites\/79\/sites\/365\/2026\/06\/image-58.png\" alt=\"\" class=\"wp-image-2438\" style=\"aspect-ratio:1.175682049499789;width:570px;height:auto\" srcset=\"https:\/\/www.ufpb.br\/cga\/wp-content\/uploads\/sites\/79\/sites\/365\/2026\/06\/image-58.png 1024w, https:\/\/www.ufpb.br\/cga\/wp-content\/uploads\/sites\/79\/sites\/365\/2026\/06\/image-58-300x255.png 300w, https:\/\/www.ufpb.br\/cga\/wp-content\/uploads\/sites\/79\/sites\/365\/2026\/06\/image-58-768x653.png 768w\" sizes=\"auto, (max-width: 1024px) 100vw, 1024px\" \/><\/figure>\n<\/div>\n\n\n<p class=\"wp-block-paragraph\"><\/p>\n\n\n\n<h4 class=\"wp-block-heading has-medium-font-size\">A visita especial ao Jardim Bot\u00e2nico foi dividida em dois momentos marcantes.<\/h4>\n\n\n\n<p class=\"has-medium-font-size wp-block-paragraph\">Durante a manh\u00e3, o espa\u00e7o recebeu um grupo de alunos. Para a maioria deles, a visita representou o primeiro contato com o local. Os estudantes puderam explorar os mais de 500 hectares de floresta preservada, percorrendo trilhas que envolvem os visitantes na mata e proporcionam a oportunidade \u00fanica de observar animais em seu habitat natural. <\/p>\n\n\n<div class=\"wp-block-image\">\n<figure class=\"aligncenter size-full is-resized\"><img loading=\"lazy\" decoding=\"async\" width=\"842\" height=\"454\" src=\"https:\/\/www.ufpb.br\/cga\/wp-content\/uploads\/sites\/79\/sites\/365\/2026\/06\/image-52.png\" alt=\"\" class=\"wp-image-2428\" style=\"aspect-ratio:1.8547092226355981;width:557px;height:auto\" srcset=\"https:\/\/www.ufpb.br\/cga\/wp-content\/uploads\/sites\/79\/sites\/365\/2026\/06\/image-52.png 842w, https:\/\/www.ufpb.br\/cga\/wp-content\/uploads\/sites\/79\/sites\/365\/2026\/06\/image-52-300x162.png 300w, https:\/\/www.ufpb.br\/cga\/wp-content\/uploads\/sites\/79\/sites\/365\/2026\/06\/image-52-768x414.png 768w\" sizes=\"auto, (max-width: 842px) 100vw, 842px\" \/><\/figure>\n<\/div>\n\n\n<figure class=\"wp-block-image size-full\"><img loading=\"lazy\" decoding=\"async\" width=\"1024\" height=\"809\" src=\"https:\/\/www.ufpb.br\/cga\/wp-content\/uploads\/sites\/79\/sites\/365\/2026\/06\/image-53.png\" alt=\"\" class=\"wp-image-2429\" srcset=\"https:\/\/www.ufpb.br\/cga\/wp-content\/uploads\/sites\/79\/sites\/365\/2026\/06\/image-53.png 1024w, https:\/\/www.ufpb.br\/cga\/wp-content\/uploads\/sites\/79\/sites\/365\/2026\/06\/image-53-300x237.png 300w, https:\/\/www.ufpb.br\/cga\/wp-content\/uploads\/sites\/79\/sites\/365\/2026\/06\/image-53-768x607.png 768w\" sizes=\"auto, (max-width: 1024px) 100vw, 1024px\" \/><\/figure>\n\n\n\n<p class=\"has-medium-font-size wp-block-paragraph\">J\u00e1 no per\u00edodo da tarde, a experi\u00eancia foi vivenciada pelos servidores da UFPB, que puderam desfrutar desse momento de aprendizado, conscientiza\u00e7\u00e3o e contato direto com a natureza. Iniciativas como essa refor\u00e7am o nosso compromisso com a sensibiliza\u00e7\u00e3o ambiental e a valoriza\u00e7\u00e3o do patrim\u00f4nio natural da cidade de Jo\u00e3o Pessoa, que consegue preservar uma floresta viva, praticamente dentro da cidade.<\/p>\n\n\n\n<p class=\"has-medium-font-size wp-block-paragraph\">Participar da Jornada Verde \u2013 Caminho Sustent\u00e1vel, realizada no Jardim Bot\u00e2nico de Jo\u00e3o Pessoa, foi uma experi\u00eancia extremamente significativa. O passeio proporcionou momentos de aprendizado, reflex\u00e3o e integra\u00e7\u00e3o com a natureza, permitindo observar de perto a riqueza da biodiversidade existente em nossa regi\u00e3o e a import\u00e2ncia de sua preserva\u00e7\u00e3o para as presentes e futuras gera\u00e7\u00f5es.<\/p>\n\n\n<div class=\"wp-block-image\">\n<figure class=\"aligncenter size-full is-resized\"><img loading=\"lazy\" decoding=\"async\" width=\"394\" height=\"248\" src=\"https:\/\/www.ufpb.br\/cga\/wp-content\/uploads\/sites\/79\/sites\/365\/2026\/06\/image-55.png\" alt=\"\" class=\"wp-image-2432\" style=\"aspect-ratio:1.5887467708398966;width:591px;height:auto\" srcset=\"https:\/\/www.ufpb.br\/cga\/wp-content\/uploads\/sites\/79\/sites\/365\/2026\/06\/image-55.png 394w, https:\/\/www.ufpb.br\/cga\/wp-content\/uploads\/sites\/79\/sites\/365\/2026\/06\/image-55-300x189.png 300w\" sizes=\"auto, (max-width: 394px) 100vw, 394px\" \/><\/figure>\n<\/div>\n\n\n<figure class=\"wp-block-image size-large\"><img loading=\"lazy\" decoding=\"async\" width=\"1024\" height=\"790\" src=\"https:\/\/www.ufpb.br\/cga\/wp-content\/uploads\/sites\/79\/sites\/365\/2026\/06\/image-57-1024x790.png\" alt=\"\" class=\"wp-image-2437\" srcset=\"https:\/\/www.ufpb.br\/cga\/wp-content\/uploads\/sites\/79\/sites\/365\/2026\/06\/image-57-1024x790.png 1024w, https:\/\/www.ufpb.br\/cga\/wp-content\/uploads\/sites\/79\/sites\/365\/2026\/06\/image-57-300x231.png 300w, https:\/\/www.ufpb.br\/cga\/wp-content\/uploads\/sites\/79\/sites\/365\/2026\/06\/image-57-768x592.png 768w, https:\/\/www.ufpb.br\/cga\/wp-content\/uploads\/sites\/79\/sites\/365\/2026\/06\/image-57.png 1428w\" sizes=\"auto, (max-width: 1024px) 100vw, 1024px\" \/><\/figure>\n\n\n\n<blockquote class=\"wp-block-quote is-layout-flow wp-block-quote-is-layout-flow\">\n<p class=\"has-medium-font-size wp-block-paragraph\">O servidor da UFPB e colaborador da CGA, Marcelo da Fons\u00eaca, destacou o impacto da experi\u00eancia: &#8220;Durante a caminhada, pude conhecer melhor a biodiversidade da nossa regi\u00e3o e refletir sobre a import\u00e2ncia da preserva\u00e7\u00e3o ambiental. O ambiente tranquilo, marcado pelo cantar dos p\u00e1ssaros, pelo som das \u00e1guas do rio e pela beleza da vegeta\u00e7\u00e3o nativa, proporciona uma sensa\u00e7\u00e3o de paz e bem-estar, convidando \u00e0 reflex\u00e3o sobre nosso papel na conserva\u00e7\u00e3o dos recursos naturais&#8221;. Para Marcelo, a viv\u00eancia trouxe ainda mais motiva\u00e7\u00e3o para &#8220;contribuir para o fortalecimento da sustentabilidade e da conscientiza\u00e7\u00e3o ambiental em nossa universidade e na sociedade&#8221;.<\/p>\n<\/blockquote>\n\n\n\n<hr class=\"wp-block-separator has-alpha-channel-opacity\" \/>\n\n\n\n<p class=\"has-medium-font-size wp-block-paragraph\">Todo o percurso contou com o suporte fundamental da equipe do Jardim Bot\u00e2nico, que disponibilizou um guia para acompanhar a turma, transmitindo orienta\u00e7\u00f5es de seguran\u00e7a e ricas informa\u00e7\u00f5es sobre a fauna e a flora locais. <a href=\"https:\/\/www.instagram.com\/stories\/highlights\/18059823547840608\/\" target=\"_blank\" rel=\"noreferrer noopener\">Agende para o seu grupo tamb\u00e9m!<\/a> <\/p>\n\n\n\n<p class=\"has-medium-font-size wp-block-paragraph\">Fique atento ao nosso\u00a0<a href=\"https:\/\/www.instagram.com\/cgaufpb\/\" target=\"_blank\" rel=\"noreferrer noopener\">instagram<\/a>\u00a0para acompanhar as pr\u00f3ximas etapas e os novos passos dessa jornada!<\/p>\n\n\n\n<hr class=\"wp-block-separator has-alpha-channel-opacity\" \/>\n\n\n\n<p class=\"has-text-align-center has-large-font-size wp-block-paragraph\">         <strong>\u201cContemplar a natureza no cora\u00e7\u00e3o de uma cidade que n\u00e3o para \u00e9 um lembrete: estamos trocando o eterno pelo ru\u00eddo da nossa pr\u00f3pria rotina ef\u00eamera.\u201d<\/strong><\/p>\n\n\n\n<p class=\"has-text-align-right wp-block-paragraph\">Douglas Gurgel<\/p>\n\n\n<div class=\"wp-block-image\">\n<figure class=\"aligncenter is-resized\"><img loading=\"lazy\" decoding=\"async\" width=\"82\" height=\"103\" src=\"http:\/\/www.ufpb.br\/cga\/wp-content\/uploads\/sites\/79\/sites\/365\/2026\/04\/Icone-verde.png\" alt=\"\" class=\"wp-image-1909\" style=\"aspect-ratio:0.7960855712335002;width:201px;height:auto\" \/><\/figure>\n<\/div>","protected":false},"excerpt":{"rendered":"<p>Hoje vivenciamos uma experi\u00eancia voltada \u00e0 integra\u00e7\u00e3o, ao bem-estar e \u00e0 conscientiza\u00e7\u00e3o ambiental. Numa imers\u00e3o [&hellip;]<\/p>\n","protected":false},"author":397,"featured_media":2438,"comment_status":"closed","ping_status":"closed","sticky":false,"template":"","format":"standard","meta":{"footnotes":""},"categories":[18],"tags":[6,138,78,87,10],"class_list":["post-2399","post","type-post","status-publish","format-standard","has-post-thumbnail","hentry","category-eventos","tag-cga","tag-jardim-botanico","tag-meio-ambiente","tag-paraiba","tag-ufpb"],"_links":{"self":[{"href":"https:\/\/www.ufpb.br\/cga\/wp-json\/wp\/v2\/posts\/2399","targetHints":{"allow":["GET"]}}],"collection":[{"href":"https:\/\/www.ufpb.br\/cga\/wp-json\/wp\/v2\/posts"}],"about":[{"href":"https:\/\/www.ufpb.br\/cga\/wp-json\/wp\/v2\/types\/post"}],"author":[{"embeddable":true,"href":"https:\/\/www.ufpb.br\/cga\/wp-json\/wp\/v2\/users\/397"}],"replies":[{"embeddable":true,"href":"https:\/\/www.ufpb.br\/cga\/wp-json\/wp\/v2\/comments?post=2399"}],"version-history":[{"count":6,"href":"https:\/\/www.ufpb.br\/cga\/wp-json\/wp\/v2\/posts\/2399\/revisions"}],"predecessor-version":[{"id":2459,"href":"https:\/\/www.ufpb.br\/cga\/wp-json\/wp\/v2\/posts\/2399\/revisions\/2459"}],"wp:featuredmedia":[{"embeddable":true,"href":"https:\/\/www.ufpb.br\/cga\/wp-json\/wp\/v2\/media\/2438"}],"wp:attachment":[{"href":"https:\/\/www.ufpb.br\/cga\/wp-json\/wp\/v2\/media?parent=2399"}],"wp:term":[{"taxonomy":"category","embeddable":true,"href":"https:\/\/www.ufpb.br\/cga\/wp-json\/wp\/v2\/categories?post=2399"},{"taxonomy":"post_tag","embeddable":true,"href":"https:\/\/www.ufpb.br\/cga\/wp-json\/wp\/v2\/tags?post=2399"}],"curies":[{"name":"wp","href":"https:\/\/api.w.org\/{rel}","templated":true}]}}