{"id":2799,"date":"2026-09-05T18:07:49","date_gmt":"2026-09-05T21:07:49","guid":{"rendered":"https:\/\/www.ufpb.br\/cga\/?p=2799"},"modified":"2026-09-05T18:14:01","modified_gmt":"2026-09-05T21:14:01","slug":"setembro-de-2026","status":"publish","type":"post","link":"https:\/\/www.ufpb.br\/cga\/calendarios\/setembro-de-2026\/","title":{"rendered":"Setembro de 2026"},"content":{"rendered":"\n<p class=\"wp-block-paragraph\">P\u00f3rtico da cidade de Areia\/PB<\/p>\n\n\n<div class=\"wp-block-image\">\n<figure class=\"aligncenter size-full is-resized\"><img loading=\"lazy\" decoding=\"async\" width=\"845\" height=\"476\" src=\"https:\/\/www.ufpb.br\/cga\/wp-content\/uploads\/sites\/79\/sites\/365\/2026\/09\/image-5.png\" alt=\"\" class=\"wp-image-2829\" style=\"aspect-ratio:1.775245520653722;width:620px;height:auto\" srcset=\"https:\/\/www.ufpb.br\/cga\/wp-content\/uploads\/sites\/79\/sites\/365\/2026\/09\/image-5.png 845w, https:\/\/www.ufpb.br\/cga\/wp-content\/uploads\/sites\/79\/sites\/365\/2026\/09\/image-5-300x169.png 300w, https:\/\/www.ufpb.br\/cga\/wp-content\/uploads\/sites\/79\/sites\/365\/2026\/09\/image-5-767x432.png 767w\" sizes=\"auto, (max-width: 845px) 100vw, 845px\" \/><figcaption class=\"wp-element-caption\">Fonte: <a href=\"https:\/\/puromountainbike.com.br\/historia-areia\" target=\"_blank\" rel=\"noopener\">Puromontainbnike<\/a><\/figcaption><\/figure>\n<\/div>\n\n\n<p class=\"wp-block-paragraph\"><\/p>\n\n\n\n<details class=\"wp-block-details is-layout-flow wp-block-details-is-layout-flow\"><summary><strong>03 de setembro \u2013 Dia do Bi\u00f3logo<\/strong><\/summary>\n<p class=\"has-medium-font-size wp-block-paragraph\">O <a href=\"https:\/\/www.ufpb.br\/cga\/calendarios\/03-de-setembro-dia-do-biologo\/\" target=\"_blank\" rel=\"noopener\">Dia Nacional do Bi\u00f3logo<\/a> celebra a dedica\u00e7\u00e3o desses profissionais e estudantes no estudo, conserva\u00e7\u00e3o e manejo da biodiversidade em suas mais diversas formas. Na UFPB, a forma\u00e7\u00e3o de excel\u00eancia nos cursos de Ci\u00eancias Biol\u00f3gicas (Licenciatura e Bacharelado) impulsiona pesquisas fundamentais no campo da ecologia, bot\u00e2nica, zoologia e gen\u00f4mica. Atrav\u00e9s do trabalho de laborat\u00f3rios, Herb\u00e1rio JPB e cole\u00e7\u00f5es cient\u00edficas, os bi\u00f3logos da UFPB desempenham um papel vital no mapeamento da flora e fauna paraibanas, na mitiga\u00e7\u00e3o de impactos ambientais e no fortalecimento da educa\u00e7\u00e3o e consci\u00eancia ambiental em toda a sociedade.<\/p>\n<\/details>\n\n\n\n<details class=\"wp-block-details is-layout-flow wp-block-details-is-layout-flow\"><summary><strong>05 de setembro &#8211; Dia da Amaz\u00f4nia<\/strong><\/summary>\n<p class=\"has-medium-font-size wp-block-paragraph\">O Dia da Amaz\u00f4nia ressalta a relev\u00e2ncia global da maior floresta tropical do planeta, essencial para o equil\u00edbrio clim\u00e1tico, o ciclo da \u00e1gua e a manuten\u00e7\u00e3o da megadiversidade biol\u00f3gica. Na UFPB, docentes e discentes colaboram diretamente em projetos de pesquisa e redes interinstitucionais dedicadas ao bioma amaz\u00f4nico, investigando padr\u00f5es biogeogr\u00e1ficos, conserva\u00e7\u00e3o de esp\u00e9cies amea\u00e7adas e din\u00e2micas socioambientais. Al\u00e9m disso, a universidade estimula debates sobre a conserva\u00e7\u00e3o florestal e a valoriza\u00e7\u00e3o do conhecimento de povos e comunidades tradicionais, conectando a produ\u00e7\u00e3o cient\u00edfica da Para\u00edba \u00e0s grandes causas da sustentabilidade nacional.<\/p>\n<\/details>\n\n\n\n<details class=\"wp-block-details is-layout-flow wp-block-details-is-layout-flow\"><summary><strong>11 de setembro \u2013 Dia Nacional do Cerrado<\/strong><\/summary>\n<p class=\"has-medium-font-size wp-block-paragraph\">O Dia Nacional do Cerrado chama a aten\u00e7\u00e3o para a conserva\u00e7\u00e3o da segunda maior forma\u00e7\u00e3o vegetal da Am\u00e9rica do Sul, a &#8220;caixa d\u2019\u00e1gua do Brasil&#8221;, que abriga expressiva biodiversidade e enfrenta crescentes press\u00f5es do desmatamento. Na UFPB, o ecossistema \u00e9 objeto de estudos nas \u00e1reas de ecologia, sistem\u00e1tica vegetal e bioinova\u00e7\u00e3o, visando entender suas conex\u00f5es ecol\u00f3gicas e potenciais biotecnol\u00f3gicos. A data refor\u00e7a o compromisso da universidade com a defesa da preserva\u00e7\u00e3o dos biomas brasileiros e com o apoio a pol\u00edticas p\u00fablicas direcionadas ao uso sustent\u00e1vel dos recursos naturais.<\/p>\n\n\n\n<details class=\"wp-block-details is-layout-flow wp-block-details-is-layout-flow\"><summary><strong>21 de setembro \u2013 Dia da \u00c1rvore<\/strong><\/summary>\n<p class=\"has-medium-font-size wp-block-paragraph\">O Dia da \u00c1rvore \u00e9 um convite \u00e0 reflex\u00e3o e \u00e0 a\u00e7\u00e3o em prol do reflorestamento, da prote\u00e7\u00e3o da vegeta\u00e7\u00e3o nativa e do bem-estar urbano impulsionado pelas \u00e1reas verdes. Na UFPB, essa data se traduz em iniciativas cont\u00ednuas de arboriza\u00e7\u00e3o e gest\u00e3o da flora nos <em>campi<\/em>, al\u00e9m do desenvolvimento de projetos de conserva\u00e7\u00e3o de esp\u00e9cies nativas da Mata Atl\u00e2ntica e do Caatinga. Projetos de extens\u00e3o ligados \u00e0 Proex e a\u00e7\u00f5es promovidas na universidade incentivam o plantio de mudas, o manejo adequado da vegeta\u00e7\u00e3o e o resgate da import\u00e2ncia das \u00e1rvores na regula\u00e7\u00e3o t\u00e9rmica, conserva\u00e7\u00e3o do solo e manuten\u00e7\u00e3o da biodiversidade universit\u00e1ria.<\/p>\n<\/details>\n<\/details>\n\n\n\n<details class=\"wp-block-details is-layout-flow wp-block-details-is-layout-flow\"><summary><strong>22 de setembro \u2013 Dia da Defesa da Fauna<\/strong><\/summary>\n<p class=\"has-medium-font-size wp-block-paragraph\">O Dia da Defesa da Fauna mobiliza esfor\u00e7os pela prote\u00e7\u00e3o dos animais silvestres, o combate ao tr\u00e1fico de fauna e a preserva\u00e7\u00e3o de seus <em>habitats<\/em> naturais. Na UFPB, a atua\u00e7\u00e3o nessa \u00e1rea se destaca por meio do trabalho de laborat\u00f3rios de zoologia, do Centro de Triagem de Animais Silvestres (CETAS) parceiro e de linhas de pesquisa voltadas para a biodiversidade regional. Estudantes e pesquisadores realizam invent\u00e1rios de fauna, resgates, estudos comportamentais e campanhas de conscientiza\u00e7\u00e3o sobre a import\u00e2ncia de combater o com\u00e9rcio ilegal de animais e promover o bem-estar animal dentro e fora do meio universit\u00e1rio.<\/p>\n<\/details>\n\n\n\n<p class=\"wp-block-paragraph\"><\/p>\n\n\n\n<hr class=\"wp-block-separator has-alpha-channel-opacity\" \/>\n\n\n\n<p class=\"wp-block-paragraph\"><\/p>\n\n\n\n<p class=\"has-text-align-center has-large-font-size wp-block-paragraph\"><strong> &#8220;O futuro n\u00e3o \u00e9 um lugar para onde estamos indo, mas um lugar que estamos criando.&#8221;<\/strong><\/p>\n\n\n\n<p class=\"has-text-align-right wp-block-paragraph\"><strong><strong><strong>Antoine de Saint-Exup\u00e9ry<\/strong><\/strong><\/strong><\/p>\n\n\n<div class=\"wp-block-image\">\n<figure class=\"aligncenter is-resized\"><img decoding=\"async\" src=\"http:\/\/www.ufpb.br\/cga\/wp-content\/uploads\/sites\/79\/sites\/365\/2026\/04\/Icone-verde.png\" alt=\"\" style=\"width:155px;height:auto\" \/><\/figure>\n<\/div>","protected":false},"excerpt":{"rendered":"<p>P\u00f3rtico da cidade de Areia\/PB &#8220;O futuro n\u00e3o \u00e9 um lugar para onde estamos indo, [&hellip;]<\/p>\n","protected":false},"author":397,"featured_media":2834,"comment_status":"closed","ping_status":"closed","sticky":false,"template":"","format":"standard","meta":{"footnotes":""},"categories":[71],"tags":[166,167,165,164],"class_list":["post-2799","post","type-post","status-publish","format-standard","has-post-thumbnail","hentry","category-calendarios","tag-cerrado","tag-defesa-da-fauna","tag-dia-da-amazonia","tag-dia-do-biologo"],"_links":{"self":[{"href":"https:\/\/www.ufpb.br\/cga\/wp-json\/wp\/v2\/posts\/2799","targetHints":{"allow":["GET"]}}],"collection":[{"href":"https:\/\/www.ufpb.br\/cga\/wp-json\/wp\/v2\/posts"}],"about":[{"href":"https:\/\/www.ufpb.br\/cga\/wp-json\/wp\/v2\/types\/post"}],"author":[{"embeddable":true,"href":"https:\/\/www.ufpb.br\/cga\/wp-json\/wp\/v2\/users\/397"}],"replies":[{"embeddable":true,"href":"https:\/\/www.ufpb.br\/cga\/wp-json\/wp\/v2\/comments?post=2799"}],"version-history":[{"count":5,"href":"https:\/\/www.ufpb.br\/cga\/wp-json\/wp\/v2\/posts\/2799\/revisions"}],"predecessor-version":[{"id":2835,"href":"https:\/\/www.ufpb.br\/cga\/wp-json\/wp\/v2\/posts\/2799\/revisions\/2835"}],"wp:featuredmedia":[{"embeddable":true,"href":"https:\/\/www.ufpb.br\/cga\/wp-json\/wp\/v2\/media\/2834"}],"wp:attachment":[{"href":"https:\/\/www.ufpb.br\/cga\/wp-json\/wp\/v2\/media?parent=2799"}],"wp:term":[{"taxonomy":"category","embeddable":true,"href":"https:\/\/www.ufpb.br\/cga\/wp-json\/wp\/v2\/categories?post=2799"},{"taxonomy":"post_tag","embeddable":true,"href":"https:\/\/www.ufpb.br\/cga\/wp-json\/wp\/v2\/tags?post=2799"}],"curies":[{"name":"wp","href":"https:\/\/api.w.org\/{rel}","templated":true}]}}