{"id":2817,"date":"2026-09-03T12:50:53","date_gmt":"2026-09-03T15:50:53","guid":{"rendered":"https:\/\/www.ufpb.br\/cga\/?p=2817"},"modified":"2026-09-03T12:50:54","modified_gmt":"2026-09-03T15:50:54","slug":"03-de-setembro-dia-do-biologo","status":"publish","type":"post","link":"https:\/\/www.ufpb.br\/cga\/calendarios\/03-de-setembro-dia-do-biologo\/","title":{"rendered":"03 de setembro &#8211; Dia do Bi\u00f3logo"},"content":{"rendered":"\n<figure class=\"wp-block-image size-full\"><img loading=\"lazy\" decoding=\"async\" width=\"1008\" height=\"551\" src=\"https:\/\/www.ufpb.br\/cga\/wp-content\/uploads\/sites\/79\/sites\/365\/2026\/09\/image-1.png\" alt=\"\" class=\"wp-image-2818\" srcset=\"https:\/\/www.ufpb.br\/cga\/wp-content\/uploads\/sites\/79\/sites\/365\/2026\/09\/image-1.png 1008w, https:\/\/www.ufpb.br\/cga\/wp-content\/uploads\/sites\/79\/sites\/365\/2026\/09\/image-1-300x164.png 300w, https:\/\/www.ufpb.br\/cga\/wp-content\/uploads\/sites\/79\/sites\/365\/2026\/09\/image-1-767x419.png 767w\" sizes=\"auto, (max-width: 1008px) 100vw, 1008px\" \/><\/figure>\n\n\n\n<p class=\"has-medium-font-size wp-block-paragraph\">O <strong>Dia do Bi\u00f3logo<\/strong>, celebrado em <strong>3 de setembro<\/strong>, homenageia o profissional dedicado a decifrar, proteger e celebrar a vida em todas as suas formas. Seja na pesquisa cient\u00edfica, na conserva\u00e7\u00e3o dos ecossistemas, no manejo ambiental ou na educa\u00e7\u00e3o, o trabalho da biologia \u00e9 o alicerce para a sustentabilidade do nosso planeta.<\/p>\n\n\n\n<p class=\"has-medium-font-size wp-block-paragraph\">Na Universidade Federal de Para\u00edba (UFPB), celebramos com muito orgulho o papel essencial dos bi\u00f3logos \u2014 docentes, pesquisadores, t\u00e9cnicos e estudantes \u2014 que dedicam seus dias \u00e0 defesa da biodiversidade e \u00e0 constru\u00e7\u00e3o de um futuro mais equilibrado. Que o empenho de toda a comunidade acad\u00eamica da UFPB continue gerando frutos, conhecimento e prote\u00e7\u00e3o para a vida em todas as suas manifesta\u00e7\u00f5es.<\/p>\n\n\n\n<p class=\"has-medium-font-size wp-block-paragraph\">O papel de institui\u00e7\u00f5es como a UFPB \u00e9 vital para a forma\u00e7\u00e3o desses profissionais e para o avan\u00e7o das pesquisas de conserva\u00e7\u00e3o, especialmente em um pa\u00eds com a riqueza biocultural e a biodiversidade do Brasil. O curso de Ci\u00eancias Biol\u00f3gicas da Universidade Federal da Para\u00edba (UFPB) \u00e9 oferecido em diferentes modalidades e campi, com destaque para as op\u00e7\u00f5es de Bacharelado e Licenciatura vinculadas ao <a href=\"https:\/\/www.ccen.ufpb.br\/cccb\/\" target=\"_blank\" rel=\"noopener\">Centro de Ci\u00eancias Exatas e da Natureza (CCEN)<\/a> no Campus I (Jo\u00e3o Pessoa) e curso de <a href=\"https:\/\/www.cca.ufpb.br\/db\/\" target=\"_blank\" rel=\"noopener\">Ci\u00eancias biol\u00f3gicas no Campus II<\/a> (Areia) .<\/p>\n\n\n\n<h3 class=\"wp-block-heading\">Projetos de Extens\u00e3o<\/h3>\n\n\n<div class=\"wp-block-image\">\n<figure class=\"aligncenter size-full is-resized\"><img loading=\"lazy\" decoding=\"async\" width=\"1024\" height=\"869\" src=\"https:\/\/www.ufpb.br\/cga\/wp-content\/uploads\/sites\/79\/sites\/365\/2026\/09\/image-3.png\" alt=\"\" class=\"wp-image-2826\" style=\"aspect-ratio:1.1783777058969893;width:586px;height:auto\" srcset=\"https:\/\/www.ufpb.br\/cga\/wp-content\/uploads\/sites\/79\/sites\/365\/2026\/09\/image-3.png 1024w, https:\/\/www.ufpb.br\/cga\/wp-content\/uploads\/sites\/79\/sites\/365\/2026\/09\/image-3-300x255.png 300w, https:\/\/www.ufpb.br\/cga\/wp-content\/uploads\/sites\/79\/sites\/365\/2026\/09\/image-3-767x651.png 767w\" sizes=\"auto, (max-width: 1024px) 100vw, 1024px\" \/><figcaption class=\"wp-element-caption\">Fonte: Criada em IA- Gemini<\/figcaption><\/figure>\n<\/div>\n\n\n<p class=\"has-medium-font-size wp-block-paragraph\">Os projetos de extens\u00e3o aproximam o conhecimento cient\u00edfico da comunidade por meio da educa\u00e7\u00e3o ambiental, divulga\u00e7\u00e3o cient\u00edfica, preserva\u00e7\u00e3o da biodiversidade e agroecologia.<\/p>\n\n\n\n<ul class=\"wp-block-list\">\n<li><strong><a href=\"https:\/\/www.instagram.com\/chufpb\/\" target=\"_blank\" rel=\"noopener\">Cole\u00e7\u00e3o Herpetol\u00f3gica da UFPB<\/a> (CHUFPB):<\/strong> A\u00e7\u00f5es de divulga\u00e7\u00e3o cient\u00edfica focadas na conscientiza\u00e7\u00e3o sobre anf\u00edbios e r\u00e9pteis da regi\u00e3o.<\/li>\n\n\n\n<li><strong><a href=\"https:\/\/www.instagram.com\/cipyufpb\/\" target=\"_blank\" rel=\"noopener\">Cole\u00e7\u00e3o de Invertebrados Paulo Young<\/a>:<\/strong> Ferramenta cont\u00ednua de educa\u00e7\u00e3o ambiental e divulga\u00e7\u00e3o cient\u00edfica sobre a fauna invertebrada.<\/li>\n\n\n\n<li><strong><a href=\"https:\/\/www.instagram.com\/fisionozoo\/\" target=\"_blank\" rel=\"noopener\">Fisio no Zoo<\/a>:<\/strong> Projeto de alfabetiza\u00e7\u00e3o cient\u00edfica focado na fisiologia e comportamento animal realizado no Parque Zoobot\u00e2nico Arruda C\u00e2mara (Bica).<\/li>\n\n\n\n<li><a href=\"https:\/\/www.instagram.com\/insetopedia.ufpb\/\" target=\"_blank\" rel=\"noopener\">Insetop\u00e9dia<\/a>: O projeto Insetop\u00e9dia aproxima alunos dos insetos, promovendo aprendizado pr\u00e1tico sobre sua diversidade, import\u00e2ncia ecol\u00f3gica e pesquisa cient\u00edfica.<\/li>\n\n\n\n<li><a href=\"https:\/\/www.instagram.com\/reinodosapos\/\" target=\"_blank\" rel=\"noopener\">Reino dos sapos<\/a>: Dialogando sobre anuros para conectar pesquisa, ensino e sociedade.<\/li>\n\n\n\n<li><a href=\"https:\/\/www.instagram.com\/micromundoufpb\/\" target=\"_blank\" rel=\"noopener\">Expedi\u00e7\u00e3o ao micromundo:<\/a> Uma aventura pela microbiologia ambiental<\/li>\n<\/ul>\n\n\n\n<p class=\"wp-block-paragraph\"><\/p>\n\n\n\n<hr class=\"wp-block-separator has-alpha-channel-opacity\" \/>\n\n\n\n<p class=\"has-text-align-center has-large-font-size wp-block-paragraph\">    <strong><strong>&#8220;Em cada curva de um rio, em cada folha que cai, em cada inseto que rasteja, h\u00e1 um universo de complexidade que merece nosso respeito e prote\u00e7\u00e3o.&#8221;<\/strong> <\/strong><\/p>\n\n\n\n<p class=\"has-text-align-right wp-block-paragraph\"><strong> <em>Charles Darwin<\/em><\/strong><\/p>\n\n\n<div class=\"wp-block-image\">\n<figure class=\"aligncenter is-resized\"><img loading=\"lazy\" decoding=\"async\" width=\"82\" height=\"103\" src=\"http:\/\/www.ufpb.br\/cga\/wp-content\/uploads\/sites\/79\/sites\/365\/2026\/04\/Icone-verde.png\" alt=\"\" class=\"wp-image-1909\" style=\"width:168px;height:auto\" \/><\/figure>\n<\/div>","protected":false},"excerpt":{"rendered":"<p>O Dia do Bi\u00f3logo, celebrado em 3 de setembro, homenageia o profissional dedicado a decifrar, [&hellip;]<\/p>\n","protected":false},"author":397,"featured_media":2818,"comment_status":"closed","ping_status":"closed","sticky":false,"template":"","format":"standard","meta":{"footnotes":""},"categories":[71],"tags":[163,6,164,78,9,10],"class_list":["post-2817","post","type-post","status-publish","format-standard","has-post-thumbnail","hentry","category-calendarios","tag-biologia","tag-cga","tag-dia-do-biologo","tag-meio-ambiente","tag-sustentabilidade","tag-ufpb"],"_links":{"self":[{"href":"https:\/\/www.ufpb.br\/cga\/wp-json\/wp\/v2\/posts\/2817","targetHints":{"allow":["GET"]}}],"collection":[{"href":"https:\/\/www.ufpb.br\/cga\/wp-json\/wp\/v2\/posts"}],"about":[{"href":"https:\/\/www.ufpb.br\/cga\/wp-json\/wp\/v2\/types\/post"}],"author":[{"embeddable":true,"href":"https:\/\/www.ufpb.br\/cga\/wp-json\/wp\/v2\/users\/397"}],"replies":[{"embeddable":true,"href":"https:\/\/www.ufpb.br\/cga\/wp-json\/wp\/v2\/comments?post=2817"}],"version-history":[{"count":3,"href":"https:\/\/www.ufpb.br\/cga\/wp-json\/wp\/v2\/posts\/2817\/revisions"}],"predecessor-version":[{"id":2827,"href":"https:\/\/www.ufpb.br\/cga\/wp-json\/wp\/v2\/posts\/2817\/revisions\/2827"}],"wp:featuredmedia":[{"embeddable":true,"href":"https:\/\/www.ufpb.br\/cga\/wp-json\/wp\/v2\/media\/2818"}],"wp:attachment":[{"href":"https:\/\/www.ufpb.br\/cga\/wp-json\/wp\/v2\/media?parent=2817"}],"wp:term":[{"taxonomy":"category","embeddable":true,"href":"https:\/\/www.ufpb.br\/cga\/wp-json\/wp\/v2\/categories?post=2817"},{"taxonomy":"post_tag","embeddable":true,"href":"https:\/\/www.ufpb.br\/cga\/wp-json\/wp\/v2\/tags?post=2817"}],"curies":[{"name":"wp","href":"https:\/\/api.w.org\/{rel}","templated":true}]}}