{"id":2837,"date":"2026-09-05T19:25:53","date_gmt":"2026-09-05T22:25:53","guid":{"rendered":"https:\/\/www.ufpb.br\/cga\/?p=2837"},"modified":"2026-09-05T19:28:36","modified_gmt":"2026-09-05T22:28:36","slug":"05-de-setembro-dia-da-amazonia","status":"publish","type":"post","link":"https:\/\/www.ufpb.br\/cga\/calendarios\/05-de-setembro-dia-da-amazonia\/","title":{"rendered":"05 de setembro &#8211; Dia da Amaz\u00f4nia"},"content":{"rendered":"<div class=\"wp-block-image\">\n<figure class=\"aligncenter size-full is-resized\"><img loading=\"lazy\" decoding=\"async\" width=\"703\" height=\"481\" src=\"https:\/\/www.ufpb.br\/cga\/wp-content\/uploads\/sites\/79\/sites\/365\/2026\/09\/image-7.png\" alt=\"\" class=\"wp-image-2838\" style=\"width:508px;height:auto\" srcset=\"https:\/\/www.ufpb.br\/cga\/wp-content\/uploads\/sites\/79\/sites\/365\/2026\/09\/image-7.png 703w, https:\/\/www.ufpb.br\/cga\/wp-content\/uploads\/sites\/79\/sites\/365\/2026\/09\/image-7-300x205.png 300w\" sizes=\"auto, (max-width: 703px) 100vw, 703px\" \/><\/figure>\n<\/div>\n\n\n<p class=\"wp-block-paragraph\"><\/p>\n\n\n\n<p class=\"wp-block-paragraph\">Hoje, celebramos o <strong>Dia da Amaz\u00f4nia<\/strong>, uma data essencial para refletir sobre a import\u00e2ncia da maior floresta tropical do planeta. Respons\u00e1vel por abrigar a maior biodiversidade do mundo, a Amaz\u00f4nia desempenha um papel crucial no equil\u00edbrio clim\u00e1tico global, no ciclo da \u00e1gua e na manuten\u00e7\u00e3o da vida na Terra.<\/p>\n\n\n\n<p class=\"wp-block-paragraph\">Na <strong>Universidade Federal da Para\u00edba (UFPB)<\/strong>, docentes e discentes colaboram diretamente em pesquisas e redes interinstitucionais dedicadas ao bioma amaz\u00f4nico. Atrav\u00e9s da investiga\u00e7\u00e3o de padr\u00f5es biogeogr\u00e1ficos, conserva\u00e7\u00e3o de esp\u00e9cies amea\u00e7adas e din\u00e2micas socioambientais, a UFPB conecta a produ\u00e7\u00e3o cient\u00edfica paraibana \u00e0s grandes causas da sustentabilidade nacional. Al\u00e9m disso, a universidade promove debates cont\u00ednuos sobre a conserva\u00e7\u00e3o florestal e a valoriza\u00e7\u00e3o dos conhecimentos de povos e comunidades tradicionais.<\/p>\n\n\n\n<h3 class=\"wp-block-heading\">A Amaz\u00f4nia em N\u00fameros e Impacto Global<\/h3>\n\n\n<div class=\"wp-block-image\">\n<figure class=\"aligncenter size-large is-resized\"><img loading=\"lazy\" decoding=\"async\" width=\"1024\" height=\"682\" src=\"https:\/\/www.ufpb.br\/cga\/wp-content\/uploads\/sites\/79\/sites\/365\/2026\/09\/image-8-1024x682.png\" alt=\"\" class=\"wp-image-2839\" style=\"aspect-ratio:1.5014900767230994;width:554px;height:auto\" srcset=\"https:\/\/www.ufpb.br\/cga\/wp-content\/uploads\/sites\/79\/sites\/365\/2026\/09\/image-8-1024x682.png 1024w, https:\/\/www.ufpb.br\/cga\/wp-content\/uploads\/sites\/79\/sites\/365\/2026\/09\/image-8-300x200.png 300w, https:\/\/www.ufpb.br\/cga\/wp-content\/uploads\/sites\/79\/sites\/365\/2026\/09\/image-8-272x182.png 272w, https:\/\/www.ufpb.br\/cga\/wp-content\/uploads\/sites\/79\/sites\/365\/2026\/09\/image-8-767x511.png 767w, https:\/\/www.ufpb.br\/cga\/wp-content\/uploads\/sites\/79\/sites\/365\/2026\/09\/image-8.png 1255w\" sizes=\"auto, (max-width: 1024px) 100vw, 1024px\" \/><figcaption class=\"wp-element-caption\">Fonte: <a href=\"https:\/\/www.greenpeace.org\/brasil\/blog\/floresta-amazonica\/\" target=\"_blank\" rel=\"noopener\">Greenpeace<\/a><\/figcaption><\/figure>\n<\/div>\n\n\n<ul class=\"wp-block-list\">\n<li><strong>Extens\u00e3o:<\/strong> Ocupa cerca de <strong>6,7 milh\u00f5es de km\u00b2<\/strong>, abrangendo 9 pa\u00edses (Brasil, Peru, Col\u00f4mbia, Venezuela, Equador, Bol\u00edvia, Guiana, Suriname e Guiana Francesa).<\/li>\n\n\n\n<li><strong>Presen\u00e7a Nacional:<\/strong> No Brasil, o bioma cobre cerca de <strong>60% do territ\u00f3rio nacional<\/strong>, estendendo-se por 9 estados.<\/li>\n\n\n\n<li><strong>Regula\u00e7\u00e3o Clim\u00e1tica:<\/strong> Armazena bilh\u00f5es de toneladas de carbono, atuando como um pilar fundamental no combate ao aquecimento global.<\/li>\n\n\n\n<li><strong>Rios Voadores:<\/strong> Produz imensas massas de umidade que abastecem o agroneg\u00f3cio e grandes centros urbanos a milhares de quil\u00f4metros de dist\u00e2ncia, como as regi\u00f5es Centro-Oeste e Sudeste do Brasil.<\/li>\n\n\n\n<li><strong>Sociobiodiversidade:<\/strong> \u00c9 o lar e ber\u00e7o ancestral de mais de <strong>300 povos ind\u00edgenas<\/strong> e diversas comunidades tradicionais.<\/li>\n<\/ul>\n\n\n\n<h3 class=\"wp-block-heading\">Biodiversidade Emblem\u00e1tica: Fauna e Flora Amaz\u00f4nica<\/h3>\n\n\n\n<p class=\"wp-block-paragraph\">A preserva\u00e7\u00e3o da biodiversidade \u00e9 a garantia da manuten\u00e7\u00e3o dos servi\u00e7os ecossist\u00eamicos indispens\u00e1veis para o planeta. Entre as milhares de esp\u00e9cies que habitam a regi\u00e3o, destacam-se:<\/p>\n\n\n\n<h4 class=\"wp-block-heading\"><strong>Flora<\/strong><\/h4>\n\n\n<div class=\"wp-block-image\">\n<figure class=\"aligncenter size-full is-resized\"><img loading=\"lazy\" decoding=\"async\" width=\"1024\" height=\"559\" src=\"https:\/\/www.ufpb.br\/cga\/wp-content\/uploads\/sites\/79\/sites\/365\/2026\/09\/image-10.png\" alt=\"\" class=\"wp-image-2841\" style=\"aspect-ratio:1.8318793969849245;width:550px;height:auto\" srcset=\"https:\/\/www.ufpb.br\/cga\/wp-content\/uploads\/sites\/79\/sites\/365\/2026\/09\/image-10.png 1024w, https:\/\/www.ufpb.br\/cga\/wp-content\/uploads\/sites\/79\/sites\/365\/2026\/09\/image-10-300x164.png 300w, https:\/\/www.ufpb.br\/cga\/wp-content\/uploads\/sites\/79\/sites\/365\/2026\/09\/image-10-768x419.png 768w\" sizes=\"auto, (max-width: 1024px) 100vw, 1024px\" \/><\/figure>\n<\/div>\n\n\n<ul class=\"wp-block-list\">\n<li><strong>Seringueira (<em>Hevea brasiliensis<\/em>):<\/strong> S\u00edmbolo hist\u00f3rico e econ\u00f4mico da regi\u00e3o, fonte do l\u00e1tex natural.<\/li>\n\n\n\n<li><strong>Castanheira-da-amaz\u00f4nia (<em>Bertholletia excelsa<\/em>):<\/strong> Uma das \u00e1rvores mais altas da floresta, essencial para a economia extrativista local.<\/li>\n\n\n\n<li><strong>Vit\u00f3ria-r\u00e9gia (<em>Victoria amazonica<\/em>):<\/strong> Planta aqu\u00e1tica emblem\u00e1tica dos rios e lagos amaz\u00f4nicos.<\/li>\n\n\n\n<li><strong>Suma\u00fama (<em>Ceiba pentandra<\/em>):<\/strong> Conhecida como a &#8220;\u00e1rvore da vida&#8221;, com imensas ra\u00edzes (sapopemas) e copa majestosa.<\/li>\n<\/ul>\n\n\n\n<h4 class=\"wp-block-heading\"><strong>Fauna<\/strong><\/h4>\n\n\n<div class=\"wp-block-image\">\n<figure class=\"aligncenter size-full is-resized\"><img loading=\"lazy\" decoding=\"async\" width=\"1024\" height=\"559\" src=\"https:\/\/www.ufpb.br\/cga\/wp-content\/uploads\/sites\/79\/sites\/365\/2026\/09\/image-9.png\" alt=\"\" class=\"wp-image-2840\" style=\"aspect-ratio:1.8318793969849245;width:575px;height:auto\" srcset=\"https:\/\/www.ufpb.br\/cga\/wp-content\/uploads\/sites\/79\/sites\/365\/2026\/09\/image-9.png 1024w, https:\/\/www.ufpb.br\/cga\/wp-content\/uploads\/sites\/79\/sites\/365\/2026\/09\/image-9-768x419.png 768w, https:\/\/www.ufpb.br\/cga\/wp-content\/uploads\/sites\/79\/sites\/365\/2026\/09\/image-9-300x164.png 300w\" sizes=\"auto, (max-width: 1024px) 100vw, 1024px\" \/><\/figure>\n<\/div>\n\n\n<ul class=\"wp-block-list\">\n<li><strong>On\u00e7a-pintada (<em>Panthera onca<\/em>):<\/strong> O maior felino das Am\u00e9ricas e topo de cadeia alimentar.<\/li>\n\n\n\n<li><strong>Boto-cor-de-rosa (<em>Inia geoffrensis<\/em>):<\/strong> End\u00eamico das bacias dos rios Amaz\u00f4nia e Orinoco.<\/li>\n\n\n\n<li><strong>Peixe-boi-da-amaz\u00f4nia (<em>Trichechus inunguis<\/em>):<\/strong> O maior mam\u00edfero aqu\u00e1tico de \u00e1gua doce da Am\u00e9rica do Sul.<\/li>\n\n\n\n<li><strong>Harpia ou Gavi\u00e3o-real (<em>Harpia harpyja<\/em>):<\/strong> Uma das maiores e mais poderosas aves de rapina do mundo.<\/li>\n\n\n\n<li><strong>Pirarucu (<em>Arapaima gigas<\/em>):<\/strong> Um dos maiores peixes de \u00e1gua doce do planeta, fundamental para as comunidades ribeirinhas.<\/li>\n<\/ul>\n\n\n\n<p class=\"wp-block-paragraph\">Preservar a Amaz\u00f4nia \u00e9 cuidar da vida em todas as suas formas e garantir o equil\u00edbrio socioambiental do presente e do futuro. Acompanhe as a\u00e7\u00f5es e projetos de sustentabilidade da UFPB por meio do Sigaa.  A UFPB desenvolve pesquisas e estudos voltados \u00e0 sustentabilidade na Amaz\u00f4nia, destacando-se iniciativas de p\u00f3s-gradua\u00e7\u00e3o e investiga\u00e7\u00f5es acad\u00eamicas sobre bioeconomia e pol\u00edticas p\u00fablicas. <\/p>\n\n\n\n<p class=\"wp-block-paragraph\">Acompanhe o perfil da Comiss\u00e3o de Gest\u00e3o Ambiental no Instagran, <strong><a href=\"https:\/\/www.instagram.com\/cgaufpb\/\" target=\"_blank\" rel=\"noopener\">@cgaufpb<\/a><\/strong>,\u00a0e fique sempre atualizado das novidades, campanhas e not\u00edcias de sustentabilidade na nossa universidade!<\/p>\n\n\n\n<hr class=\"wp-block-separator has-alpha-channel-opacity\" \/>\n\n\n\n<p class=\"has-text-align-center has-large-font-size wp-block-paragraph\">   <strong>\u201c<strong>Olhe profundamente para a natureza, e ent\u00e3o voc\u00ea entender\u00e1 tudo melhor.<\/strong>\u201d<\/strong><\/p>\n\n\n\n<p class=\"has-text-align-right wp-block-paragraph\"><strong><em><strong><strong>Albert Einstein<\/strong><\/strong><\/em><\/strong><\/p>\n\n\n<div class=\"wp-block-image\">\n<figure class=\"aligncenter is-resized\"><img loading=\"lazy\" decoding=\"async\" width=\"82\" height=\"103\" src=\"http:\/\/www.ufpb.br\/cga\/wp-content\/uploads\/sites\/79\/sites\/365\/2026\/04\/Icone-verde.png\" alt=\"\" class=\"wp-image-1909\" style=\"width:157px;height:auto\" \/><\/figure>\n<\/div>","protected":false},"excerpt":{"rendered":"<p>Hoje, celebramos o Dia da Amaz\u00f4nia, uma data essencial para refletir sobre a import\u00e2ncia da [&hellip;]<\/p>\n","protected":false},"author":397,"featured_media":2844,"comment_status":"closed","ping_status":"closed","sticky":false,"template":"","format":"standard","meta":{"footnotes":""},"categories":[71],"tags":[],"class_list":["post-2837","post","type-post","status-publish","format-standard","has-post-thumbnail","hentry","category-calendarios"],"_links":{"self":[{"href":"https:\/\/www.ufpb.br\/cga\/wp-json\/wp\/v2\/posts\/2837","targetHints":{"allow":["GET"]}}],"collection":[{"href":"https:\/\/www.ufpb.br\/cga\/wp-json\/wp\/v2\/posts"}],"about":[{"href":"https:\/\/www.ufpb.br\/cga\/wp-json\/wp\/v2\/types\/post"}],"author":[{"embeddable":true,"href":"https:\/\/www.ufpb.br\/cga\/wp-json\/wp\/v2\/users\/397"}],"replies":[{"embeddable":true,"href":"https:\/\/www.ufpb.br\/cga\/wp-json\/wp\/v2\/comments?post=2837"}],"version-history":[{"count":4,"href":"https:\/\/www.ufpb.br\/cga\/wp-json\/wp\/v2\/posts\/2837\/revisions"}],"predecessor-version":[{"id":2846,"href":"https:\/\/www.ufpb.br\/cga\/wp-json\/wp\/v2\/posts\/2837\/revisions\/2846"}],"wp:featuredmedia":[{"embeddable":true,"href":"https:\/\/www.ufpb.br\/cga\/wp-json\/wp\/v2\/media\/2844"}],"wp:attachment":[{"href":"https:\/\/www.ufpb.br\/cga\/wp-json\/wp\/v2\/media?parent=2837"}],"wp:term":[{"taxonomy":"category","embeddable":true,"href":"https:\/\/www.ufpb.br\/cga\/wp-json\/wp\/v2\/categories?post=2837"},{"taxonomy":"post_tag","embeddable":true,"href":"https:\/\/www.ufpb.br\/cga\/wp-json\/wp\/v2\/tags?post=2837"}],"curies":[{"name":"wp","href":"https:\/\/api.w.org\/{rel}","templated":true}]}}