{"id":351,"date":"2025-09-24T17:34:44","date_gmt":"2025-09-24T20:34:44","guid":{"rendered":"https:\/\/www.ufpb.br\/cga\/?p=351"},"modified":"2025-11-28T10:04:05","modified_gmt":"2025-11-28T13:04:05","slug":"logistica-reversa-de-lampadas-fluorescentes","status":"publish","type":"post","link":"https:\/\/www.ufpb.br\/cga\/eventos\/logistica-reversa-de-lampadas-fluorescentes\/","title":{"rendered":"Log\u00edstica reversa de l\u00e2mpadas fluorescentes"},"content":{"rendered":"<div class=\"wp-block-image\">\n<figure class=\"aligncenter size-large is-resized\"><img loading=\"lazy\" decoding=\"async\" width=\"1024\" height=\"576\" src=\"http:\/\/www.ufpb.br\/cga\/wp-content\/uploads\/sites\/79\/sites\/365\/2025\/09\/WhatsApp-Image-2025-09-24-at-13.15.10-1024x576.jpeg\" alt=\"\" class=\"wp-image-356\" style=\"width:387px;height:auto\" srcset=\"https:\/\/www.ufpb.br\/cga\/wp-content\/uploads\/sites\/79\/sites\/365\/2025\/09\/WhatsApp-Image-2025-09-24-at-13.15.10-1024x576.jpeg 1024w, https:\/\/www.ufpb.br\/cga\/wp-content\/uploads\/sites\/79\/sites\/365\/2025\/09\/WhatsApp-Image-2025-09-24-at-13.15.10-300x169.jpeg 300w, https:\/\/www.ufpb.br\/cga\/wp-content\/uploads\/sites\/79\/sites\/365\/2025\/09\/WhatsApp-Image-2025-09-24-at-13.15.10-768x432.jpeg 768w, https:\/\/www.ufpb.br\/cga\/wp-content\/uploads\/sites\/79\/sites\/365\/2025\/09\/WhatsApp-Image-2025-09-24-at-13.15.10-1536x864.jpeg 1536w, https:\/\/www.ufpb.br\/cga\/wp-content\/uploads\/sites\/79\/sites\/365\/2025\/09\/WhatsApp-Image-2025-09-24-at-13.15.10.jpeg 1599w\" sizes=\"auto, (max-width: 1024px) 100vw, 1024px\" \/><\/figure>\n<\/div>\n\n\n<p><\/p>\n\n\n\n<p class=\"has-medium-font-size\">Durante o I F\u00f3rum de Sustentabilidade da UFPB, organizado pela CGA, tivemos a coleta de l\u00e2mpadas fluorescentes queimadas que receber\u00e3o o descarte apropriado. A UFPB tem investido na moderniza\u00e7\u00e3o e economia gerada pela substitui\u00e7\u00e3o de l\u00e2mpadas fluorescentes por l\u00e2mpadas LED.<\/p>\n\n\n\n<div class=\"wp-block-columns is-layout-flex wp-container-core-columns-is-layout-9d6595d7 wp-block-columns-is-layout-flex\">\n<div class=\"wp-block-column is-layout-flow wp-block-column-is-layout-flow\"><\/div>\n\n\n\n<div class=\"wp-block-column is-layout-flow wp-block-column-is-layout-flow\"><\/div>\n<\/div>\n\n\n\n<div class=\"wp-block-columns is-layout-flex wp-container-core-columns-is-layout-9d6595d7 wp-block-columns-is-layout-flex\">\n<div class=\"wp-block-column is-layout-flow wp-block-column-is-layout-flow\" style=\"flex-basis:100%\">\n<div class=\"wp-block-group\"><div class=\"wp-block-group__inner-container is-layout-constrained wp-block-group-is-layout-constrained\">\n<div class=\"wp-block-columns is-layout-flex wp-container-core-columns-is-layout-9d6595d7 wp-block-columns-is-layout-flex\">\n<div class=\"wp-block-column is-layout-flow wp-block-column-is-layout-flow\">\n<figure class=\"wp-block-image size-large\"><img loading=\"lazy\" decoding=\"async\" width=\"1024\" height=\"768\" src=\"http:\/\/www.ufpb.br\/cga\/wp-content\/uploads\/sites\/79\/sites\/365\/2025\/09\/WhatsApp-Image-2025-09-18-at-15.31.19-1-1024x768.jpeg\" alt=\"\" class=\"wp-image-349\" srcset=\"https:\/\/www.ufpb.br\/cga\/wp-content\/uploads\/sites\/79\/sites\/365\/2025\/09\/WhatsApp-Image-2025-09-18-at-15.31.19-1-1024x768.jpeg 1024w, https:\/\/www.ufpb.br\/cga\/wp-content\/uploads\/sites\/79\/sites\/365\/2025\/09\/WhatsApp-Image-2025-09-18-at-15.31.19-1-300x225.jpeg 300w, https:\/\/www.ufpb.br\/cga\/wp-content\/uploads\/sites\/79\/sites\/365\/2025\/09\/WhatsApp-Image-2025-09-18-at-15.31.19-1-768x576.jpeg 768w, https:\/\/www.ufpb.br\/cga\/wp-content\/uploads\/sites\/79\/sites\/365\/2025\/09\/WhatsApp-Image-2025-09-18-at-15.31.19-1-1536x1152.jpeg 1536w, https:\/\/www.ufpb.br\/cga\/wp-content\/uploads\/sites\/79\/sites\/365\/2025\/09\/WhatsApp-Image-2025-09-18-at-15.31.19-1.jpeg 1600w\" sizes=\"auto, (max-width: 1024px) 100vw, 1024px\" \/><\/figure>\n<\/div>\n\n\n\n<div class=\"wp-block-column is-layout-flow wp-block-column-is-layout-flow\">\n<figure class=\"wp-block-image size-large is-resized\"><img loading=\"lazy\" decoding=\"async\" width=\"768\" height=\"1024\" src=\"http:\/\/www.ufpb.br\/cga\/wp-content\/uploads\/sites\/79\/sites\/365\/2025\/09\/WhatsApp-Image-2025-09-18-at-15.31.19-768x1024.jpeg\" alt=\"\" class=\"wp-image-350\" style=\"width:201px;height:auto\" srcset=\"https:\/\/www.ufpb.br\/cga\/wp-content\/uploads\/sites\/79\/sites\/365\/2025\/09\/WhatsApp-Image-2025-09-18-at-15.31.19-768x1024.jpeg 768w, https:\/\/www.ufpb.br\/cga\/wp-content\/uploads\/sites\/79\/sites\/365\/2025\/09\/WhatsApp-Image-2025-09-18-at-15.31.19-225x300.jpeg 225w, https:\/\/www.ufpb.br\/cga\/wp-content\/uploads\/sites\/79\/sites\/365\/2025\/09\/WhatsApp-Image-2025-09-18-at-15.31.19-1152x1536.jpeg 1152w, https:\/\/www.ufpb.br\/cga\/wp-content\/uploads\/sites\/79\/sites\/365\/2025\/09\/WhatsApp-Image-2025-09-18-at-15.31.19.jpeg 1200w\" sizes=\"auto, (max-width: 768px) 100vw, 768px\" \/><\/figure>\n<\/div>\n<\/div>\n<\/div><\/div>\n<\/div>\n<\/div>\n\n\n\n<div class=\"wp-block-media-text is-stacked-on-mobile\" style=\"grid-template-columns:29% auto\"><figure class=\"wp-block-media-text__media\"><img loading=\"lazy\" decoding=\"async\" width=\"195\" height=\"201\" src=\"http:\/\/www.ufpb.br\/cga\/wp-content\/uploads\/sites\/79\/sites\/365\/2025\/09\/s2-bike.png\" alt=\"\" class=\"wp-image-354 size-full\" \/><\/figure><div class=\"wp-block-media-text__content\">\n<p class=\"has-medium-font-size\">Para o descarte, utilizamos tamb\u00e9m algumas caixas de papel\u00e3o doadas pela loja de bicicletas S2 bike shop (@s2joaopessoa), o que nos permitiu acomodar mais de duzentas l\u00e2mpadas em cada caixa e o descarte total de aproximadamente 3000 l\u00e2mpadas.<\/p>\n<\/div><\/div>\n\n\n\n<p><\/p>\n\n\n\n<figure class=\"wp-block-image size-large\"><img loading=\"lazy\" decoding=\"async\" width=\"1024\" height=\"576\" src=\"http:\/\/www.ufpb.br\/cga\/wp-content\/uploads\/sites\/79\/sites\/365\/2025\/09\/WhatsApp-Image-2025-09-18-at-15.29.30-1024x576.jpeg\" alt=\"\" class=\"wp-image-347\" srcset=\"https:\/\/www.ufpb.br\/cga\/wp-content\/uploads\/sites\/79\/sites\/365\/2025\/09\/WhatsApp-Image-2025-09-18-at-15.29.30-1024x576.jpeg 1024w, https:\/\/www.ufpb.br\/cga\/wp-content\/uploads\/sites\/79\/sites\/365\/2025\/09\/WhatsApp-Image-2025-09-18-at-15.29.30-300x169.jpeg 300w, https:\/\/www.ufpb.br\/cga\/wp-content\/uploads\/sites\/79\/sites\/365\/2025\/09\/WhatsApp-Image-2025-09-18-at-15.29.30-768x432.jpeg 768w, https:\/\/www.ufpb.br\/cga\/wp-content\/uploads\/sites\/79\/sites\/365\/2025\/09\/WhatsApp-Image-2025-09-18-at-15.29.30-1536x864.jpeg 1536w, https:\/\/www.ufpb.br\/cga\/wp-content\/uploads\/sites\/79\/sites\/365\/2025\/09\/WhatsApp-Image-2025-09-18-at-15.29.30.jpeg 1600w\" sizes=\"auto, (max-width: 1024px) 100vw, 1024px\" \/><\/figure>\n\n\n\n<p class=\"has-medium-font-size\">A empresa Qualitec, parceira da Reciclus ainda nos prestigiou com um stand de divulga\u00e7\u00e3o e conscientiza\u00e7\u00e3o ambiental, onde apresentou sua atividade na promo\u00e7\u00e3o da log\u00edstica reversa de l\u00e2mpadas e a import\u00e2ncia da mesma para a sustentabilidade.<\/p>\n\n\n\n<figure class=\"wp-block-video\"><video height=\"864\" style=\"aspect-ratio: 480 \/ 864;\" width=\"480\" controls src=\"http:\/\/www.ufpb.br\/cga\/wp-content\/uploads\/sites\/79\/sites\/365\/2025\/09\/WhatsApp-Video-2025-09-18-at-16.46.30-3.mp4\"><\/video><\/figure>\n\n\n\n<p><\/p>\n\n\n\n<p class=\"has-medium-font-size\">Alfredo Guilherme, colaborador da Qualitec, nos deu uma aula de log\u00edstica reversa, apresentando como \u00e9 feito o correto descarte. N\u00e3o se deve colocar l\u00e2mpadas fluorescentes no lixo comum, pois elas cont\u00eam merc\u00fario, um metal pesado t\u00f3xico que prejudica a sa\u00fade e o meio ambiente, podendo contaminar o solo, o ar e a \u00e1gua. Al\u00e9m do merc\u00fario possuem muitos res\u00edduos contaminantes, dentre os quais vidro, pl\u00e1sticos, metais, eletroeletr\u00f4nicos, g\u00e1s arg\u00f4nio e f\u00f3sforo.<\/p>\n\n\n<div class=\"wp-block-image\">\n<figure class=\"aligncenter size-full is-resized\"><img loading=\"lazy\" decoding=\"async\" width=\"512\" height=\"512\" src=\"http:\/\/www.ufpb.br\/cga\/wp-content\/uploads\/sites\/79\/sites\/365\/2025\/09\/cropped-Banner-para-loja-de-eletronicos-smartphone-desconto-preto-e-vermelho-1920-_20250910_063234_0000-1-scaled-1.png\" alt=\"\" class=\"wp-image-362\" style=\"width:203px;height:auto\" srcset=\"https:\/\/www.ufpb.br\/cga\/wp-content\/uploads\/sites\/79\/sites\/365\/2025\/09\/cropped-Banner-para-loja-de-eletronicos-smartphone-desconto-preto-e-vermelho-1920-_20250910_063234_0000-1-scaled-1.png 512w, https:\/\/www.ufpb.br\/cga\/wp-content\/uploads\/sites\/79\/sites\/365\/2025\/09\/cropped-Banner-para-loja-de-eletronicos-smartphone-desconto-preto-e-vermelho-1920-_20250910_063234_0000-1-scaled-1-300x300.png 300w, https:\/\/www.ufpb.br\/cga\/wp-content\/uploads\/sites\/79\/sites\/365\/2025\/09\/cropped-Banner-para-loja-de-eletronicos-smartphone-desconto-preto-e-vermelho-1920-_20250910_063234_0000-1-scaled-1-150x150.png 150w, https:\/\/www.ufpb.br\/cga\/wp-content\/uploads\/sites\/79\/sites\/365\/2025\/09\/cropped-Banner-para-loja-de-eletronicos-smartphone-desconto-preto-e-vermelho-1920-_20250910_063234_0000-1-scaled-1-270x270.png 270w, https:\/\/www.ufpb.br\/cga\/wp-content\/uploads\/sites\/79\/sites\/365\/2025\/09\/cropped-Banner-para-loja-de-eletronicos-smartphone-desconto-preto-e-vermelho-1920-_20250910_063234_0000-1-scaled-1-192x192.png 192w, https:\/\/www.ufpb.br\/cga\/wp-content\/uploads\/sites\/79\/sites\/365\/2025\/09\/cropped-Banner-para-loja-de-eletronicos-smartphone-desconto-preto-e-vermelho-1920-_20250910_063234_0000-1-scaled-1-180x180.png 180w, https:\/\/www.ufpb.br\/cga\/wp-content\/uploads\/sites\/79\/sites\/365\/2025\/09\/cropped-Banner-para-loja-de-eletronicos-smartphone-desconto-preto-e-vermelho-1920-_20250910_063234_0000-1-scaled-1-32x32.png 32w\" sizes=\"auto, (max-width: 512px) 100vw, 512px\" \/><\/figure>\n<\/div>","protected":false},"excerpt":{"rendered":"<p>Durante o I F\u00f3rum de Sustentabilidade da UFPB, organizado pela CGA, tivemos a coleta de [&hellip;]<\/p>\n","protected":false},"author":397,"featured_media":356,"comment_status":"closed","ping_status":"closed","sticky":false,"template":"","format":"standard","meta":{"footnotes":""},"categories":[18],"tags":[17,16],"class_list":["post-351","post","type-post","status-publish","format-standard","has-post-thumbnail","hentry","category-eventos","tag-logistica-reversa","tag-s2bikeshop"],"_links":{"self":[{"href":"https:\/\/www.ufpb.br\/cga\/wp-json\/wp\/v2\/posts\/351","targetHints":{"allow":["GET"]}}],"collection":[{"href":"https:\/\/www.ufpb.br\/cga\/wp-json\/wp\/v2\/posts"}],"about":[{"href":"https:\/\/www.ufpb.br\/cga\/wp-json\/wp\/v2\/types\/post"}],"author":[{"embeddable":true,"href":"https:\/\/www.ufpb.br\/cga\/wp-json\/wp\/v2\/users\/397"}],"replies":[{"embeddable":true,"href":"https:\/\/www.ufpb.br\/cga\/wp-json\/wp\/v2\/comments?post=351"}],"version-history":[{"count":8,"href":"https:\/\/www.ufpb.br\/cga\/wp-json\/wp\/v2\/posts\/351\/revisions"}],"predecessor-version":[{"id":1179,"href":"https:\/\/www.ufpb.br\/cga\/wp-json\/wp\/v2\/posts\/351\/revisions\/1179"}],"wp:featuredmedia":[{"embeddable":true,"href":"https:\/\/www.ufpb.br\/cga\/wp-json\/wp\/v2\/media\/356"}],"wp:attachment":[{"href":"https:\/\/www.ufpb.br\/cga\/wp-json\/wp\/v2\/media?parent=351"}],"wp:term":[{"taxonomy":"category","embeddable":true,"href":"https:\/\/www.ufpb.br\/cga\/wp-json\/wp\/v2\/categories?post=351"},{"taxonomy":"post_tag","embeddable":true,"href":"https:\/\/www.ufpb.br\/cga\/wp-json\/wp\/v2\/tags?post=351"}],"curies":[{"name":"wp","href":"https:\/\/api.w.org\/{rel}","templated":true}]}}