{"id":369,"date":"2025-09-25T10:41:56","date_gmt":"2025-09-25T13:41:56","guid":{"rendered":"https:\/\/www.ufpb.br\/cga\/?p=369"},"modified":"2025-10-08T10:25:46","modified_gmt":"2025-10-08T13:25:46","slug":"parceria-com-flora-tropical-center","status":"publish","type":"post","link":"https:\/\/www.ufpb.br\/cga\/eventos\/parceria-com-flora-tropical-center\/","title":{"rendered":"Parceria com Flora Tropical Center"},"content":{"rendered":"\n<p class=\"has-medium-font-size\">Nosso f\u00f3rum de sustentabilidade foi agraciado pela decora\u00e7\u00e3o com palmeiras, dracenas e cr\u00f3tons em jarros. Parceria com o senhor Josu\u00e9, propriet\u00e1rio da Flora Tropical Center, aqui mesmo em Jo\u00e3o Pessoa. <\/p>\n\n\n<div class=\"wp-block-image\">\n<figure class=\"aligncenter size-full\"><img loading=\"lazy\" decoding=\"async\" width=\"538\" height=\"351\" src=\"http:\/\/www.ufpb.br\/cga\/wp-content\/uploads\/sites\/79\/sites\/365\/2025\/09\/Flora-tropical.png\" alt=\"\" class=\"wp-image-370\" srcset=\"https:\/\/www.ufpb.br\/cga\/wp-content\/uploads\/sites\/79\/sites\/365\/2025\/09\/Flora-tropical.png 538w, https:\/\/www.ufpb.br\/cga\/wp-content\/uploads\/sites\/79\/sites\/365\/2025\/09\/Flora-tropical-300x196.png 300w\" sizes=\"auto, (max-width: 538px) 100vw, 538px\" \/><\/figure>\n<\/div>\n\n\n<p class=\"has-text-align-center\"><a href=\"https:\/\/www.instagram.com\/floratropicalcenter\/#\">https:\/\/www.instagram.com\/floratropicalcenter\/#<\/a><\/p>\n\n\n\n<p class=\"has-medium-font-size\">A CGA &#8211; UFPB tem um programa de compostagem que aproveita as podas trituradas de \u00e1rvores e galhos, al\u00e9m de folhas  oriundas da varri\u00e7\u00e3o do campus. O composto org\u00e2nico \u00e9 doado para pessoas, empresas ou entidades que solicitam adubo ou poda triturada. J\u00e1 fizemos doa\u00e7\u00f5es para prefeituras, condom\u00ednios e escolas. Voc\u00ea tamb\u00e9m pode participar desse programa e ainda deixar seu jardim mais bonito e saud\u00e1vel. <\/p>\n\n\n<div class=\"wp-block-image\">\n<figure class=\"aligncenter size-large is-resized\"><img loading=\"lazy\" decoding=\"async\" width=\"514\" height=\"686\" src=\"https:\/\/www.ufpb.br\/cga\/wp-content\/uploads\/sites\/79\/sites\/365\/2025\/09\/WhatsApp-Image-2025-09-19-at-16.32.07-edited.jpeg\" alt=\"\" class=\"wp-image-375\" style=\"width:346px;height:auto\" srcset=\"https:\/\/www.ufpb.br\/cga\/wp-content\/uploads\/sites\/79\/sites\/365\/2025\/09\/WhatsApp-Image-2025-09-19-at-16.32.07-edited.jpeg 514w, https:\/\/www.ufpb.br\/cga\/wp-content\/uploads\/sites\/79\/sites\/365\/2025\/09\/WhatsApp-Image-2025-09-19-at-16.32.07-edited-225x300.jpeg 225w\" sizes=\"auto, (max-width: 514px) 100vw, 514px\" \/><\/figure>\n<\/div>\n\n\n<p><\/p>\n\n\n\n<p class=\"has-medium-font-size\">Temos no Campus I, em Jo\u00e3o Pessoa, treze composteiras onde s\u00e3o produzidos os adubos, s\u00e3o abastecidas diariamente com res\u00edduos org\u00e2nicos e mantidas limpas pela equipe da  SSG (Superintend\u00eancia de Servi\u00e7os Gerais- UFPB)<\/p>\n\n\n\n<figure class=\"wp-block-image size-large is-resized\"><img loading=\"lazy\" decoding=\"async\" width=\"1024\" height=\"768\" src=\"http:\/\/www.ufpb.br\/cga\/wp-content\/uploads\/sites\/79\/sites\/365\/2025\/09\/WhatsApp-Image-2025-09-19-at-16.32.07-2-1024x768.jpeg\" alt=\"\" class=\"wp-image-372\" style=\"width:720px;height:auto\" srcset=\"https:\/\/www.ufpb.br\/cga\/wp-content\/uploads\/sites\/79\/sites\/365\/2025\/09\/WhatsApp-Image-2025-09-19-at-16.32.07-2-1024x768.jpeg 1024w, https:\/\/www.ufpb.br\/cga\/wp-content\/uploads\/sites\/79\/sites\/365\/2025\/09\/WhatsApp-Image-2025-09-19-at-16.32.07-2-300x225.jpeg 300w, https:\/\/www.ufpb.br\/cga\/wp-content\/uploads\/sites\/79\/sites\/365\/2025\/09\/WhatsApp-Image-2025-09-19-at-16.32.07-2-768x576.jpeg 768w, https:\/\/www.ufpb.br\/cga\/wp-content\/uploads\/sites\/79\/sites\/365\/2025\/09\/WhatsApp-Image-2025-09-19-at-16.32.07-2-1536x1152.jpeg 1536w, https:\/\/www.ufpb.br\/cga\/wp-content\/uploads\/sites\/79\/sites\/365\/2025\/09\/WhatsApp-Image-2025-09-19-at-16.32.07-2.jpeg 1600w\" sizes=\"auto, (max-width: 1024px) 100vw, 1024px\" \/><\/figure>\n","protected":false},"excerpt":{"rendered":"<p>Nosso f\u00f3rum de sustentabilidade foi agraciado pela decora\u00e7\u00e3o com palmeiras, dracenas e cr\u00f3tons em jarros. [&hellip;]<\/p>\n","protected":false},"author":397,"featured_media":370,"comment_status":"closed","ping_status":"closed","sticky":false,"template":"","format":"standard","meta":{"footnotes":""},"categories":[18],"tags":[6,19,20],"class_list":["post-369","post","type-post","status-publish","format-standard","has-post-thumbnail","hentry","category-eventos","tag-cga","tag-compostagem","tag-flora-tropical"],"_links":{"self":[{"href":"https:\/\/www.ufpb.br\/cga\/wp-json\/wp\/v2\/posts\/369","targetHints":{"allow":["GET"]}}],"collection":[{"href":"https:\/\/www.ufpb.br\/cga\/wp-json\/wp\/v2\/posts"}],"about":[{"href":"https:\/\/www.ufpb.br\/cga\/wp-json\/wp\/v2\/types\/post"}],"author":[{"embeddable":true,"href":"https:\/\/www.ufpb.br\/cga\/wp-json\/wp\/v2\/users\/397"}],"replies":[{"embeddable":true,"href":"https:\/\/www.ufpb.br\/cga\/wp-json\/wp\/v2\/comments?post=369"}],"version-history":[{"count":2,"href":"https:\/\/www.ufpb.br\/cga\/wp-json\/wp\/v2\/posts\/369\/revisions"}],"predecessor-version":[{"id":523,"href":"https:\/\/www.ufpb.br\/cga\/wp-json\/wp\/v2\/posts\/369\/revisions\/523"}],"wp:featuredmedia":[{"embeddable":true,"href":"https:\/\/www.ufpb.br\/cga\/wp-json\/wp\/v2\/media\/370"}],"wp:attachment":[{"href":"https:\/\/www.ufpb.br\/cga\/wp-json\/wp\/v2\/media?parent=369"}],"wp:term":[{"taxonomy":"category","embeddable":true,"href":"https:\/\/www.ufpb.br\/cga\/wp-json\/wp\/v2\/categories?post=369"},{"taxonomy":"post_tag","embeddable":true,"href":"https:\/\/www.ufpb.br\/cga\/wp-json\/wp\/v2\/tags?post=369"}],"curies":[{"name":"wp","href":"https:\/\/api.w.org\/{rel}","templated":true}]}}