{"id":530,"date":"2025-10-08T15:40:44","date_gmt":"2025-10-08T18:40:44","guid":{"rendered":"https:\/\/www.ufpb.br\/cga\/?p=530"},"modified":"2025-10-15T08:47:33","modified_gmt":"2025-10-15T11:47:33","slug":"venha-tomar-um-chazinho-conosco","status":"publish","type":"post","link":"https:\/\/www.ufpb.br\/cga\/eventos\/venha-tomar-um-chazinho-conosco\/","title":{"rendered":"Venha tomar um chazinho conosco."},"content":{"rendered":"\n<figure class=\"wp-block-image size-full is-resized\"><img loading=\"lazy\" decoding=\"async\" width=\"624\" height=\"312\" src=\"http:\/\/www.ufpb.br\/cga\/wp-content\/uploads\/sites\/79\/sites\/365\/2025\/10\/Captura-de-tela-2025-10-08-153516.png\" alt=\"\" class=\"wp-image-533\" style=\"width:740px;height:auto\" srcset=\"https:\/\/www.ufpb.br\/cga\/wp-content\/uploads\/sites\/79\/sites\/365\/2025\/10\/Captura-de-tela-2025-10-08-153516.png 624w, https:\/\/www.ufpb.br\/cga\/wp-content\/uploads\/sites\/79\/sites\/365\/2025\/10\/Captura-de-tela-2025-10-08-153516-300x150.png 300w\" sizes=\"auto, (max-width: 624px) 100vw, 624px\" \/><\/figure>\n\n\n\n<p><\/p>\n\n\n\n<h1 class=\"wp-block-heading\">O Instituto Paraibano de Envelhecimento (IPE) est\u00e1 comemorando a semana do idoso.  A Comiss\u00e3o de Gest\u00e3o Ambiental (CGA), em parceria com o Horto &#8211; UFPB, realizou na tarde do dia 09 de outubro um evento com um grupo de aproximadamente quarenta idosos, tivemos uma caminhada no horto, conhecemos um pouco sobre o trabalho dos colaboradores e palestras curtas sobre sustentabilidade. Tamb\u00e9m, n\u00e3o podia faltar, biscoitinhos com um gostoso ch\u00e1 de erva cidreira ou capim santo.<\/h1>\n\n\n\n<p><\/p>\n\n\n<div class=\"wp-block-image\">\n<figure class=\"aligncenter size-full\"><img loading=\"lazy\" decoding=\"async\" width=\"233\" height=\"216\" src=\"http:\/\/www.ufpb.br\/cga\/wp-content\/uploads\/sites\/79\/sites\/365\/2025\/10\/IPE.png\" alt=\"\" class=\"wp-image-532\" \/><\/figure>\n<\/div>\n\n\n<p><\/p>\n\n\n\n<h1 class=\"wp-block-heading has-medium-font-size\">Dia 09 de outubro, \u00e0s 15 horas, no Horto da UFPB um momento de aprendizado, descontra\u00e7\u00e3o e relaxamento que s\u00f3 a natureza pode propiciar.<\/h1>\n\n\n\n<p class=\"has-text-align-center has-large-font-size\"><strong>&#8220;Cuidando do corpo, mente e meio ambiente: uma conex\u00e3o com ervas medicinais&#8221;<\/strong>.<\/p>\n\n\n\n<p class=\"has-medium-font-size\"><strong>O uso de plantas medicinais para prevenir e tratar doen\u00e7as \u00e9 um dos recursos mais antigos e difundidos na hist\u00f3ria da humanidade. Em muitas culturas, nossos antepassados reconheciam o poder de cura da flora e, ao cultiv\u00e1-las, garantiram que esse conhecimento fosse transmitido e preservado pelos mais experientes, passando aos seus descendentes. Quem nunca tomou uma x\u00edcara de ch\u00e1 com a vov\u00f3?<\/strong><\/p>\n\n\n\n<figure class=\"wp-block-image size-full is-resized\"><img loading=\"lazy\" decoding=\"async\" width=\"300\" height=\"168\" src=\"https:\/\/www.ufpb.br\/cga\/wp-content\/uploads\/sites\/79\/sites\/365\/2025\/10\/vovo.jpg\" alt=\"\" class=\"wp-image-535\" style=\"width:740px;height:auto\" \/><\/figure>\n\n\n\n<p class=\"has-medium-font-size\"><strong>As esp\u00e9cies e os modos de preparo s\u00e3o difundidos pela cultura passada de gera\u00e7\u00e3o em gera\u00e7\u00e3o. A fitoterapia funciona como um sistema complementar de sa\u00fade, e os idosos s\u00e3o fundamentais neste processo, sendo tanto os detentores desse rico conhecimento ancestral quanto os seus principais usu\u00e1rios.<\/strong><\/p>\n\n\n\n<p><a href=\"https:\/\/drive.google.com\/file\/d\/1_tIu_9QioDjkcJfUjMykIdq_z9HRyb5s\/view?usp=drive_link\">Venha tomar um chazinho &#8211; pdf<\/a><\/p>\n\n\n\n<p>Fonte imagens: Freepik<\/p>\n\n\n\n<p><\/p>\n","protected":false},"excerpt":{"rendered":"<p>O Instituto Paraibano de Envelhecimento (IPE) est\u00e1 comemorando a semana do idoso. A Comiss\u00e3o de [&hellip;]<\/p>\n","protected":false},"author":397,"featured_media":540,"comment_status":"closed","ping_status":"closed","sticky":false,"template":"","format":"standard","meta":{"footnotes":""},"categories":[18],"tags":[28,29,30],"class_list":["post-530","post","type-post","status-publish","format-standard","has-post-thumbnail","hentry","category-eventos","tag-ervas-medicinais","tag-horto","tag-idoso"],"_links":{"self":[{"href":"https:\/\/www.ufpb.br\/cga\/wp-json\/wp\/v2\/posts\/530","targetHints":{"allow":["GET"]}}],"collection":[{"href":"https:\/\/www.ufpb.br\/cga\/wp-json\/wp\/v2\/posts"}],"about":[{"href":"https:\/\/www.ufpb.br\/cga\/wp-json\/wp\/v2\/types\/post"}],"author":[{"embeddable":true,"href":"https:\/\/www.ufpb.br\/cga\/wp-json\/wp\/v2\/users\/397"}],"replies":[{"embeddable":true,"href":"https:\/\/www.ufpb.br\/cga\/wp-json\/wp\/v2\/comments?post=530"}],"version-history":[{"count":8,"href":"https:\/\/www.ufpb.br\/cga\/wp-json\/wp\/v2\/posts\/530\/revisions"}],"predecessor-version":[{"id":677,"href":"https:\/\/www.ufpb.br\/cga\/wp-json\/wp\/v2\/posts\/530\/revisions\/677"}],"wp:featuredmedia":[{"embeddable":true,"href":"https:\/\/www.ufpb.br\/cga\/wp-json\/wp\/v2\/media\/540"}],"wp:attachment":[{"href":"https:\/\/www.ufpb.br\/cga\/wp-json\/wp\/v2\/media?parent=530"}],"wp:term":[{"taxonomy":"category","embeddable":true,"href":"https:\/\/www.ufpb.br\/cga\/wp-json\/wp\/v2\/categories?post=530"},{"taxonomy":"post_tag","embeddable":true,"href":"https:\/\/www.ufpb.br\/cga\/wp-json\/wp\/v2\/tags?post=530"}],"curies":[{"name":"wp","href":"https:\/\/api.w.org\/{rel}","templated":true}]}}