{"id":856,"date":"2026-01-30T15:01:20","date_gmt":"2026-01-30T18:01:20","guid":{"rendered":"https:\/\/www.ufpb.br\/cia\/?p=856"},"modified":"2026-01-30T15:01:21","modified_gmt":"2026-01-30T18:01:21","slug":"comunicado-alteracao-no-atendimento-presencial","status":"publish","type":"post","link":"https:\/\/www.ufpb.br\/cia\/sem-categoria\/comunicado-alteracao-no-atendimento-presencial\/","title":{"rendered":"Comunicado: Altera\u00e7\u00e3o no Atendimento Presencial"},"content":{"rendered":"\n<p>Informamos que o Comit\u00ea de Inclus\u00e3o e Acessibilidade passar\u00e1 por uma altera\u00e7\u00e3o tempor\u00e1ria em seu formato de atendimento entre os dias 02 e 09 de fevereiro.<br>\u200bEssa medida \u00e9 necess\u00e1ria para concentrarmos nossos esfor\u00e7os nos trabalhos junto ao SISU 2026, garantindo a qualidade e celeridade dos processos seletivos.<\/p>\n\n\n\n<p>\u200bComo seremos atendidos?<\/p>\n\n\n\n<p>\u200bAtendimento Presencial: Suspenso de 02\/02 a 09\/02.<br>\u200bAtendimento Online: Mantido normalmente via E-mail e WhatsApp Institucional.<br>\u200bAvalia\u00e7\u00f5es Remotas: As avalia\u00e7\u00f5es j\u00e1 agendadas para este per\u00edodo ocorrer\u00e3o normalmente, sem qualquer altera\u00e7\u00e3o.<br>\u200bRetorno das Atividades<br>\u200bAs atividades e o atendimento presencial retornar\u00e3o \u00e0 sua normalidade no dia 12 de fevereiro (quinta-feira).<\/p>\n\n\n\n<p>\u200b Nota: Agradecemos a compreens\u00e3o de todos e refor\u00e7amos nosso compromisso com a acessibilidade e o suporte aos nossos estudantes e candidatos.<\/p>\n","protected":false},"excerpt":{"rendered":"<p>Informamos que o Comit\u00ea de Inclus\u00e3o e Acessibilidade passar\u00e1 por uma altera\u00e7\u00e3o tempor\u00e1ria em seu [&hellip;]<\/p>\n","protected":false},"author":458,"featured_media":857,"comment_status":"closed","ping_status":"open","sticky":false,"template":"","format":"standard","meta":{"footnotes":""},"categories":[1],"tags":[],"class_list":["post-856","post","type-post","status-publish","format-standard","has-post-thumbnail","hentry","category-sem-categoria"],"_links":{"self":[{"href":"https:\/\/www.ufpb.br\/cia\/wp-json\/wp\/v2\/posts\/856","targetHints":{"allow":["GET"]}}],"collection":[{"href":"https:\/\/www.ufpb.br\/cia\/wp-json\/wp\/v2\/posts"}],"about":[{"href":"https:\/\/www.ufpb.br\/cia\/wp-json\/wp\/v2\/types\/post"}],"author":[{"embeddable":true,"href":"https:\/\/www.ufpb.br\/cia\/wp-json\/wp\/v2\/users\/458"}],"replies":[{"embeddable":true,"href":"https:\/\/www.ufpb.br\/cia\/wp-json\/wp\/v2\/comments?post=856"}],"version-history":[{"count":1,"href":"https:\/\/www.ufpb.br\/cia\/wp-json\/wp\/v2\/posts\/856\/revisions"}],"predecessor-version":[{"id":858,"href":"https:\/\/www.ufpb.br\/cia\/wp-json\/wp\/v2\/posts\/856\/revisions\/858"}],"wp:featuredmedia":[{"embeddable":true,"href":"https:\/\/www.ufpb.br\/cia\/wp-json\/wp\/v2\/media\/857"}],"wp:attachment":[{"href":"https:\/\/www.ufpb.br\/cia\/wp-json\/wp\/v2\/media?parent=856"}],"wp:term":[{"taxonomy":"category","embeddable":true,"href":"https:\/\/www.ufpb.br\/cia\/wp-json\/wp\/v2\/categories?post=856"},{"taxonomy":"post_tag","embeddable":true,"href":"https:\/\/www.ufpb.br\/cia\/wp-json\/wp\/v2\/tags?post=856"}],"curies":[{"name":"wp","href":"https:\/\/api.w.org\/{rel}","templated":true}]}}