{"id":904,"date":"2026-03-19T16:26:26","date_gmt":"2026-03-19T19:26:26","guid":{"rendered":"https:\/\/www.ufpb.br\/cia\/?p=904"},"modified":"2026-03-19T16:26:27","modified_gmt":"2026-03-19T19:26:27","slug":"cia-torna-publico-2a-convocacao-dos-candidatos-do-programa-aluno-apoiador","status":"publish","type":"post","link":"https:\/\/www.ufpb.br\/cia\/convocacoes\/cia-torna-publico-2a-convocacao-dos-candidatos-do-programa-aluno-apoiador\/","title":{"rendered":"CIA torna p\u00fablico 2\u00aa convoca\u00e7\u00e3o dos candidatos do Programa Aluno Apoiador"},"content":{"rendered":"\n<p>O Comit\u00ea de Inclus\u00e3o e Acessibilidade \u2013 CIA, no uso de suas atribui\u00e7\u00f5es, torna p\u00fablico a 2\u00aa convoca\u00e7\u00e3o dos candidatos do campus I aprovados no Edital do programa Aluno Apoiador.<\/p>\n\n\n\n<p>Confira a lista dos aprovados clicando\u00a0<a href=\"http:\/\/www.ufpb.br\/cia\/wp-content\/uploads\/sites\/79\/sites\/236\/2026\/03\/2a-CONVOCACAO-EDITAL-DO-PROGRAMA-ALUNO-APOIADOR-26-_-2025.pdf\">aqui.<\/a><\/p>\n\n\n\n<p><a href=\"https:\/\/api.whatsapp.com\/send?text=Acesse%20esta%20p%C3%A1gina:%20https:\/\/www.ufpb.br\/cia\/aluno-apoiador\/cia-divulga-lista-de-convocados-do-programa-aluno-apoiador\/\" target=\"_blank\" rel=\"noreferrer noopener\"><\/a><\/p>\n","protected":false},"excerpt":{"rendered":"<p>O Comit\u00ea de Inclus\u00e3o e Acessibilidade \u2013 CIA, no uso de suas atribui\u00e7\u00f5es, torna p\u00fablico [&hellip;]<\/p>\n","protected":false},"author":458,"featured_media":906,"comment_status":"closed","ping_status":"open","sticky":false,"template":"","format":"standard","meta":{"footnotes":""},"categories":[6,4],"tags":[],"class_list":["post-904","post","type-post","status-publish","format-standard","has-post-thumbnail","hentry","category-aluno-apoiador","category-convocacoes"],"_links":{"self":[{"href":"https:\/\/www.ufpb.br\/cia\/wp-json\/wp\/v2\/posts\/904","targetHints":{"allow":["GET"]}}],"collection":[{"href":"https:\/\/www.ufpb.br\/cia\/wp-json\/wp\/v2\/posts"}],"about":[{"href":"https:\/\/www.ufpb.br\/cia\/wp-json\/wp\/v2\/types\/post"}],"author":[{"embeddable":true,"href":"https:\/\/www.ufpb.br\/cia\/wp-json\/wp\/v2\/users\/458"}],"replies":[{"embeddable":true,"href":"https:\/\/www.ufpb.br\/cia\/wp-json\/wp\/v2\/comments?post=904"}],"version-history":[{"count":1,"href":"https:\/\/www.ufpb.br\/cia\/wp-json\/wp\/v2\/posts\/904\/revisions"}],"predecessor-version":[{"id":905,"href":"https:\/\/www.ufpb.br\/cia\/wp-json\/wp\/v2\/posts\/904\/revisions\/905"}],"wp:featuredmedia":[{"embeddable":true,"href":"https:\/\/www.ufpb.br\/cia\/wp-json\/wp\/v2\/media\/906"}],"wp:attachment":[{"href":"https:\/\/www.ufpb.br\/cia\/wp-json\/wp\/v2\/media?parent=904"}],"wp:term":[{"taxonomy":"category","embeddable":true,"href":"https:\/\/www.ufpb.br\/cia\/wp-json\/wp\/v2\/categories?post=904"},{"taxonomy":"post_tag","embeddable":true,"href":"https:\/\/www.ufpb.br\/cia\/wp-json\/wp\/v2\/tags?post=904"}],"curies":[{"name":"wp","href":"https:\/\/api.w.org\/{rel}","templated":true}]}}