{"id":1185,"date":"2021-04-14T15:10:00","date_gmt":"2021-04-14T18:10:00","guid":{"rendered":"https:\/\/www.ufpb.br\/comu\/?p=1185"},"modified":"2025-12-19T14:04:18","modified_gmt":"2025-12-19T17:04:18","slug":"atendimentos-na-comu","status":"publish","type":"post","link":"https:\/\/www.ufpb.br\/comu\/informativos\/atendimentos-na-comu\/","title":{"rendered":"Atendimentos na CoMu"},"content":{"rendered":"<div class=\"wp-block-image\">\n<figure class=\"alignleft size-full is-resized\"><img loading=\"lazy\" decoding=\"async\" width=\"768\" height=\"768\" src=\"https:\/\/www.ufpb.br\/comu\/wp-content\/uploads\/sites\/79\/sites\/269\/2025\/12\/image-267.png\" alt=\"\" class=\"wp-image-1186\" style=\"width:246px;height:auto\" srcset=\"https:\/\/www.ufpb.br\/comu\/wp-content\/uploads\/sites\/79\/sites\/269\/2025\/12\/image-267.png 768w, https:\/\/www.ufpb.br\/comu\/wp-content\/uploads\/sites\/79\/sites\/269\/2025\/12\/image-267-300x300.png 300w, https:\/\/www.ufpb.br\/comu\/wp-content\/uploads\/sites\/79\/sites\/269\/2025\/12\/image-267-150x150.png 150w\" sizes=\"auto, (max-width: 768px) 100vw, 768px\" \/><\/figure>\n<\/div>\n\n\n<p>Desde mar\u00e7o de 2020, devido \u00e0 pandemia da Covid-19 que j\u00e1 matou 358 mil brasileiras e brasileiros desde ent\u00e3o, o atendimento na CoMu segue de maneira remota para as mulheres que estudam, trabalham e convivem na UFPB que estejam em situa\u00e7\u00e3o de viol\u00eancia. O primeiro contato pode ser realizado pelo email do Comit\u00ea (comu@proex.ufpb.br) ou pelo perfil no Instagram\u00a0<a href=\"http:\/\/www.instagram.com\/comuufpb\/\" target=\"_blank\" rel=\"noreferrer noopener\">@comuufpb.<\/a><\/p>\n\n\n\n<p>As informa\u00e7\u00f5es trocadas s\u00e3o sigilosas e apenas a equipe da CoMu tem acesso a elas. Ap\u00f3s o primeiro contato, a mulher ser\u00e1 procurada pelo Setor de Acolhimento para agendar um atendimento no hor\u00e1rio, dia e meio mais conveniente&nbsp;para ela, seja telefone ou videoconfer\u00eancia.<\/p>\n\n\n\n<p>Desde o in\u00edcio da pandemia e do trabalho remoto, a CoMu j\u00e1 atendeu novos vinte casos de mulheres da UFPB em situa\u00e7\u00e3o de viol\u00eancia e outros cinco que n\u00e3o tinham v\u00ednculo com a Universidade receberam informa\u00e7\u00f5es e foram encaminhadas para a rede. Al\u00e9m disso, a CoMu continua no atendimento das demais, segue monitorando processos, promovendo&nbsp;reuni\u00f5es internas para discuss\u00e3o e estudos de caso, contatos com diversos setores que atuam no enfrentamento \u00e0 viol\u00eancia contra a mulher dentro e fora da UFPB,&nbsp;participando de reuni\u00f5es da Rede Estadual de Aten\u00e7\u00e3o \u00e0s Mulheres V\u00edtimas de Viol\u00eancia da Para\u00edba (Reamcav) e de eventos que tratem do tema, al\u00e9m de outras atividades que desenvolve no compromisso de acolher, prevenir e enfrentar a viol\u00eancia contra as mulheres que estudam, trabalham e convivem na UFPB.&nbsp;<\/p>\n\n\n\n<p><\/p>\n","protected":false},"excerpt":{"rendered":"<p>Desde mar\u00e7o de 2020, devido \u00e0 pandemia da Covid-19 que j\u00e1 matou 358 mil brasileiras [&hellip;]<\/p>\n","protected":false},"author":481,"featured_media":1186,"comment_status":"closed","ping_status":"open","sticky":false,"template":"","format":"standard","meta":{"footnotes":""},"categories":[11,10],"tags":[],"class_list":["post-1185","post","type-post","status-publish","format-standard","has-post-thumbnail","hentry","category-elas-noticias-de-interesse-para-mulheres","category-informativos"],"_links":{"self":[{"href":"https:\/\/www.ufpb.br\/comu\/wp-json\/wp\/v2\/posts\/1185","targetHints":{"allow":["GET"]}}],"collection":[{"href":"https:\/\/www.ufpb.br\/comu\/wp-json\/wp\/v2\/posts"}],"about":[{"href":"https:\/\/www.ufpb.br\/comu\/wp-json\/wp\/v2\/types\/post"}],"author":[{"embeddable":true,"href":"https:\/\/www.ufpb.br\/comu\/wp-json\/wp\/v2\/users\/481"}],"replies":[{"embeddable":true,"href":"https:\/\/www.ufpb.br\/comu\/wp-json\/wp\/v2\/comments?post=1185"}],"version-history":[{"count":1,"href":"https:\/\/www.ufpb.br\/comu\/wp-json\/wp\/v2\/posts\/1185\/revisions"}],"predecessor-version":[{"id":1187,"href":"https:\/\/www.ufpb.br\/comu\/wp-json\/wp\/v2\/posts\/1185\/revisions\/1187"}],"wp:featuredmedia":[{"embeddable":true,"href":"https:\/\/www.ufpb.br\/comu\/wp-json\/wp\/v2\/media\/1186"}],"wp:attachment":[{"href":"https:\/\/www.ufpb.br\/comu\/wp-json\/wp\/v2\/media?parent=1185"}],"wp:term":[{"taxonomy":"category","embeddable":true,"href":"https:\/\/www.ufpb.br\/comu\/wp-json\/wp\/v2\/categories?post=1185"},{"taxonomy":"post_tag","embeddable":true,"href":"https:\/\/www.ufpb.br\/comu\/wp-json\/wp\/v2\/tags?post=1185"}],"curies":[{"name":"wp","href":"https:\/\/api.w.org\/{rel}","templated":true}]}}