{"id":1269,"date":"2026-03-05T13:45:00","date_gmt":"2026-03-05T16:45:00","guid":{"rendered":"https:\/\/www.ufpb.br\/comu\/?p=1269"},"modified":"2026-03-16T10:29:42","modified_gmt":"2026-03-16T13:29:42","slug":"comu-disponibiliza-painel-com-dados-sobre-a-participacao-das-mulheres-na-ufpb","status":"publish","type":"post","link":"https:\/\/www.ufpb.br\/comu\/informativos\/comu-disponibiliza-painel-com-dados-sobre-a-participacao-das-mulheres-na-ufpb\/","title":{"rendered":"CoMu disponibiliza painel com dados sobre a participa\u00e7\u00e3o das mulheres na UFPB"},"content":{"rendered":"\n<figure class=\"wp-block-image size-large\"><img loading=\"lazy\" decoding=\"async\" width=\"1024\" height=\"307\" src=\"https:\/\/www.ufpb.br\/comu\/wp-content\/uploads\/sites\/79\/sites\/269\/2026\/03\/CABECALHO-1-1024x307.jpg\" alt=\"\" class=\"wp-image-1270\" srcset=\"https:\/\/www.ufpb.br\/comu\/wp-content\/uploads\/sites\/79\/sites\/269\/2026\/03\/CABECALHO-1-1024x307.jpg 1024w, https:\/\/www.ufpb.br\/comu\/wp-content\/uploads\/sites\/79\/sites\/269\/2026\/03\/CABECALHO-1-300x90.jpg 300w, https:\/\/www.ufpb.br\/comu\/wp-content\/uploads\/sites\/79\/sites\/269\/2026\/03\/CABECALHO-1-768x230.jpg 768w, https:\/\/www.ufpb.br\/comu\/wp-content\/uploads\/sites\/79\/sites\/269\/2026\/03\/CABECALHO-1-1536x461.jpg 1536w, https:\/\/www.ufpb.br\/comu\/wp-content\/uploads\/sites\/79\/sites\/269\/2026\/03\/CABECALHO-1.jpg 2000w\" sizes=\"auto, (max-width: 1024px) 100vw, 1024px\" \/><\/figure>\n\n\n\n<p><\/p>\n\n\n\n<p>A CoMu lan\u00e7a o painel \u201cMulheres UFPB em N\u00fameros\u201d, uma iniciativa que amplia a transpar\u00eancia e qualifica o acesso a dados sobre a presen\u00e7a de mulheres na UFPB.<br>Desenvolvida ao longo de 2025, em parceria com a Superintend\u00eancia de Tecnologia da Informa\u00e7\u00e3o (STI), a ferramenta re\u00fane e organiza informa\u00e7\u00f5es sobre a composi\u00e7\u00e3o da UFPB com recorte por g\u00eanero, contemplando os tr\u00eas segmentos da comunidade acad\u00eamica: discentes, docentes e t\u00e9cnicas(os)-administrativas(os).<br>O painel apresenta a distribui\u00e7\u00e3o geral por g\u00eanero e permite consultas mais detalhadas para cada uma das categorias. Na categoria discente, \u00e9 poss\u00edvel visualizar dados por n\u00edveis de ensino. J\u00e1 para as servidoras docentes e t\u00e9cnicas(os)-administrativas(os), o painel oferece informa\u00e7\u00f5es adicionais por titula\u00e7\u00e3o e por unidade de lota\u00e7\u00e3o, ampliando a compreens\u00e3o sobre os espa\u00e7os ocupados pelas mulheres na institui\u00e7\u00e3o.<\/p>\n\n\n\n<p><br>O painel \u00e9 din\u00e2mico: as atualiza\u00e7\u00f5es ocorrem mensalmente para as pessoas servidoras e, na categoria discente, semanalmente. Isso garante informa\u00e7\u00f5es atuais e confi\u00e1veis para toda a comunidade.<br>Ao sistematizar e tornar p\u00fablicos esses dados, a UFPB subsidia informa\u00e7\u00f5es para formula\u00e7\u00e3o, o acompanhamento e a avalia\u00e7\u00e3o de pol\u00edticas de equidade de g\u00eanero. A iniciativa tamb\u00e9m apoia pesquisas nas \u00e1reas de educa\u00e7\u00e3o, trabalho, pol\u00edticas p\u00fablicas e estudos de g\u00eanero, contribuindo para a consolida\u00e7\u00e3o de uma cultura institucional baseada em evid\u00eancias.<\/p>\n\n\n\n<p><br>Novas etapas j\u00e1 est\u00e3o em desenvolvimento. O painel passar\u00e1 a incorporar marcadores sociais que expressem a pluralidade das mulheres em uma perspectiva interseccional, incluindo identidades de g\u00eanero, ra\u00e7a\/cor, maternidade, defici\u00eancia, entre outros. Essa amplia\u00e7\u00e3o permitir\u00e1 an\u00e1lises mais abrangentes sobre as m\u00faltiplas experi\u00eancias e desigualdades que atravessam a realidade das mulheres na UFPB.<br><br>UFPB e CoMu reafirmam o compromisso permanente com a promo\u00e7\u00e3o de pol\u00edticas institucionais para as mulheres, fundamentadas em dados, equidade e justi\u00e7a social.<\/p>\n\n\n\n<p><\/p>\n\n\n\n<figure class=\"wp-block-gallery has-nested-images columns-default is-cropped wp-block-gallery-1 is-layout-flex wp-block-gallery-is-layout-flex\">\n<figure class=\"wp-block-image size-large\"><img loading=\"lazy\" decoding=\"async\" width=\"1024\" height=\"1024\" data-id=\"1280\" src=\"https:\/\/www.ufpb.br\/comu\/wp-content\/uploads\/sites\/79\/sites\/269\/2026\/03\/WhatsApp-Image-2026-03-16-at-10.27.17-1024x1024.jpeg\" alt=\"\" class=\"wp-image-1280\" srcset=\"https:\/\/www.ufpb.br\/comu\/wp-content\/uploads\/sites\/79\/sites\/269\/2026\/03\/WhatsApp-Image-2026-03-16-at-10.27.17-1024x1024.jpeg 1024w, https:\/\/www.ufpb.br\/comu\/wp-content\/uploads\/sites\/79\/sites\/269\/2026\/03\/WhatsApp-Image-2026-03-16-at-10.27.17-300x300.jpeg 300w, https:\/\/www.ufpb.br\/comu\/wp-content\/uploads\/sites\/79\/sites\/269\/2026\/03\/WhatsApp-Image-2026-03-16-at-10.27.17-150x150.jpeg 150w, https:\/\/www.ufpb.br\/comu\/wp-content\/uploads\/sites\/79\/sites\/269\/2026\/03\/WhatsApp-Image-2026-03-16-at-10.27.17-768x768.jpeg 768w, https:\/\/www.ufpb.br\/comu\/wp-content\/uploads\/sites\/79\/sites\/269\/2026\/03\/WhatsApp-Image-2026-03-16-at-10.27.17.jpeg 1080w\" sizes=\"auto, (max-width: 1024px) 100vw, 1024px\" \/><\/figure>\n<\/figure>\n\n\n\n<p><\/p>\n","protected":false},"excerpt":{"rendered":"<p>A CoMu lan\u00e7a o painel \u201cMulheres UFPB em N\u00fameros\u201d, uma iniciativa que amplia a transpar\u00eancia [&hellip;]<\/p>\n","protected":false},"author":481,"featured_media":1280,"comment_status":"closed","ping_status":"open","sticky":false,"template":"","format":"standard","meta":{"footnotes":""},"categories":[11,10],"tags":[],"class_list":["post-1269","post","type-post","status-publish","format-standard","has-post-thumbnail","hentry","category-elas-noticias-de-interesse-para-mulheres","category-informativos"],"_links":{"self":[{"href":"https:\/\/www.ufpb.br\/comu\/wp-json\/wp\/v2\/posts\/1269","targetHints":{"allow":["GET"]}}],"collection":[{"href":"https:\/\/www.ufpb.br\/comu\/wp-json\/wp\/v2\/posts"}],"about":[{"href":"https:\/\/www.ufpb.br\/comu\/wp-json\/wp\/v2\/types\/post"}],"author":[{"embeddable":true,"href":"https:\/\/www.ufpb.br\/comu\/wp-json\/wp\/v2\/users\/481"}],"replies":[{"embeddable":true,"href":"https:\/\/www.ufpb.br\/comu\/wp-json\/wp\/v2\/comments?post=1269"}],"version-history":[{"count":4,"href":"https:\/\/www.ufpb.br\/comu\/wp-json\/wp\/v2\/posts\/1269\/revisions"}],"predecessor-version":[{"id":1281,"href":"https:\/\/www.ufpb.br\/comu\/wp-json\/wp\/v2\/posts\/1269\/revisions\/1281"}],"wp:featuredmedia":[{"embeddable":true,"href":"https:\/\/www.ufpb.br\/comu\/wp-json\/wp\/v2\/media\/1280"}],"wp:attachment":[{"href":"https:\/\/www.ufpb.br\/comu\/wp-json\/wp\/v2\/media?parent=1269"}],"wp:term":[{"taxonomy":"category","embeddable":true,"href":"https:\/\/www.ufpb.br\/comu\/wp-json\/wp\/v2\/categories?post=1269"},{"taxonomy":"post_tag","embeddable":true,"href":"https:\/\/www.ufpb.br\/comu\/wp-json\/wp\/v2\/tags?post=1269"}],"curies":[{"name":"wp","href":"https:\/\/api.w.org\/{rel}","templated":true}]}}