{"id":362,"date":"2025-11-10T19:35:54","date_gmt":"2025-11-10T22:35:54","guid":{"rendered":"https:\/\/www.ufpb.br\/comu\/?p=362"},"modified":"2025-11-10T19:42:06","modified_gmt":"2025-11-10T22:42:06","slug":"inscricoes-para-cg-comu-prorrogadas","status":"publish","type":"post","link":"https:\/\/www.ufpb.br\/comu\/eleicoes\/inscricoes-para-cg-comu-prorrogadas\/","title":{"rendered":"Inscri\u00e7\u00f5es para CG-CoMu prorrogadas!"},"content":{"rendered":"\n<p>As inscri\u00e7\u00f5es de chapas para o Conselho Gestor da CoMu (CG-CoMu) foram prorrogadas at\u00e9 o dia 12\/11\/2025, quarta-feira. A CG-CoMu \u00e9 a inst\u00e2ncia deliberativa m\u00e1xima da CoMu, mais informa\u00e7\u00f5es sobre suas atribui\u00e7\u00f5es e encargos podem ser encontradas na se\u00e7\u00e3o <a href=\"https:\/\/www.ufpb.br\/comu\/conselho-gestor\/\" data-type=\"link\" data-id=\"https:\/\/www.ufpb.br\/comu\/conselho-gestor\/\">Conselho Gestor<\/a>.<br><br>Confiram o <a href=\"http:\/\/www.ufpb.br\/comu\/wp-content\/uploads\/sites\/79\/sites\/269\/2025\/10\/EDITAL.CG-COMU.pdf\" data-type=\"link\" data-id=\"http:\/\/www.ufpb.br\/comu\/wp-content\/uploads\/sites\/79\/sites\/269\/2025\/10\/EDITAL.CG-COMU.pdf\">Edital Eleitoral<\/a> e se inscrevam! <\/p>\n\n\n\n<p>Sigamos fortalecendo a luta das mulheres e ocupando os espa\u00e7os de decis\u00e3o!<\/p>\n\n\n\n<p><\/p>\n","protected":false},"excerpt":{"rendered":"<p>As inscri\u00e7\u00f5es de chapas para o Conselho Gestor da CoMu (CG-CoMu) foram prorrogadas at\u00e9 o [&hellip;]<\/p>\n","protected":false},"author":236,"featured_media":366,"comment_status":"closed","ping_status":"open","sticky":false,"template":"","format":"standard","meta":{"footnotes":""},"categories":[3],"tags":[],"class_list":["post-362","post","type-post","status-publish","format-standard","has-post-thumbnail","hentry","category-eleicoes"],"_links":{"self":[{"href":"https:\/\/www.ufpb.br\/comu\/wp-json\/wp\/v2\/posts\/362","targetHints":{"allow":["GET"]}}],"collection":[{"href":"https:\/\/www.ufpb.br\/comu\/wp-json\/wp\/v2\/posts"}],"about":[{"href":"https:\/\/www.ufpb.br\/comu\/wp-json\/wp\/v2\/types\/post"}],"author":[{"embeddable":true,"href":"https:\/\/www.ufpb.br\/comu\/wp-json\/wp\/v2\/users\/236"}],"replies":[{"embeddable":true,"href":"https:\/\/www.ufpb.br\/comu\/wp-json\/wp\/v2\/comments?post=362"}],"version-history":[{"count":1,"href":"https:\/\/www.ufpb.br\/comu\/wp-json\/wp\/v2\/posts\/362\/revisions"}],"predecessor-version":[{"id":364,"href":"https:\/\/www.ufpb.br\/comu\/wp-json\/wp\/v2\/posts\/362\/revisions\/364"}],"wp:featuredmedia":[{"embeddable":true,"href":"https:\/\/www.ufpb.br\/comu\/wp-json\/wp\/v2\/media\/366"}],"wp:attachment":[{"href":"https:\/\/www.ufpb.br\/comu\/wp-json\/wp\/v2\/media?parent=362"}],"wp:term":[{"taxonomy":"category","embeddable":true,"href":"https:\/\/www.ufpb.br\/comu\/wp-json\/wp\/v2\/categories?post=362"},{"taxonomy":"post_tag","embeddable":true,"href":"https:\/\/www.ufpb.br\/comu\/wp-json\/wp\/v2\/tags?post=362"}],"curies":[{"name":"wp","href":"https:\/\/api.w.org\/{rel}","templated":true}]}}