{"id":498,"date":"2024-10-29T13:41:00","date_gmt":"2024-10-29T16:41:00","guid":{"rendered":"https:\/\/www.ufpb.br\/comu\/?p=498"},"modified":"2025-12-12T10:11:29","modified_gmt":"2025-12-12T13:11:29","slug":"publicado-edital-de-eleicao-para-coordenacao-da-comu","status":"publish","type":"post","link":"https:\/\/www.ufpb.br\/comu\/eleicoes\/publicado-edital-de-eleicao-para-coordenacao-da-comu\/","title":{"rendered":"Publicado edital de elei\u00e7\u00e3o para coordena\u00e7\u00e3o da CoMu"},"content":{"rendered":"<div class=\"wp-block-image\">\n<figure class=\"alignleft size-full\"><img loading=\"lazy\" decoding=\"async\" width=\"230\" height=\"230\" src=\"https:\/\/www.ufpb.br\/comu\/wp-content\/uploads\/sites\/79\/sites\/269\/2025\/12\/image-2.png\" alt=\"\" class=\"wp-image-499\" srcset=\"https:\/\/www.ufpb.br\/comu\/wp-content\/uploads\/sites\/79\/sites\/269\/2025\/12\/image-2.png 230w, https:\/\/www.ufpb.br\/comu\/wp-content\/uploads\/sites\/79\/sites\/269\/2025\/12\/image-2-150x150.png 150w\" sizes=\"auto, (max-width: 230px) 100vw, 230px\" \/><\/figure>\n<\/div>\n\n\n<p class=\"wp-block-paragraph\"><\/p>\n\n\n\n<p class=\"wp-block-paragraph\">Foi lan\u00e7ado nesta ter\u00e7a-feira (29) o edital para escolha da nova coordena\u00e7\u00e3o da CoMu para o bi\u00eanio 2024\/2026.&nbsp;A elei\u00e7\u00e3o ser\u00e1 em 11 de dezembro e ocorrer\u00e1 pelo&nbsp; SigElei\u00e7\u00e3o, dentro da programa\u00e7\u00e3o da VI Plen\u00e1ria de Mulheres da UFPB. As interessadas podem se candidatar entre os dias 04 e 17 de novembro. \u00c9 necess\u00e1rio a forma\u00e7\u00e3o de chapas com titular e suplente e envio da documenta\u00e7\u00e3o exigida, conforme edital, para o e-mail: eleicaocomu@proex.ufpb.br. A lista final das candidaturas homologadas ser\u00e1 divulgada em 25 de novembro.<\/p>\n\n\n\n<h3 class=\"wp-block-heading\">Vota\u00e7\u00e3o<\/h3>\n\n\n\n<p class=\"wp-block-paragraph\">A elei\u00e7\u00e3o \u00e9 aberta a todas as mulheres que estudam e trabalham na UFPB, que tenham v\u00ednculo institucional ativo. Segundo o art. 4\u00ba do edital, &#8220;podem exercer o direito ao voto as mulheres (cis ou trans) que estejam com matr\u00edcula institucional da UFPB ativa, seja como discente de gradua\u00e7\u00e3o ou p\u00f3s-gradua\u00e7\u00e3o, dos ensinos&nbsp;t\u00e9cnico e&nbsp;tecnol\u00f3gico,&nbsp;servidoras docentes&nbsp;ou&nbsp;t\u00e9cnico-administrativas&#8221;.&nbsp;<\/p>\n\n\n\n<p class=\"wp-block-paragraph\">As d\u00favidas e quaisquer casos omissos ser\u00e3o definidos pela Comiss\u00e3o Eleitoral. O edital pode ser acessado&nbsp;<a href=\"http:\/\/plone.ufpb.br\/comu\/contents\/documentos\/edital_eleicao_coordenacao_1.pdf\" target=\"_blank\" rel=\"noreferrer noopener\">aqui.<\/a><\/p>\n\n\n\n<p class=\"wp-block-paragraph\"><em>Por: Lis Lemos<\/em><\/p>\n\n\n\n<p class=\"wp-block-paragraph\"><\/p>\n","protected":false},"excerpt":{"rendered":"<p>Foi lan\u00e7ado nesta ter\u00e7a-feira (29) o edital para escolha da nova coordena\u00e7\u00e3o da CoMu para [&hellip;]<\/p>\n","protected":false},"author":480,"featured_media":510,"comment_status":"closed","ping_status":"open","sticky":false,"template":"","format":"standard","meta":{"footnotes":""},"categories":[3],"tags":[],"class_list":["post-498","post","type-post","status-publish","format-standard","has-post-thumbnail","hentry","category-eleicoes"],"_links":{"self":[{"href":"https:\/\/www.ufpb.br\/comu\/wp-json\/wp\/v2\/posts\/498","targetHints":{"allow":["GET"]}}],"collection":[{"href":"https:\/\/www.ufpb.br\/comu\/wp-json\/wp\/v2\/posts"}],"about":[{"href":"https:\/\/www.ufpb.br\/comu\/wp-json\/wp\/v2\/types\/post"}],"author":[{"embeddable":true,"href":"https:\/\/www.ufpb.br\/comu\/wp-json\/wp\/v2\/users\/480"}],"replies":[{"embeddable":true,"href":"https:\/\/www.ufpb.br\/comu\/wp-json\/wp\/v2\/comments?post=498"}],"version-history":[{"count":2,"href":"https:\/\/www.ufpb.br\/comu\/wp-json\/wp\/v2\/posts\/498\/revisions"}],"predecessor-version":[{"id":544,"href":"https:\/\/www.ufpb.br\/comu\/wp-json\/wp\/v2\/posts\/498\/revisions\/544"}],"wp:featuredmedia":[{"embeddable":true,"href":"https:\/\/www.ufpb.br\/comu\/wp-json\/wp\/v2\/media\/510"}],"wp:attachment":[{"href":"https:\/\/www.ufpb.br\/comu\/wp-json\/wp\/v2\/media?parent=498"}],"wp:term":[{"taxonomy":"category","embeddable":true,"href":"https:\/\/www.ufpb.br\/comu\/wp-json\/wp\/v2\/categories?post=498"},{"taxonomy":"post_tag","embeddable":true,"href":"https:\/\/www.ufpb.br\/comu\/wp-json\/wp\/v2\/tags?post=498"}],"curies":[{"name":"wp","href":"https:\/\/api.w.org\/{rel}","templated":true}]}}