{"id":525,"date":"2023-07-07T13:57:00","date_gmt":"2023-07-07T16:57:00","guid":{"rendered":"https:\/\/www.ufpb.br\/comu\/?p=525"},"modified":"2025-12-12T10:13:35","modified_gmt":"2025-12-12T13:13:35","slug":"comu-tem-aumento-expressivo-de-atendimentos","status":"publish","type":"post","link":"https:\/\/www.ufpb.br\/comu\/historia\/comu-tem-aumento-expressivo-de-atendimentos\/","title":{"rendered":"CoMu tem aumento expressivo de atendimentos"},"content":{"rendered":"<div class=\"wp-block-image\">\n<figure class=\"alignleft size-full is-resized\"><img loading=\"lazy\" decoding=\"async\" width=\"768\" height=\"768\" src=\"https:\/\/www.ufpb.br\/comu\/wp-content\/uploads\/sites\/79\/sites\/269\/2025\/12\/image-7.png\" alt=\"\" class=\"wp-image-526\" style=\"width:315px;height:auto\" srcset=\"https:\/\/www.ufpb.br\/comu\/wp-content\/uploads\/sites\/79\/sites\/269\/2025\/12\/image-7.png 768w, https:\/\/www.ufpb.br\/comu\/wp-content\/uploads\/sites\/79\/sites\/269\/2025\/12\/image-7-300x300.png 300w, https:\/\/www.ufpb.br\/comu\/wp-content\/uploads\/sites\/79\/sites\/269\/2025\/12\/image-7-150x150.png 150w\" sizes=\"auto, (max-width: 768px) 100vw, 768px\" \/><\/figure>\n<\/div>\n\n\n<p>No primeiro semestre de 2023, a CoMu registrou o dobro de novos atendimentos, em compara\u00e7\u00e3o com os anos anteriores. Entre mar\u00e7o e junho foram 20 acolhimentos de mulheres que chegaram pela primeira vez ao setor.&nbsp;Desde a sua cria\u00e7\u00e3o, em 2018, o servi\u00e7o costumava receber uma m\u00e9dia de 21 mulheres por ano. O aumento de 100% pode ser explicado, entre outros motivos, por um maior conhecimento da comunidade acad\u00eamica sobre o setor, al\u00e9m da interioriza\u00e7\u00e3o das a\u00e7\u00f5es.&nbsp;<\/p>\n\n\n\n<p>Ao todo, foram realizados quase 200 atendimentos durante o primeiro semestre. Cada mulher \u00e9 atendida mais de uma vez pela equipe, gerando encaminhamentos para outros servi\u00e7os internos e externos \u00e0 UFPB, reuni\u00f5es com os setores onde essas mulheres estudam e\/ou trabalham, manifesta\u00e7\u00f5es junto \u00e0 Ouvidoria da UFPB, entre outras medidas.<\/p>\n\n\n\n<p>Nessa gama de atendimentos s\u00e3o contabilizados aqueles em que a mulher procurou o Comit\u00ea apenas para tirar d\u00favidas ou que buscou uma \u00fanica vez, mas n\u00e3o retornou. Nesses casos, a equipe tenta contato mais algumas vezes com a mulher, mostrando-se dispon\u00edvel para quando ela necessitar.&nbsp;Tamb\u00e9m s\u00e3o considerados os atendimentos a profissionais, dire\u00e7\u00f5es de centro, chefias, estudantes, servidores docentes e &nbsp;t\u00e9cnico-administrativos que buscam a CoMu para compreender o fen\u00f4meno da viol\u00eancia contra a mulher quando precisam lidar diretamente com ele.<\/p>\n\n\n\n<p>A partir das demandas apresentadas, a CoMu realizou nove encaminhamentos para setores da UFPB, como Prape e CRAS, al\u00e9m de setores externos como Delegacia da Mulher e Centro de Refer\u00eancia. O Comit\u00ea atua em constante di\u00e1logo com os servi\u00e7os que atuam no atendimento psicossocial dentro da Universidade e aqueles que comp\u00f5em a rede de enfrentamento \u00e0 viol\u00eancia contra mulheres na Para\u00edba.<\/p>\n\n\n\n<h3 class=\"wp-block-heading\">Preven\u00e7\u00e3o e Enfrentamento<\/h3>\n\n\n\n<p>Al\u00e9m do acolhimento, orienta\u00e7\u00e3o e atendimento \u00e0s mulheres em situa\u00e7\u00e3o de viol\u00eancia que estudam, trabalham e convivem na UFPB, a CoMu atua na preven\u00e7\u00e3o e no enfrentamento. Num total, foram realizadas 90 reuni\u00f5es com diversos setores da UFPB, como pr\u00f3-reitorias, dire\u00e7\u00f5es de Centro, Procuradoria Jur\u00eddica, Ouvidoria e fora da UFPB como Patrulha Maria da Penha, Defensoria P\u00fablica do Estado, Minist\u00e9rio P\u00fablico Federal para tratar dos casos atendidos ou para discutir estrat\u00e9gias para prevenir novas viola\u00e7\u00f5es.<\/p>\n\n\n\n<p>A CoMu participou ainda de 13 a\u00e7\u00f5es de preven\u00e7\u00e3o, incluindo aquelas promovidas por Centros, pr\u00f3-reitorias, chefias de departamento, organiza\u00e7\u00f5es estudantis. A maioria dessas a\u00e7\u00f5es ocorreram no m\u00eas da mulher, em alus\u00e3o ao 8 de Mar\u00e7o. Al\u00e9m disso, o projeto de extens\u00e3o&nbsp;<em>Acolhimento e Orienta\u00e7\u00e3o: a\u00e7\u00f5es do CoMu para o enfrentamento a viol\u00eancia contra as mulheres<\/em>&nbsp;desenvolveu a\u00e7\u00f5es nos Centros e, principalmente, com as trabalhadoras terceirizadas da reitoria.<\/p>\n\n\n\n<p><em>Por: Lis Lemos<\/em><\/p>\n\n\n\n<p><a href=\"http:\/\/plone.ufpb.br\/comu\/contents\/noticias\/comu-aumento-expressivo-atendimento#wrapper\">Voltar para o topo<\/a><\/p>\n\n\n\n<p><\/p>\n","protected":false},"excerpt":{"rendered":"<p>No primeiro semestre de 2023, a CoMu registrou o dobro de novos atendimentos, em compara\u00e7\u00e3o [&hellip;]<\/p>\n","protected":false},"author":480,"featured_media":526,"comment_status":"closed","ping_status":"open","sticky":false,"template":"","format":"standard","meta":{"footnotes":""},"categories":[9,10],"tags":[],"class_list":["post-525","post","type-post","status-publish","format-standard","has-post-thumbnail","hentry","category-historia","category-informativos"],"_links":{"self":[{"href":"https:\/\/www.ufpb.br\/comu\/wp-json\/wp\/v2\/posts\/525","targetHints":{"allow":["GET"]}}],"collection":[{"href":"https:\/\/www.ufpb.br\/comu\/wp-json\/wp\/v2\/posts"}],"about":[{"href":"https:\/\/www.ufpb.br\/comu\/wp-json\/wp\/v2\/types\/post"}],"author":[{"embeddable":true,"href":"https:\/\/www.ufpb.br\/comu\/wp-json\/wp\/v2\/users\/480"}],"replies":[{"embeddable":true,"href":"https:\/\/www.ufpb.br\/comu\/wp-json\/wp\/v2\/comments?post=525"}],"version-history":[{"count":3,"href":"https:\/\/www.ufpb.br\/comu\/wp-json\/wp\/v2\/posts\/525\/revisions"}],"predecessor-version":[{"id":549,"href":"https:\/\/www.ufpb.br\/comu\/wp-json\/wp\/v2\/posts\/525\/revisions\/549"}],"wp:featuredmedia":[{"embeddable":true,"href":"https:\/\/www.ufpb.br\/comu\/wp-json\/wp\/v2\/media\/526"}],"wp:attachment":[{"href":"https:\/\/www.ufpb.br\/comu\/wp-json\/wp\/v2\/media?parent=525"}],"wp:term":[{"taxonomy":"category","embeddable":true,"href":"https:\/\/www.ufpb.br\/comu\/wp-json\/wp\/v2\/categories?post=525"},{"taxonomy":"post_tag","embeddable":true,"href":"https:\/\/www.ufpb.br\/comu\/wp-json\/wp\/v2\/tags?post=525"}],"curies":[{"name":"wp","href":"https:\/\/api.w.org\/{rel}","templated":true}]}}