{"id":757,"date":"2025-09-03T17:39:22","date_gmt":"2025-09-03T20:39:22","guid":{"rendered":"https:\/\/www.ufpb.br\/cras\/?p=757"},"modified":"2025-09-03T17:46:28","modified_gmt":"2025-09-03T20:46:28","slug":"abertura-de-vagas-para-cadastro-de-reserva-para-atendimento-psicologico","status":"publish","type":"post","link":"https:\/\/www.ufpb.br\/cras\/agenda\/abertura-de-vagas-para-cadastro-de-reserva-para-atendimento-psicologico\/","title":{"rendered":"ABERTURA DE VAGAS PARA CADASTRO DE RESERVA PARA ATENDIMENTO PSICOL\u00d3GICO"},"content":{"rendered":"\n<figure class=\"wp-block-image size-full\"><img loading=\"lazy\" decoding=\"async\" width=\"1024\" height=\"1024\" src=\"https:\/\/www.ufpb.br\/cras\/wp-content\/uploads\/sites\/79\/sites\/251\/2025\/09\/Logo-da-Psicologia-CRAS-UFPB-1.png\" alt=\"\" class=\"wp-image-760\" srcset=\"https:\/\/www.ufpb.br\/cras\/wp-content\/uploads\/sites\/79\/sites\/251\/2025\/09\/Logo-da-Psicologia-CRAS-UFPB-1.png 1024w, https:\/\/www.ufpb.br\/cras\/wp-content\/uploads\/sites\/79\/sites\/251\/2025\/09\/Logo-da-Psicologia-CRAS-UFPB-1-300x300.png 300w, https:\/\/www.ufpb.br\/cras\/wp-content\/uploads\/sites\/79\/sites\/251\/2025\/09\/Logo-da-Psicologia-CRAS-UFPB-1-150x150.png 150w, https:\/\/www.ufpb.br\/cras\/wp-content\/uploads\/sites\/79\/sites\/251\/2025\/09\/Logo-da-Psicologia-CRAS-UFPB-1-768x768.png 768w\" sizes=\"auto, (max-width: 1024px) 100vw, 1024px\" \/><\/figure>\n\n\n\n<p><\/p>\n\n\n\n<p>O Centro de Refer\u00eancia em Aten\u00e7\u00e3o \u00e0 Sa\u00fade da Universidade Federal da Para\u00edba (CRAS\/UFPB) informa a abertura de <strong>60 vagas<\/strong> destinadas exclusivamente \u00e0 <strong>forma\u00e7\u00e3o de cadastro de reserva<\/strong> para atendimentos psicol\u00f3gicos no dia 08\/09 a partir das 10h.<\/p>\n\n\n\n<p>Importante destacar:<\/p>\n\n\n\n<ul class=\"wp-block-list\">\n<li><strong>Esta lista  N\u00c3O GARANTE o atendimento imediato, tratando-se apenas de<\/strong> <strong>cadastro de reserva<\/strong>.<\/li>\n\n\n\n<li>O contato para agendamento ser\u00e1 realizado <strong>conforme surgirem vagas<\/strong>, obedecendo rigorosamente \u00e0 <strong>ordem de inscri\u00e7\u00e3o<\/strong>.<\/li>\n\n\n\n<li>Os atendimentos ser\u00e3o disponibilizados apenas para <strong>pessoas maiores de 18 anos<\/strong>.<\/li>\n\n\n\n<li>\u00c9 obrigat\u00f3rio possuir <strong>cadastro pr\u00e9vio no CRAS\/UFPB<\/strong> para participar da sele\u00e7\u00e3o.<\/li>\n\n\n\n<li>O <strong>formul\u00e1rio de inscri\u00e7\u00e3o disponibilizado no site do CRAS<\/strong> ser\u00e1 automaticamente <strong>encerrado<\/strong> assim que as <strong>60 vagas<\/strong> dispon\u00edveis forem preenchidas.<\/li>\n<\/ul>\n\n\n\n<p><em>Exclusivo para:<\/em><\/p>\n\n\n\n<ul class=\"wp-block-list\">\n<li>Servidores ativos que n\u00e3o recebem aux\u00edlio-sa\u00fade e n\u00e3o s\u00e3o benefici\u00e1rios da ASSEFAZ ou GEAP.<\/li>\n\n\n\n<li>Discentes com matr\u00edcula ativa dos seguintes Centros do Campus I: CCEN, CCHLA, CCM, CE, CCSA, CT, CCS, CCJ, CI, CBIOTEC, CCTA, CEAR e CPT-ETS.<\/li>\n<\/ul>\n\n\n\n<p>Primeiro, \u00e9 necess\u00e1rio obter o n\u00famero de cadastro do CRAS\/UFPB. <\/p>\n\n\n\n<p class=\"has-medium-font-size\">O formul\u00e1rio de inscri\u00e7\u00e3o ser\u00e1 aberto <strong>a partir das 10h do dia 08\/09\/2025<\/strong> na aba <a href=\"https:\/\/www.ufpb.br\/cras\/agendamento\/\" data-type=\"page\" data-id=\"19\">AGENDAMENTO<\/a>.<\/p>\n\n\n\n<p><\/p>\n","protected":false},"excerpt":{"rendered":"<p>O Centro de Refer\u00eancia em Aten\u00e7\u00e3o \u00e0 Sa\u00fade da Universidade Federal da Para\u00edba (CRAS\/UFPB) informa a abertura de 60 vagas destinadas exclusivamente \u00e0 forma\u00e7\u00e3o de cadastro de reserva para atendimentos psicol\u00f3gicos. VEJA DETALHES&#8230;<\/p>\n","protected":false},"author":197,"featured_media":759,"comment_status":"closed","ping_status":"open","sticky":false,"template":"","format":"standard","meta":{"footnotes":""},"categories":[4,33,34,30,7,32,6,31],"tags":[],"class_list":["post-757","post","type-post","status-publish","format-standard","has-post-thumbnail","hentry","category-agenda","category-agendamento","category-cadastro","category-consulta-com-psicologa","category-cras","category-fila-de-espera","category-servicos-ofertados","category-setor-de-psicologia"],"_links":{"self":[{"href":"https:\/\/www.ufpb.br\/cras\/wp-json\/wp\/v2\/posts\/757","targetHints":{"allow":["GET"]}}],"collection":[{"href":"https:\/\/www.ufpb.br\/cras\/wp-json\/wp\/v2\/posts"}],"about":[{"href":"https:\/\/www.ufpb.br\/cras\/wp-json\/wp\/v2\/types\/post"}],"author":[{"embeddable":true,"href":"https:\/\/www.ufpb.br\/cras\/wp-json\/wp\/v2\/users\/197"}],"replies":[{"embeddable":true,"href":"https:\/\/www.ufpb.br\/cras\/wp-json\/wp\/v2\/comments?post=757"}],"version-history":[{"count":4,"href":"https:\/\/www.ufpb.br\/cras\/wp-json\/wp\/v2\/posts\/757\/revisions"}],"predecessor-version":[{"id":765,"href":"https:\/\/www.ufpb.br\/cras\/wp-json\/wp\/v2\/posts\/757\/revisions\/765"}],"wp:featuredmedia":[{"embeddable":true,"href":"https:\/\/www.ufpb.br\/cras\/wp-json\/wp\/v2\/media\/759"}],"wp:attachment":[{"href":"https:\/\/www.ufpb.br\/cras\/wp-json\/wp\/v2\/media?parent=757"}],"wp:term":[{"taxonomy":"category","embeddable":true,"href":"https:\/\/www.ufpb.br\/cras\/wp-json\/wp\/v2\/categories?post=757"},{"taxonomy":"post_tag","embeddable":true,"href":"https:\/\/www.ufpb.br\/cras\/wp-json\/wp\/v2\/tags?post=757"}],"curies":[{"name":"wp","href":"https:\/\/api.w.org\/{rel}","templated":true}]}}