{"id":954,"date":"2026-09-04T20:00:00","date_gmt":"2026-09-04T23:00:00","guid":{"rendered":"https:\/\/www.ufpb.br\/cras\/?p=954"},"modified":"2026-09-05T10:05:07","modified_gmt":"2026-09-05T13:05:07","slug":"954","status":"publish","type":"post","link":"https:\/\/www.ufpb.br\/cras\/agenda\/954\/","title":{"rendered":"CRAS-UFPB disponibilizar\u00e1 novas vagas para atendimento por psiquiatra."},"content":{"rendered":"\n<p class=\"wp-block-paragraph\">Ser\u00e3o 26 novas vagas, para os usu\u00e1rios que s\u00e3o cadastrados no CRAS-UFPB, que estar\u00e3o dispon\u00edveis a partir de ter\u00e7a-feira, dia 08\/09\/26, de 12h.<\/p>\n\n\n\n<p class=\"wp-block-paragraph\"><br>O agendamento dever\u00e1 ser feito na p\u00e1gina de agendamento, no formul\u00e1rio de consultas m\u00e9dicas!<\/p>\n\n\n\n<p class=\"wp-block-paragraph\">O formul\u00e1rio ser\u00e1 liberado a partir das 12h e ficar\u00e1 aberto enquanto durarem as vagas.<\/p>\n\n\n\n<p class=\"wp-block-paragraph\"><\/p>\n\n\n\n<figure class=\"wp-block-image size-large\"><img loading=\"lazy\" decoding=\"async\" width=\"819\" height=\"1024\" src=\"http:\/\/www.ufpb.br\/cras\/wp-content\/uploads\/sites\/79\/sites\/251\/2026\/05\/301-819x1024.png\" alt=\"\" class=\"wp-image-891\" srcset=\"https:\/\/www.ufpb.br\/cras\/wp-content\/uploads\/sites\/79\/sites\/251\/2026\/05\/301-819x1024.png 819w, https:\/\/www.ufpb.br\/cras\/wp-content\/uploads\/sites\/79\/sites\/251\/2026\/05\/301-240x300.png 240w, https:\/\/www.ufpb.br\/cras\/wp-content\/uploads\/sites\/79\/sites\/251\/2026\/05\/301-768x960.png 768w, https:\/\/www.ufpb.br\/cras\/wp-content\/uploads\/sites\/79\/sites\/251\/2026\/05\/301.png 1080w\" sizes=\"auto, (max-width: 819px) 100vw, 819px\" \/><\/figure>\n","protected":false},"excerpt":{"rendered":"<p>Ser\u00e3o 26 novas vagas, para os usu\u00e1rios que s\u00e3o cadastrados no CRAS-UFPB, que estar\u00e3o dispon\u00edveis a partir de ter\u00e7a-feira, dia 08\/09\/26, de 12h.<\/p>\n","protected":false},"author":197,"featured_media":830,"comment_status":"closed","ping_status":"open","sticky":false,"template":"","format":"standard","meta":{"footnotes":""},"categories":[4,33,5,7,6],"tags":[],"class_list":["post-954","post","type-post","status-publish","format-standard","has-post-thumbnail","hentry","category-agenda","category-agendamento","category-consulta","category-cras","category-servicos-ofertados"],"_links":{"self":[{"href":"https:\/\/www.ufpb.br\/cras\/wp-json\/wp\/v2\/posts\/954","targetHints":{"allow":["GET"]}}],"collection":[{"href":"https:\/\/www.ufpb.br\/cras\/wp-json\/wp\/v2\/posts"}],"about":[{"href":"https:\/\/www.ufpb.br\/cras\/wp-json\/wp\/v2\/types\/post"}],"author":[{"embeddable":true,"href":"https:\/\/www.ufpb.br\/cras\/wp-json\/wp\/v2\/users\/197"}],"replies":[{"embeddable":true,"href":"https:\/\/www.ufpb.br\/cras\/wp-json\/wp\/v2\/comments?post=954"}],"version-history":[{"count":3,"href":"https:\/\/www.ufpb.br\/cras\/wp-json\/wp\/v2\/posts\/954\/revisions"}],"predecessor-version":[{"id":959,"href":"https:\/\/www.ufpb.br\/cras\/wp-json\/wp\/v2\/posts\/954\/revisions\/959"}],"wp:featuredmedia":[{"embeddable":true,"href":"https:\/\/www.ufpb.br\/cras\/wp-json\/wp\/v2\/media\/830"}],"wp:attachment":[{"href":"https:\/\/www.ufpb.br\/cras\/wp-json\/wp\/v2\/media?parent=954"}],"wp:term":[{"taxonomy":"category","embeddable":true,"href":"https:\/\/www.ufpb.br\/cras\/wp-json\/wp\/v2\/categories?post=954"},{"taxonomy":"post_tag","embeddable":true,"href":"https:\/\/www.ufpb.br\/cras\/wp-json\/wp\/v2\/tags?post=954"}],"curies":[{"name":"wp","href":"https:\/\/api.w.org\/{rel}","templated":true}]}}