{"id":490,"date":"2026-04-07T12:19:53","date_gmt":"2026-04-07T15:19:53","guid":{"rendered":"https:\/\/www.ufpb.br\/editora\/?p=490"},"modified":"2026-04-07T14:25:59","modified_gmt":"2026-04-07T17:25:59","slug":"editora-ufpb-prorrogou-submissoes-ate-30-de-abril","status":"publish","type":"post","link":"https:\/\/www.ufpb.br\/editora\/noticia\/editora-ufpb-prorrogou-submissoes-ate-30-de-abril\/","title":{"rendered":"Editora UFPB prorrogou submiss\u00f5es at\u00e9 30 de abril"},"content":{"rendered":"\n<p>A Editora UFPB prorrogou as inscri\u00e7\u00f5es do Edital n\u00ba <a href=\"https:\/\/www.ufpb.br\/editora\/wp-content\/uploads\/sites\/79\/sites\/364\/2025\/12\/2025_FINAL.pdf\" data-type=\"link\" data-id=\"https:\/\/www.ufpb.br\/editora\/wp-content\/uploads\/sites\/79\/sites\/364\/2025\/12\/2025_FINAL.pdf\">04\/2025<\/a> at\u00e9 30\/04\/2026.<\/p>\n\n\n\n<p>O edital destina-se \u00e0 sele\u00e7\u00e3o de artigos para a colet\u00e2nea \u201cInclus\u00e3o, Inova\u00e7\u00e3o e Sustentabilidade: a constru\u00e7\u00e3o da UFPB do futuro\u201d, com publica\u00e7\u00e3o prevista para o segundo semestre de 2026. Os autores poder\u00e3o submeter trabalhos que descrevam a\u00e7\u00f5es de ensino, pesquisa e\/ou extens\u00e3o alinhadas a esses eixos.<\/p>\n\n\n\n<p>Se voc\u00ea \u00e9 docente, discente ou servidor(a) t\u00e9cnico-administrativo(a) da UFPB e deseja publicar nessa tem\u00e1tica, n\u00e3o deixe de se inscrever.<br>Aguardamos sua submiss\u00e3o!<\/p>\n","protected":false},"excerpt":{"rendered":"<p>A Editora UFPB prorrogou as inscri\u00e7\u00f5es do Edital n\u00ba 04\/2025 at\u00e9 30\/04\/2026. O edital destina-se [&hellip;]<\/p>\n","protected":false},"author":498,"featured_media":494,"comment_status":"closed","ping_status":"closed","sticky":false,"template":"","format":"standard","meta":{"footnotes":""},"categories":[3],"tags":[],"class_list":["post-490","post","type-post","status-publish","format-standard","has-post-thumbnail","hentry","category-noticia"],"_links":{"self":[{"href":"https:\/\/www.ufpb.br\/editora\/wp-json\/wp\/v2\/posts\/490","targetHints":{"allow":["GET"]}}],"collection":[{"href":"https:\/\/www.ufpb.br\/editora\/wp-json\/wp\/v2\/posts"}],"about":[{"href":"https:\/\/www.ufpb.br\/editora\/wp-json\/wp\/v2\/types\/post"}],"author":[{"embeddable":true,"href":"https:\/\/www.ufpb.br\/editora\/wp-json\/wp\/v2\/users\/498"}],"replies":[{"embeddable":true,"href":"https:\/\/www.ufpb.br\/editora\/wp-json\/wp\/v2\/comments?post=490"}],"version-history":[{"count":2,"href":"https:\/\/www.ufpb.br\/editora\/wp-json\/wp\/v2\/posts\/490\/revisions"}],"predecessor-version":[{"id":492,"href":"https:\/\/www.ufpb.br\/editora\/wp-json\/wp\/v2\/posts\/490\/revisions\/492"}],"wp:featuredmedia":[{"embeddable":true,"href":"https:\/\/www.ufpb.br\/editora\/wp-json\/wp\/v2\/media\/494"}],"wp:attachment":[{"href":"https:\/\/www.ufpb.br\/editora\/wp-json\/wp\/v2\/media?parent=490"}],"wp:term":[{"taxonomy":"category","embeddable":true,"href":"https:\/\/www.ufpb.br\/editora\/wp-json\/wp\/v2\/categories?post=490"},{"taxonomy":"post_tag","embeddable":true,"href":"https:\/\/www.ufpb.br\/editora\/wp-json\/wp\/v2\/tags?post=490"}],"curies":[{"name":"wp","href":"https:\/\/api.w.org\/{rel}","templated":true}]}}