{"id":812,"date":"2026-08-31T15:53:59","date_gmt":"2026-08-31T18:53:59","guid":{"rendered":"https:\/\/www.ufpb.br\/editora\/?p=812"},"modified":"2026-08-31T15:54:01","modified_gmt":"2026-08-31T18:54:01","slug":"recepcao-dos-feras-na-ufpb-conta-com-presenca-do-caminhao-do-saber","status":"publish","type":"post","link":"https:\/\/www.ufpb.br\/editora\/sem-categoria\/recepcao-dos-feras-na-ufpb-conta-com-presenca-do-caminhao-do-saber\/","title":{"rendered":"Recep\u00e7\u00e3o dos feras na UFPB conta com presen\u00e7a do Caminh\u00e3o do Saber"},"content":{"rendered":"\n<p class=\"wp-block-paragraph\">Nesta sexta-feira, 28 de agosto, a Universidade Federal da Para\u00edba (UFPB) realizou a recep\u00e7\u00e3o dos feras, evento promovido para dar as boas-vindas aos estudantes ingressantes no per\u00edodo letivo 2026.2. A programa\u00e7\u00e3o contou com atividades destinadas ao acolhimento dos novos alunos e \u00e0 integra\u00e7\u00e3o com a comunidade acad\u00eamica.<\/p>\n\n\n\n<p class=\"wp-block-paragraph\">O Caminh\u00e3o do Saber tamb\u00e9m esteve presente no evento, contribuindo para aproximar os estudantes, desde o in\u00edcio da trajet\u00f3ria universit\u00e1ria, da literatura e do conhecimento. Na ocasi\u00e3o, tamb\u00e9m foram realizadas doa\u00e7\u00f5es de livros, ampliando o acesso dos ingressantes \u00e0 leitura.<\/p>\n\n\n\n<p class=\"wp-block-paragraph\">Para a estudante Marcelly Dayanna, de 21 anos, ingressante no curso de Psicologia, a recep\u00e7\u00e3o representa o in\u00edcio de uma nova etapa. \u201cPara mim, est\u00e1 sendo uma experi\u00eancia nova e desafiadora. Gostei muito da recep\u00e7\u00e3o e das diversas oportunidades que a UFPB est\u00e1 proporcionando. Est\u00e1 sendo especial poder conhecer melhor a universidade e as pessoas que far\u00e3o parte dessa nova etapa da minha vida. Estou animada para vivenciar tudo o que a universidade tem a oferecer e come\u00e7ar essa nova trajet\u00f3ria\u201d, afirmou.<\/p>\n\n\n\n<p class=\"wp-block-paragraph\">Sobre a presen\u00e7a do Caminh\u00e3o do Saber, Marcelly destacou a oportunidade de ter contato com os livros. \u201cGostei muito. Adquiri um livro superinteressante para ler. Foi uma experi\u00eancia muito rica e uma iniciativa de grande import\u00e2ncia\u201d, comentou.<\/p>\n\n\n\n<p class=\"wp-block-paragraph\">A iniciativa refor\u00e7a a import\u00e2ncia de aproximar os novos estudantes da leitura acad\u00eamica e do conhecimento desde o in\u00edcio do caminho universit\u00e1rio, contribuindo para uma recep\u00e7\u00e3o ainda mais enriquecedora.<\/p>\n","protected":false},"excerpt":{"rendered":"<p>Nesta sexta-feira, 28 de agosto, a Universidade Federal da Para\u00edba (UFPB) realizou a recep\u00e7\u00e3o dos [&hellip;]<\/p>\n","protected":false},"author":498,"featured_media":811,"comment_status":"closed","ping_status":"closed","sticky":false,"template":"","format":"standard","meta":{"footnotes":""},"categories":[1],"tags":[],"class_list":["post-812","post","type-post","status-publish","format-standard","has-post-thumbnail","hentry","category-sem-categoria"],"_links":{"self":[{"href":"https:\/\/www.ufpb.br\/editora\/wp-json\/wp\/v2\/posts\/812","targetHints":{"allow":["GET"]}}],"collection":[{"href":"https:\/\/www.ufpb.br\/editora\/wp-json\/wp\/v2\/posts"}],"about":[{"href":"https:\/\/www.ufpb.br\/editora\/wp-json\/wp\/v2\/types\/post"}],"author":[{"embeddable":true,"href":"https:\/\/www.ufpb.br\/editora\/wp-json\/wp\/v2\/users\/498"}],"replies":[{"embeddable":true,"href":"https:\/\/www.ufpb.br\/editora\/wp-json\/wp\/v2\/comments?post=812"}],"version-history":[{"count":1,"href":"https:\/\/www.ufpb.br\/editora\/wp-json\/wp\/v2\/posts\/812\/revisions"}],"predecessor-version":[{"id":813,"href":"https:\/\/www.ufpb.br\/editora\/wp-json\/wp\/v2\/posts\/812\/revisions\/813"}],"wp:featuredmedia":[{"embeddable":true,"href":"https:\/\/www.ufpb.br\/editora\/wp-json\/wp\/v2\/media\/811"}],"wp:attachment":[{"href":"https:\/\/www.ufpb.br\/editora\/wp-json\/wp\/v2\/media?parent=812"}],"wp:term":[{"taxonomy":"category","embeddable":true,"href":"https:\/\/www.ufpb.br\/editora\/wp-json\/wp\/v2\/categories?post=812"},{"taxonomy":"post_tag","embeddable":true,"href":"https:\/\/www.ufpb.br\/editora\/wp-json\/wp\/v2\/tags?post=812"}],"curies":[{"name":"wp","href":"https:\/\/api.w.org\/{rel}","templated":true}]}}