{"id":1205,"date":"2018-09-17T18:04:33","date_gmt":"2018-09-17T21:04:33","guid":{"rendered":"https:\/\/www.ufpb.br\/efopli2\/?p=1205"},"modified":"2024-10-10T19:45:53","modified_gmt":"2024-10-10T22:45:53","slug":"efopli-participa-da-semana-de-letras-da-ufpb","status":"publish","type":"post","link":"https:\/\/www.ufpb.br\/efopli\/oficinas\/efopli-participa-da-semana-de-letras-da-ufpb\/","title":{"rendered":"EFOPLI participa da Semana de Letras da UFPB"},"content":{"rendered":"<p dir=\"ltr\">A Semana de Letras 2018 come\u00e7a hoje (17), no Centro de Ci\u00eancias Humanas, Letras e Artes (CCHLA) da Universidade Federal da Para\u00edba (UFPB), e\u00a0contar\u00e1 com mesas redondas, confer\u00eancias, oficinas e minicursos ofertados por pesquisadores nacionais e internacionais.<\/p>\n<p dir=\"ltr\">O programa EFOPLI (Espa\u00e7os para a Forma\u00e7\u00e3o de Professores de L\u00edngua Inglesa) participar\u00e1 do evento por meio da coordena\u00e7\u00e3o de Grupos Tem\u00e1ticos e da oferta de oficinas e confer\u00eancias.<\/p>\n<p dir=\"ltr\">A parceria do EFOPLI com o <em>Regional English Language Office<\/em>\u00a0e o Consulado Americano, tornou poss\u00edvel a participa\u00e7\u00e3o de uma\u00a0<em>English Language Specialist<\/em>\u00a0na programa\u00e7\u00e3o, que ofertar\u00e1 3 (tr\u00eas) oficinas e uma confer\u00eancia. Julia Hedges apresentar\u00e1 as seguintes oficinas nos dias 18, 19 e 20, respectivamente: \u201c<em>Communicative task formats for a cooperative &amp; collaborative TEFL environment\u201d,\u00a0<\/em>\u201c<em>Correction codes, and rubrics for writing feedback<\/em>\u201d e \u201c<em>Moving learners from basic interpersonal skills (BICs) to cognitive academic language proficiency<\/em><em>\u00a0(CALP)<\/em>\u201d. A especialista far\u00e1 ainda a confer\u00eancia: \u201cEmpowering Language Learners in the Classroom with 21st Century \u2018Life Skills\u2019: Critical Thinking, Collaboration, Creativity and Communication\u201d.<\/p>\n<p dir=\"ltr\">A oficina \u201c<em>Yes, we can! Using literature in EFL classes<\/em>\u201d ser\u00e1 ministrada pela professora Elizabeth Souto Maior, enquanto que a oficina \u201c<em>Diversity and Fairy Tales: Other places, other voices<\/em>\u201d ser\u00e1 ministrada pela professora Danielle de Luna e Silva; ambas\u00a0 coordenadoras do projeto \u201cLiteratura aplicada \u00e0 sala de aula: o texto liter\u00e1rio em l\u00edngua inglesa e suas rela\u00e7\u00f5es com quest\u00f5es de empoderamento, equidade e justi\u00e7a social\u201d, vinculado ao EFOPLI.<\/p>\n<p dir=\"ltr\">O\u00a0 projeto \u201cSaber Conectado: promovendo o letramento do professor de l\u00edngua inglesa\u201d tamb\u00e9m estar\u00e1 presente com a oferta da oficina \u201cRecursos digitais para a avalia\u00e7\u00e3o no ensino de l\u00ednguas\u201d, ministrada pela professora Rafaela Carla Santos de Sousa.<\/p>\n<p dir=\"ltr\">\u00a0As oficinas iniciam-se \u00e0s 08h, na ter\u00e7a-feira, e v\u00e3o at\u00e9 a quinta-feira dessa semana.<\/p>\n<p dir=\"ltr\">Para saber mais acerca da programa\u00e7\u00e3o do evento, acesse o site da\u00a0<a href=\"http:\/\/www.cchla.ufpb.br\/ccl\/contents\/paginas\/semana-de-letras-2018\" target=\"_blank\" rel=\"noopener\">Coordena\u00e7\u00e3o do Curso de Letras &#8211; Semana de Letras 2018<\/a>.<\/p>\n","protected":false},"excerpt":{"rendered":"<p>A Semana de Letras 2018 come\u00e7a hoje (17), no Centro de Ci\u00eancias Humanas, Letras e Artes (CCHLA) da Universidade Federal da Para\u00edba (UFPB), e\u00a0contar\u00e1 com mesas redondas, confer\u00eancias, oficinas e minicursos ofertados por pesquisadores nacionais e internacionais. O programa EFOPLI (Espa\u00e7os para a Forma\u00e7\u00e3o de Professores de L\u00edngua Inglesa) participar\u00e1 do evento por meio da [&hellip;]<\/p>\n","protected":false},"author":146,"featured_media":0,"comment_status":"closed","ping_status":"open","sticky":false,"template":"","format":"standard","meta":{"footnotes":""},"categories":[29,26,11],"tags":[],"class_list":["post-1205","post","type-post","status-publish","format-standard","hentry","category-acoes","category-eventos","category-oficinas"],"_links":{"self":[{"href":"https:\/\/www.ufpb.br\/efopli\/wp-json\/wp\/v2\/posts\/1205","targetHints":{"allow":["GET"]}}],"collection":[{"href":"https:\/\/www.ufpb.br\/efopli\/wp-json\/wp\/v2\/posts"}],"about":[{"href":"https:\/\/www.ufpb.br\/efopli\/wp-json\/wp\/v2\/types\/post"}],"author":[{"embeddable":true,"href":"https:\/\/www.ufpb.br\/efopli\/wp-json\/wp\/v2\/users\/146"}],"replies":[{"embeddable":true,"href":"https:\/\/www.ufpb.br\/efopli\/wp-json\/wp\/v2\/comments?post=1205"}],"version-history":[{"count":1,"href":"https:\/\/www.ufpb.br\/efopli\/wp-json\/wp\/v2\/posts\/1205\/revisions"}],"predecessor-version":[{"id":1206,"href":"https:\/\/www.ufpb.br\/efopli\/wp-json\/wp\/v2\/posts\/1205\/revisions\/1206"}],"wp:attachment":[{"href":"https:\/\/www.ufpb.br\/efopli\/wp-json\/wp\/v2\/media?parent=1205"}],"wp:term":[{"taxonomy":"category","embeddable":true,"href":"https:\/\/www.ufpb.br\/efopli\/wp-json\/wp\/v2\/categories?post=1205"},{"taxonomy":"post_tag","embeddable":true,"href":"https:\/\/www.ufpb.br\/efopli\/wp-json\/wp\/v2\/tags?post=1205"}],"curies":[{"name":"wp","href":"https:\/\/api.w.org\/{rel}","templated":true}]}}