{"id":1578,"date":"2024-10-23T13:51:03","date_gmt":"2024-10-23T16:51:03","guid":{"rendered":"https:\/\/www.ufpb.br\/efopli2\/?p=1578"},"modified":"2024-11-29T11:03:09","modified_gmt":"2024-11-29T14:03:09","slug":"membros-do-efopli-bitweek","status":"publish","type":"post","link":"https:\/\/www.ufpb.br\/efopli\/projetos\/saber-conectado\/membros-do-efopli-bitweek\/","title":{"rendered":"Membros do EFOPLI participam da Bit.Week"},"content":{"rendered":"<div class=\"wp-block-image\">\n<figure class=\"aligncenter size-large is-resized\"><img loading=\"lazy\" decoding=\"async\" width=\"1024\" height=\"1024\" src=\"https:\/\/www.ufpb.br\/efopli2\/wp-content\/uploads\/sites\/122\/sites\/206\/2024\/10\/bit.week2_-1024x1024.jpg\" alt=\"\" class=\"wp-image-1714\" style=\"width:508px;height:auto\" srcset=\"https:\/\/www.ufpb.br\/efopli\/wp-content\/uploads\/sites\/122\/sites\/206\/2024\/10\/bit.week2_-1024x1024.jpg 1024w, https:\/\/www.ufpb.br\/efopli\/wp-content\/uploads\/sites\/122\/sites\/206\/2024\/10\/bit.week2_-300x300.jpg 300w, https:\/\/www.ufpb.br\/efopli\/wp-content\/uploads\/sites\/122\/sites\/206\/2024\/10\/bit.week2_-150x150.jpg 150w, https:\/\/www.ufpb.br\/efopli\/wp-content\/uploads\/sites\/122\/sites\/206\/2024\/10\/bit.week2_-768x768.jpg 768w, https:\/\/www.ufpb.br\/efopli\/wp-content\/uploads\/sites\/122\/sites\/206\/2024\/10\/bit.week2_-1536x1536.jpg 1536w, https:\/\/www.ufpb.br\/efopli\/wp-content\/uploads\/sites\/122\/sites\/206\/2024\/10\/bit.week2_.jpg 1920w\" sizes=\"auto, (max-width: 1024px) 100vw, 1024px\" \/><figcaption class=\"wp-element-caption\"><em>Bit.Week 2024<\/em>.<\/figcaption><\/figure>\n<\/div>\n\n\n<p>Membros do EFOPLI participaram da <em>Bit.Week<\/em>, semana dedicada a palestras, exposi\u00e7\u00f5es e workshops sobre tecnologia e comunica\u00e7\u00e3o, organizada pelo Departamento de M\u00eddias Digitais (DEMID) da Universidade Federal da Para\u00edba (UFPB). A equipe participou de duas oficinas: &#8220;N\u00e3o Tem? Adapta!&#8221;, conduzida por Victoria Mendon\u00e7a, que abordou o uso de software gratuitos para gerenciamento e cria\u00e7\u00e3o de conte\u00fado para redes sociais e &#8220;Photoshop Essencial para Social Media&#8221;, ministrada por Mayara Tavares, na qual foram apresentadas ferramentas de edi\u00e7\u00e3o dispon\u00edveis naquele programa.<\/p>\n\n\n\n<p>La\u00eds Freire, uma das participantes, comentou sobre sua experi\u00eancia ao afirmar que &#8220;foi uma extremamente enriquecedora e divertida. Aprendi a compreender melhor o que o p\u00fablico receptor deseja e como isso pode impactar a forma como eles se sentem em rela\u00e7\u00e3o \u00e0s minhas postagens. A din\u00e2mica interativa me permitiu explorar novas abordagens criativas. Sa\u00edmos inspirados a aplicar o que aprendemos.&#8221;<\/p>\n\n\n\n<p>A coordenadora do Projeto Saber Conectado, professora Rafaela Sousa, adicionou que &#8220;o trabalho com com letramento digital pede constante atualiza\u00e7\u00e3o sobre o uso de imagens, elabora\u00e7\u00e3o de infogr\u00e1ficos entre outros recursos. Participar de um evento organizado pelo Departamento de M\u00eddias Digitais \u00e9 uma excelente oportunidade de ampliar nosso conhecimento&#8221;.<\/p>\n\n\n\n<p>O evento aconteceu entre os dias 14 e 18 de outubro de 2024. <\/p>\n\n\n\n<p>Fotos: equipe<em> Bit.Week<\/em> e equipe Saber Conectado.<\/p>\n\n\n\n<p><\/p>\n","protected":false},"excerpt":{"rendered":"<p>Membros do EFOPLI participaram da Bit.Week, semana dedicada a palestras, exposi\u00e7\u00f5es e workshops sobre tecnologia e comunica\u00e7\u00e3o, organizada pelo Departamento de M\u00eddias Digitais (DEMID) da Universidade Federal da Para\u00edba (UFPB). A equipe participou de duas oficinas: &#8220;N\u00e3o Tem? Adapta!&#8221;, conduzida por Victoria Mendon\u00e7a, que abordou o uso de software gratuitos para gerenciamento e cria\u00e7\u00e3o de [&hellip;]<\/p>\n","protected":false},"author":145,"featured_media":1712,"comment_status":"closed","ping_status":"open","sticky":false,"template":"","format":"standard","meta":{"footnotes":""},"categories":[26,24],"tags":[],"class_list":["post-1578","post","type-post","status-publish","format-standard","has-post-thumbnail","hentry","category-eventos","category-saber-conectado"],"_links":{"self":[{"href":"https:\/\/www.ufpb.br\/efopli\/wp-json\/wp\/v2\/posts\/1578","targetHints":{"allow":["GET"]}}],"collection":[{"href":"https:\/\/www.ufpb.br\/efopli\/wp-json\/wp\/v2\/posts"}],"about":[{"href":"https:\/\/www.ufpb.br\/efopli\/wp-json\/wp\/v2\/types\/post"}],"author":[{"embeddable":true,"href":"https:\/\/www.ufpb.br\/efopli\/wp-json\/wp\/v2\/users\/145"}],"replies":[{"embeddable":true,"href":"https:\/\/www.ufpb.br\/efopli\/wp-json\/wp\/v2\/comments?post=1578"}],"version-history":[{"count":15,"href":"https:\/\/www.ufpb.br\/efopli\/wp-json\/wp\/v2\/posts\/1578\/revisions"}],"predecessor-version":[{"id":2424,"href":"https:\/\/www.ufpb.br\/efopli\/wp-json\/wp\/v2\/posts\/1578\/revisions\/2424"}],"wp:featuredmedia":[{"embeddable":true,"href":"https:\/\/www.ufpb.br\/efopli\/wp-json\/wp\/v2\/media\/1712"}],"wp:attachment":[{"href":"https:\/\/www.ufpb.br\/efopli\/wp-json\/wp\/v2\/media?parent=1578"}],"wp:term":[{"taxonomy":"category","embeddable":true,"href":"https:\/\/www.ufpb.br\/efopli\/wp-json\/wp\/v2\/categories?post=1578"},{"taxonomy":"post_tag","embeddable":true,"href":"https:\/\/www.ufpb.br\/efopli\/wp-json\/wp\/v2\/tags?post=1578"}],"curies":[{"name":"wp","href":"https:\/\/api.w.org\/{rel}","templated":true}]}}