{"id":140,"date":"2025-08-15T17:13:51","date_gmt":"2025-08-15T20:13:51","guid":{"rendered":"https:\/\/www.ufpb.br\/idep\/?p=140"},"modified":"2026-03-01T17:15:40","modified_gmt":"2026-03-01T20:15:40","slug":"parceria-em-prol-da-saude-publica","status":"publish","type":"post","link":"https:\/\/www.ufpb.br\/idep\/institucional\/parceria-em-prol-da-saude-publica\/","title":{"rendered":"Parceria em prol da sa\u00fade p\u00fablica"},"content":{"rendered":"\n<p>Na ultima segunda-feira (11 de agosto de 2025), no IDEP-UFPB, a professora Fab\u00edola da Cruz Nunes, coordenadora do Laborat\u00f3rio de Biotecnologia Aplicada \u00e0 Microbiologia e Parasitologia (LABAMP-LAPAVET), recebeu a prefeita de Mari-PB, L\u00facia de F\u00e1tima Santos da Silva, acompanhada da Secret\u00e1ria Municipal de Sa\u00fade, No\u00eamia Alves, do Secret\u00e1rio Municipal de Desenvolvimento Econ\u00f4mico e Agr\u00e1rio, Severino Ramos, e da Secret\u00e1ria Municipal de Desenvolvimento Humano, Viviane Dantas, al\u00e9m de outros representantes do mun\u00edcipio.<\/p>\n\n\n\n<figure class=\"wp-block-image\"><img decoding=\"async\" src=\"http:\/\/plone.ufpb.br\/idep\/contents\/imagens\/2025-08.11\/whatsapp-image-2025-08-15-at-14-45-17.jpeg\" alt=\"WhatsApp Image 2025-08-15 at 14.45.17.jpeg\" title=\"WhatsApp Image 2025-08-15 at 14.45.17.jpeg\"\/><\/figure>\n\n\n\n<p>A reuni\u00e3o avan\u00e7ou nas tratativas para a formaliza\u00e7\u00e3o de conv\u00eanio entre o IDEP-UFPB e a Prefeitura de Mari-PB, que permitir\u00e1 o acesso a servi\u00e7os essenciais oferecidos pelo laborat\u00f3rio, como:<\/p>\n\n\n\n<ul class=\"wp-block-list\">\n<li>Testes de resist\u00eancia a inseticidas para mosquitos Aedes aegypti<\/li>\n\n\n\n<li>Treinamento para agentes de endemias e profissionais afins<\/li>\n\n\n\n<li>A\u00e7\u00f5es educativas em sa\u00fade p\u00fablica para escolas<\/li>\n\n\n\n<li>Consultoria em estrat\u00e9gias de controle de mosquitos<\/li>\n\n\n\n<li>Testes de campo para preven\u00e7\u00e3o de dengue, zika e chikungunya<\/li>\n<\/ul>\n\n\n\n<p>Mais um passo importante para unir ci\u00eancia, gest\u00e3o p\u00fablica e comunidade na luta contra as arboviroses<\/p>\n","protected":false},"excerpt":{"rendered":"<p>Na ultima segunda-feira (11 de agosto de 2025), no IDEP-UFPB, a professora Fab\u00edola da Cruz [&hellip;]<\/p>\n","protected":false},"author":47,"featured_media":141,"comment_status":"closed","ping_status":"closed","sticky":false,"template":"","format":"standard","meta":{"footnotes":""},"categories":[3],"tags":[],"class_list":["post-140","post","type-post","status-publish","format-standard","has-post-thumbnail","hentry","category-institucional"],"_links":{"self":[{"href":"https:\/\/www.ufpb.br\/idep\/wp-json\/wp\/v2\/posts\/140","targetHints":{"allow":["GET"]}}],"collection":[{"href":"https:\/\/www.ufpb.br\/idep\/wp-json\/wp\/v2\/posts"}],"about":[{"href":"https:\/\/www.ufpb.br\/idep\/wp-json\/wp\/v2\/types\/post"}],"author":[{"embeddable":true,"href":"https:\/\/www.ufpb.br\/idep\/wp-json\/wp\/v2\/users\/47"}],"replies":[{"embeddable":true,"href":"https:\/\/www.ufpb.br\/idep\/wp-json\/wp\/v2\/comments?post=140"}],"version-history":[{"count":1,"href":"https:\/\/www.ufpb.br\/idep\/wp-json\/wp\/v2\/posts\/140\/revisions"}],"predecessor-version":[{"id":142,"href":"https:\/\/www.ufpb.br\/idep\/wp-json\/wp\/v2\/posts\/140\/revisions\/142"}],"wp:featuredmedia":[{"embeddable":true,"href":"https:\/\/www.ufpb.br\/idep\/wp-json\/wp\/v2\/media\/141"}],"wp:attachment":[{"href":"https:\/\/www.ufpb.br\/idep\/wp-json\/wp\/v2\/media?parent=140"}],"wp:term":[{"taxonomy":"category","embeddable":true,"href":"https:\/\/www.ufpb.br\/idep\/wp-json\/wp\/v2\/categories?post=140"},{"taxonomy":"post_tag","embeddable":true,"href":"https:\/\/www.ufpb.br\/idep\/wp-json\/wp\/v2\/tags?post=140"}],"curies":[{"name":"wp","href":"https:\/\/api.w.org\/{rel}","templated":true}]}}