{"id":1348,"date":"2021-03-02T15:31:00","date_gmt":"2021-03-02T18:31:00","guid":{"rendered":"https:\/\/www.ufpb.br\/inova\/?p=1348"},"modified":"2026-02-25T15:33:35","modified_gmt":"2026-02-25T18:33:35","slug":"primeiro-encontro-da-inova-nos-centros-2021","status":"publish","type":"post","link":"https:\/\/www.ufpb.br\/inova\/institucional\/primeiro-encontro-da-inova-nos-centros-2021\/","title":{"rendered":"Primeiro Encontro da &#8220;INOVA nos Centros&#8221; 2021"},"content":{"rendered":"\n<p>A Ag\u00eancia UFPB de Inova\u00e7\u00e3o Tecnol\u00f3gica (INOVA-UFPB) promoveu o primeiro encontro de 2021 sobre propriedade industrial e inova\u00e7\u00e3o com gestores de Centros da Universidade. A reuni\u00e3o virtual ocorreu segunda-feira, dia 01 de mar\u00e7o, com gestores e professores do Centro de Energias Alternativas e Renov\u00e1veis (CEAR).<\/p>\n\n\n\n<figure class=\"wp-block-image size-full\"><img loading=\"lazy\" decoding=\"async\" width=\"768\" height=\"408\" src=\"https:\/\/www.ufpb.br\/inova\/wp-content\/uploads\/sites\/79\/sites\/285\/2026\/02\/image-10.png\" alt=\"\" class=\"wp-image-1349\" srcset=\"https:\/\/www.ufpb.br\/inova\/wp-content\/uploads\/sites\/79\/sites\/285\/2026\/02\/image-10.png 768w, https:\/\/www.ufpb.br\/inova\/wp-content\/uploads\/sites\/79\/sites\/285\/2026\/02\/image-10-300x159.png 300w\" sizes=\"auto, (max-width: 768px) 100vw, 768px\" \/><\/figure>\n\n\n\n<p>A Ag\u00eancia UFPB de Inova\u00e7\u00e3o Tecnol\u00f3gica (INOVA-UFPB) promoveu o primeiro encontro de 2021 sobre propriedade industrial e inova\u00e7\u00e3o com gestores de Centros da Universidade. A reuni\u00e3o virtual ocorreu segunda-feira, dia 01 de mar\u00e7o, com gestores e professores do Centro de Energias Alternativas e Renov\u00e1veis (CEAR).<\/p>\n\n\n\n<p>A Diretora-Presidente da INOVA-UFPB, Prof\u00aa Dr\u00aa Kelly Gomes, realizou apresenta\u00e7\u00e3o da Ag\u00eancia, sua equipe e processos de trabalho. Em seguida o Prof\u00ba. Dr\u00ba Euller Mac\u00eado, Diretor do CEAR, coordenou um di\u00e1logo visando esclarecimento de d\u00favidas e troca de informa\u00e7\u00f5es entre os presentes.<\/p>\n\n\n\n<p>Contando com a presen\u00e7a de quase 30 convidados, a reuni\u00e3o tratou de temas como registro de patentes e software, licenciamento e transfer\u00eancia, al\u00e9m de incuba\u00e7\u00e3o de startup de base tecnol\u00f3gica nos N\u00facleos de Incuba\u00e7\u00e3o da UFPB.<\/p>\n\n\n\n<p>Nas pr\u00f3ximas semanas a INOVA-UFPB promover\u00e1 novos encontros com outros Centros da Universidade. Maiores informa\u00e7\u00f5es e esclarecimentos: inova@reitoria.ufpb.br<\/p>\n","protected":false},"excerpt":{"rendered":"<p>A Ag\u00eancia UFPB de Inova\u00e7\u00e3o Tecnol\u00f3gica (INOVA-UFPB) promoveu o primeiro encontro de 2021 sobre propriedade [&hellip;]<\/p>\n","protected":false},"author":270,"featured_media":1349,"comment_status":"closed","ping_status":"open","sticky":false,"template":"","format":"standard","meta":{"footnotes":""},"categories":[8,5],"tags":[],"class_list":["post-1348","post","type-post","status-publish","format-standard","has-post-thumbnail","hentry","category-eventos","category-institucional"],"_links":{"self":[{"href":"https:\/\/www.ufpb.br\/inova\/wp-json\/wp\/v2\/posts\/1348","targetHints":{"allow":["GET"]}}],"collection":[{"href":"https:\/\/www.ufpb.br\/inova\/wp-json\/wp\/v2\/posts"}],"about":[{"href":"https:\/\/www.ufpb.br\/inova\/wp-json\/wp\/v2\/types\/post"}],"author":[{"embeddable":true,"href":"https:\/\/www.ufpb.br\/inova\/wp-json\/wp\/v2\/users\/270"}],"replies":[{"embeddable":true,"href":"https:\/\/www.ufpb.br\/inova\/wp-json\/wp\/v2\/comments?post=1348"}],"version-history":[{"count":1,"href":"https:\/\/www.ufpb.br\/inova\/wp-json\/wp\/v2\/posts\/1348\/revisions"}],"predecessor-version":[{"id":1350,"href":"https:\/\/www.ufpb.br\/inova\/wp-json\/wp\/v2\/posts\/1348\/revisions\/1350"}],"wp:featuredmedia":[{"embeddable":true,"href":"https:\/\/www.ufpb.br\/inova\/wp-json\/wp\/v2\/media\/1349"}],"wp:attachment":[{"href":"https:\/\/www.ufpb.br\/inova\/wp-json\/wp\/v2\/media?parent=1348"}],"wp:term":[{"taxonomy":"category","embeddable":true,"href":"https:\/\/www.ufpb.br\/inova\/wp-json\/wp\/v2\/categories?post=1348"},{"taxonomy":"post_tag","embeddable":true,"href":"https:\/\/www.ufpb.br\/inova\/wp-json\/wp\/v2\/tags?post=1348"}],"curies":[{"name":"wp","href":"https:\/\/api.w.org\/{rel}","templated":true}]}}