{"id":1363,"date":"2020-08-08T15:47:00","date_gmt":"2020-08-08T18:47:00","guid":{"rendered":"https:\/\/www.ufpb.br\/inova\/?p=1363"},"modified":"2026-02-25T15:48:23","modified_gmt":"2026-02-25T18:48:23","slug":"ufpb-tera-parque-tecnologico-sustentavel","status":"publish","type":"post","link":"https:\/\/www.ufpb.br\/inova\/institucional\/ufpb-tera-parque-tecnologico-sustentavel\/","title":{"rendered":"UFPB ter\u00e1 parque tecnol\u00f3gico sustent\u00e1vel"},"content":{"rendered":"\n<p>Desde mar\u00e7o de 2019 a INOVA-UFPB e a Reitoria come\u00e7aram a lan\u00e7ar os fundamentos da amplia\u00e7\u00e3o da estrutura da Incubadora de Base Tecnol\u00f3gica.<\/p>\n\n\n\n<figure class=\"wp-block-image size-full\"><img loading=\"lazy\" decoding=\"async\" width=\"768\" height=\"298\" src=\"https:\/\/www.ufpb.br\/inova\/wp-content\/uploads\/sites\/79\/sites\/285\/2026\/02\/image-15.png\" alt=\"\" class=\"wp-image-1364\" srcset=\"https:\/\/www.ufpb.br\/inova\/wp-content\/uploads\/sites\/79\/sites\/285\/2026\/02\/image-15.png 768w, https:\/\/www.ufpb.br\/inova\/wp-content\/uploads\/sites\/79\/sites\/285\/2026\/02\/image-15-300x116.png 300w\" sizes=\"auto, (max-width: 768px) 100vw, 768px\" \/><\/figure>\n\n\n\n<p><\/p>\n\n\n\n<p>Entre os anos de 2013 a 2019 o N\u00facleo de Inova\u00e7\u00e3o Tecnol\u00f3gica (NIT) da Universidade Federal da Para\u00edba (UFPB) deu um salto jur\u00eddico, organizacional e estrutural (com a nova sede em 2018), passando de uma mera Coordena\u00e7\u00e3o Geral de Inova\u00e7\u00e3o Tecnol\u00f3gica (CGIT), vinculada a antiga Pr\u00f3-Reitoria de P\u00f3s-Gradua\u00e7\u00e3o e Pesquisa (PRPG) e baseada na Resolu\u00e7\u00e3o CONSUNI N\u00ba 015\/2006, para, entre 2013 a 2014, se tornar a Ag\u00eancia UFPB de Inova\u00e7\u00e3o Tecnol\u00f3gica (INOVA-UFPB), conforme as Resolu\u00e7\u00f5es CONSUNI N\u00ba 041\/2013 e N\u00ba 008\/2014. Essa \u00faltima Resolu\u00e7\u00e3o, por exemplo, deixa evidente, em seu Art. 20, a responsabilidade exclusiva da Diretoria de Incuba\u00e7\u00e3o Empresarial de Base Tecnol\u00f3gica (DIEBT\/INOVA-UFPB) em opinar sobre a implanta\u00e7\u00e3o de parques tecnol\u00f3gicos, incubadoras etc. no \u00e2mbito da UFPB.<\/p>\n\n\n\n<p>A DIEBT, bra\u00e7o da INOVA-UFPB, \u00e9 a respons\u00e1vel pelas a\u00e7\u00f5es de pr\u00e9-incuba\u00e7\u00e3o e incuba\u00e7\u00e3o de empresas de base tecnol\u00f3gica ou atividades de empreendedorismo vinculadas \u00e0 UFPB, conforme as Resolu\u00e7\u00f5es CONSUNI N\u00ba 018\/2017 e N\u00ba 002\/2019. A partir de mar\u00e7o de 2019 come\u00e7aram os di\u00e1logos para a estrutura\u00e7\u00e3o do espa\u00e7o de incuba\u00e7\u00e3o da UFPB na forma de Parque Tecnol\u00f3gico. Uma pujante e necess\u00e1ria amplia\u00e7\u00e3o que poder\u00e1 escoar, na forma de vitrine, a prof\u00edcua produ\u00e7\u00e3o tecnol\u00f3gica da UFPB, reconhecida nacional e internacionalmente. Valendo destacar que, por dois anos consecutivos, a UFPB se mant\u00e9m como a primeira colocada isolada em prote\u00e7\u00f5es por patente no Brasil, isso o ranking abrangendo grandes empresas\/organiza\u00e7\u00f5es privadas e empresas, organiza\u00e7\u00f5es e institui\u00e7\u00f5es p\u00fablicas.<\/p>\n\n\n\n<p>O novo espa\u00e7o poder\u00e1 agregar ao atual formato de incuba\u00e7\u00e3o descentralizada, com suporte direto dos Centros da UFPB (conforme Edital N\u00ba 01\/2019 de credencialmento dos Centros e \u00d3rg\u00e3os Suplementares da UFPB), proporcionando um ambiente bem estruturado, localizado e um ambiente h\u00edbrido (p\u00fablico-privado), nesse \u00faltimo caso, permitindo a edifica\u00e7\u00e3o, loca\u00e7\u00e3o e uso dos espa\u00e7os por empresas privadas rec\u00e9m ou j\u00e1 constitu\u00eddas. O Parque Tecnol\u00f3gico da UFPB poder\u00e1 compor e reunir diferentes atores e players nacionais e internacionais, uma verdadeira e salutar simbiose entre ci\u00eancia-mercado-inova\u00e7\u00e3o-sustentabilidade, alavancando a voca\u00e7\u00e3o empreendedora, social, respons\u00e1vel e sustent\u00e1vel tanto da UFPB como do Estado da Para\u00edba.<\/p>\n\n\n\n<p>O Parque Tecnol\u00f3gico ficar\u00e1 localizado no terreno em frente ao Centro de Ci\u00eancias Humanas, Letras e Artes, entre a via Expressa Padre Z\u00e9, a BR-230 e a Avenida Dom Pedro II. A edifica\u00e7\u00e3o contar\u00e1 com cinco pr\u00e9dios: o principal, ao centro, que ser\u00e1 formado por tr\u00eas partes; e outras quatro constru\u00e7\u00f5es modulares, sendo duas mais ao lado da Avenida Dom Pedro II e as outras duas mais ao lado Sul, entre a BR-230 e a via Expressa Padre Z\u00e9. O acesso ao Parque Tecnol\u00f3gica ter\u00e1 aux\u00edlio de uma passarela que ligar\u00e1 ele ao terreno da UFPB nas proximidades do Departamento de M\u00fasica, pr\u00f3ximo da Sala de Concertos Radegundis Feitosa.<\/p>\n\n\n\n<p>Todas as edifica\u00e7\u00f5es ter\u00e3o aux\u00edlio de gera\u00e7\u00e3o de energia aut\u00f4noma mista, e\u00f3lica e solar, aproveitamento da \u00e1gua da chuva, e consumo inteligente e sustent\u00e1vel em conformidade com os Objetivos de Desenvolvimento Sustent\u00e1vel, da Organiza\u00e7\u00e3o das Na\u00e7\u00f5es Unidas. O Parque Tecnol\u00f3gico da UFPB contar\u00e1 com Setor Empresarial, Setor Administrativo, Setor de Conviv\u00eancia e Setor de Servi\u00e7o (vide detalhamento na Foto 03). Ser\u00e1 dotado, ainda, de salas de incuba\u00e7\u00e3o, salas empresariais, restaurante, lojas, lanchonetes\/cafeteria, sala de jogos, copa, \u00e1rea administrativa e financeira, banheiros\/vesti\u00e1rios, biblioteca, sala de criatividade\/inova\u00e7\u00e3o, mini-laborat\u00f3rios, audit\u00f3rio e salas de reuni\u00f5es presenciais\/virtuais. A previs\u00e3o \u00e9 que os projetos executivos e planejamento de obras se iniciem ainda no primeiro semestre de 2021. Processo de aprova\u00e7\u00e3o dispon\u00edvel <a href=\"https:\/\/www.dropbox.com\/s\/8ls0qdhfslb9jrk\/Processo%20Parque%20Tecnologico%20UFPB%202020.pdf?dl=0\" data-type=\"link\" data-id=\"https:\/\/www.dropbox.com\/s\/8ls0qdhfslb9jrk\/Processo%20Parque%20Tecnologico%20UFPB%202020.pdf?dl=0\">aqui<\/a>.<\/p>\n","protected":false},"excerpt":{"rendered":"<p>Desde mar\u00e7o de 2019 a INOVA-UFPB e a Reitoria come\u00e7aram a lan\u00e7ar os fundamentos da [&hellip;]<\/p>\n","protected":false},"author":270,"featured_media":1364,"comment_status":"closed","ping_status":"open","sticky":false,"template":"","format":"standard","meta":{"footnotes":""},"categories":[5],"tags":[],"class_list":["post-1363","post","type-post","status-publish","format-standard","has-post-thumbnail","hentry","category-institucional"],"_links":{"self":[{"href":"https:\/\/www.ufpb.br\/inova\/wp-json\/wp\/v2\/posts\/1363","targetHints":{"allow":["GET"]}}],"collection":[{"href":"https:\/\/www.ufpb.br\/inova\/wp-json\/wp\/v2\/posts"}],"about":[{"href":"https:\/\/www.ufpb.br\/inova\/wp-json\/wp\/v2\/types\/post"}],"author":[{"embeddable":true,"href":"https:\/\/www.ufpb.br\/inova\/wp-json\/wp\/v2\/users\/270"}],"replies":[{"embeddable":true,"href":"https:\/\/www.ufpb.br\/inova\/wp-json\/wp\/v2\/comments?post=1363"}],"version-history":[{"count":1,"href":"https:\/\/www.ufpb.br\/inova\/wp-json\/wp\/v2\/posts\/1363\/revisions"}],"predecessor-version":[{"id":1365,"href":"https:\/\/www.ufpb.br\/inova\/wp-json\/wp\/v2\/posts\/1363\/revisions\/1365"}],"wp:featuredmedia":[{"embeddable":true,"href":"https:\/\/www.ufpb.br\/inova\/wp-json\/wp\/v2\/media\/1364"}],"wp:attachment":[{"href":"https:\/\/www.ufpb.br\/inova\/wp-json\/wp\/v2\/media?parent=1363"}],"wp:term":[{"taxonomy":"category","embeddable":true,"href":"https:\/\/www.ufpb.br\/inova\/wp-json\/wp\/v2\/categories?post=1363"},{"taxonomy":"post_tag","embeddable":true,"href":"https:\/\/www.ufpb.br\/inova\/wp-json\/wp\/v2\/tags?post=1363"}],"curies":[{"name":"wp","href":"https:\/\/api.w.org\/{rel}","templated":true}]}}