{"id":154,"date":"2024-08-26T08:56:00","date_gmt":"2024-08-26T11:56:00","guid":{"rendered":"https:\/\/www.ufpb.br\/inova\/?p=154"},"modified":"2025-04-24T11:11:08","modified_gmt":"2025-04-24T14:11:08","slug":"7a-edicao-do-delby-fernandes-premia-melhores-patentes-e-softwares-de-pesquisadores-da-ufpb","status":"publish","type":"post","link":"https:\/\/www.ufpb.br\/inova\/institucional\/7a-edicao-do-delby-fernandes-premia-melhores-patentes-e-softwares-de-pesquisadores-da-ufpb\/","title":{"rendered":"7\u00aa edi\u00e7\u00e3o do Delby Fernandes premia melhores patentes e softwares de pesquisadores da UFPB"},"content":{"rendered":"\n<p><\/p>\n\n\n\n<p>Uma noite para reconhecer e homenagear os pesquisadores que desenvolvem inova\u00e7\u00e3o tecnol\u00f3gica na Universidade Federal da Para\u00edba (UFPB). Esse foi o prop\u00f3sito da 7\u00aa Edi\u00e7\u00e3o do Pr\u00eamio Delby Fernandes de Inova\u00e7\u00e3o Tecnol\u00f3gica, que condecorou os respons\u00e1veis por 20 tecnologias criadas pela UFPB nos anos de 2020, 2021 e 2022. A cerim\u00f4nia de premia\u00e7\u00e3o aos inventores ocorreu quinta-feira (8), no audit\u00f3rio da Reitoria, no Campus I (Jo\u00e3o Pessoa) da Institui\u00e7\u00e3o.<\/p>\n\n\n\n<p>A solenidade foi aberta pela Vice-reitora da UFPB, Profa. Liana Filgueira, que integrou a mesa de honra com o Superintendente do Servi\u00e7o de Apoio \u00e0s Micro e Pequenas Empresas na Para\u00edba (Sebrae-PB), Luiz Alberto Amorim, e a Diretora-presidente da Ag\u00eancia UFPB de Inova\u00e7\u00e3o Tecnol\u00f3gica (Inova UFPB).<\/p>\n\n\n\n<p>A cerim\u00f4nia de premia\u00e7\u00e3o contou tamb\u00e9m com gestores municipais que atuam na \u00e1rea da ci\u00eancia e tecnologia, al\u00e9m de representantes do Instituto Federal da Para\u00edba (IFPB), Tribunal Regional do Trabalho da 13\u00aa Regi\u00e3o (TRT-13) e da Companhia de \u00c1guas e Esgotos da Para\u00edba (Cagepa). Outros membros do ecossistema de inova\u00e7\u00e3o da Para\u00edba tamb\u00e9m compareceram \u00e0 premia\u00e7\u00e3o.<\/p>\n\n\n\n<p><\/p>\n\n\n\n<figure class=\"wp-block-gallery has-nested-images columns-default is-cropped wp-block-gallery-1 is-layout-flex wp-block-gallery-is-layout-flex\">\n<figure class=\"wp-block-image size-full\"><img loading=\"lazy\" decoding=\"async\" width=\"768\" height=\"512\" data-id=\"157\" src=\"https:\/\/www.ufpb.br\/inova\/wp-content\/uploads\/sites\/79\/sites\/285\/2025\/04\/95e8e9d5-8453-438f-ad67-10ac995e0605.jpeg\" alt=\"\" class=\"wp-image-157\" srcset=\"https:\/\/www.ufpb.br\/inova\/wp-content\/uploads\/sites\/79\/sites\/285\/2025\/04\/95e8e9d5-8453-438f-ad67-10ac995e0605.jpeg 768w, https:\/\/www.ufpb.br\/inova\/wp-content\/uploads\/sites\/79\/sites\/285\/2025\/04\/95e8e9d5-8453-438f-ad67-10ac995e0605-300x200.jpeg 300w, https:\/\/www.ufpb.br\/inova\/wp-content\/uploads\/sites\/79\/sites\/285\/2025\/04\/95e8e9d5-8453-438f-ad67-10ac995e0605-272x182.jpeg 272w\" sizes=\"auto, (max-width: 768px) 100vw, 768px\" \/><\/figure>\n\n\n\n<figure class=\"wp-block-image size-full\"><img loading=\"lazy\" decoding=\"async\" width=\"768\" height=\"512\" data-id=\"156\" src=\"https:\/\/www.ufpb.br\/inova\/wp-content\/uploads\/sites\/79\/sites\/285\/2025\/04\/f378b4b6-ce09-43f7-9910-5b298a10e1e7.jpeg\" alt=\"\" class=\"wp-image-156\" srcset=\"https:\/\/www.ufpb.br\/inova\/wp-content\/uploads\/sites\/79\/sites\/285\/2025\/04\/f378b4b6-ce09-43f7-9910-5b298a10e1e7.jpeg 768w, https:\/\/www.ufpb.br\/inova\/wp-content\/uploads\/sites\/79\/sites\/285\/2025\/04\/f378b4b6-ce09-43f7-9910-5b298a10e1e7-300x200.jpeg 300w, https:\/\/www.ufpb.br\/inova\/wp-content\/uploads\/sites\/79\/sites\/285\/2025\/04\/f378b4b6-ce09-43f7-9910-5b298a10e1e7-272x182.jpeg 272w\" sizes=\"auto, (max-width: 768px) 100vw, 768px\" \/><\/figure>\n\n\n\n<figure class=\"wp-block-image size-full\"><img loading=\"lazy\" decoding=\"async\" width=\"768\" height=\"512\" data-id=\"155\" src=\"https:\/\/www.ufpb.br\/inova\/wp-content\/uploads\/sites\/79\/sites\/285\/2025\/04\/f21f46e1-e1ad-47a4-97b5-4f28eeaac495.jpeg\" alt=\"\" class=\"wp-image-155\" srcset=\"https:\/\/www.ufpb.br\/inova\/wp-content\/uploads\/sites\/79\/sites\/285\/2025\/04\/f21f46e1-e1ad-47a4-97b5-4f28eeaac495.jpeg 768w, https:\/\/www.ufpb.br\/inova\/wp-content\/uploads\/sites\/79\/sites\/285\/2025\/04\/f21f46e1-e1ad-47a4-97b5-4f28eeaac495-300x200.jpeg 300w, https:\/\/www.ufpb.br\/inova\/wp-content\/uploads\/sites\/79\/sites\/285\/2025\/04\/f21f46e1-e1ad-47a4-97b5-4f28eeaac495-272x182.jpeg 272w\" sizes=\"auto, (max-width: 768px) 100vw, 768px\" \/><\/figure>\n<\/figure>\n\n\n\n<p><\/p>\n\n\n\n<p>Na mesa, o Superintendente do Sebrae-PB, Luiz Alberto Amorim, comentou que oportunidades de neg\u00f3cios, assim como a consequente cria\u00e7\u00e3o de empresas, podem surgir a partir de ideias e inventos concebidos no ambiente universit\u00e1rio.<\/p>\n\n\n\n<p>Em seguida, em fala dirigida \u00e0 plateia, a Vice-reitora Liana Filgueira parabenizou os pesquisadores da Institui\u00e7\u00e3o e destacou que a premia\u00e7\u00e3o era um momento muito significativo e de muito orgulho para a UFPB. Ela tamb\u00e9m reconheceu a relev\u00e2ncia da Inova UFPB para ajudar esses pesquisadores a registrarem suas inven\u00e7\u00f5es e transform\u00e1-las em solu\u00e7\u00f5es para os desafios enfrentados pela sociedade.<\/p>\n\n\n\n<p>\u201cA Inova tem trabalhado imensamente nessa perspectiva de auxiliar os pesquisadores da UFPB, a produzirem, de fato, com seus estudos, algo necess\u00e1rio para mudar a sociedade. Colocar a ci\u00eancia a servi\u00e7o da transforma\u00e7\u00e3o social \u00e9 um dos aspectos que marcam o desenvolvimento de uma na\u00e7\u00e3o\u201d, afirmou a Vice-reitora.<\/p>\n\n\n\n<p>Durante a entrega dos pr\u00eamios, houve tamb\u00e9m uma breve apresenta\u00e7\u00e3o do Farol Digital, hub de inova\u00e7\u00e3o de iniciativa do Sebrae-PB, da Inova UFPB e de algumas startups nela incubadas, como a Mindsun e Gracilis Defender. Al\u00e9m desses, tamb\u00e9m foram apresentados aos presentes o Programa de Educa\u00e7\u00e3o Tutorial em Inova\u00e7\u00e3o (Inovapeti) e o Projeto Inova\u00e7\u00e3o e Educa\u00e7\u00e3o Empreendedora (I2E).<\/p>\n\n\n\n<p>Premia\u00e7\u00e3o<\/p>\n\n\n\n<p>De acordo com a Diretora-presidente da Inova UFPB, professora Kelly Gomes, foram inscritas no 7\u00ba Delby Fernandes cerca de 70 propriedades intelectuais depositadas no Instituto Nacional de Propriedade Intelectual (INPI) entre os anos de 2020 e 2022, para as quais foram dados certificados de participa\u00e7\u00e3o. As tr\u00eas melhores em cada ano nas categorias \u2018Melhor Patente de Inven\u00e7\u00e3o\u2019 e \u2018Melhor Programa de Computador\u2019, escolhidas por uma comiss\u00e3o externa \u00e0 Universidade e constitu\u00edda, unicamente, para este fim, receberam os trof\u00e9us, totalizando, com dois empates, 20 tecnologias premiadas na ocasi\u00e3o.<\/p>\n\n\n\n<p>Ainda segundo a docente, a escolha por premiar, de uma s\u00f3 vez, as melhores tecnologias criadas na UFPB no per\u00edodo 2020-2022 foi tomada por causa do adiamento da premia\u00e7\u00e3o nestes anos, em virtude da pandemia de Covid-19, que suspendeu a realiza\u00e7\u00e3o de atividades presenciais na UFPB. Pesou tamb\u00e9m nesta decis\u00e3o o fato de que parte dos dep\u00f3sitos de 2023 ainda n\u00e3o foi divulgada pelo INPI.<\/p>\n\n\n\n<p>Um dos pesquisadores mais agraciados na ocasi\u00e3o foi o professor Marcelo Cavalcanti, do Departamento de Engenharia Mec\u00e2nica (DEME), pertencente ao Centro de Tecnologia (CT) da UFPB. O pesquisador foi reconhecido por ter participado do desenvolvimento de dois programas de computador e duas inven\u00e7\u00f5es premiadas na noite, tendo recebido, ao todo, quatro trof\u00e9us. Entre esses softwares reconhecidos est\u00e1 o \u2018Marcador de Vozes\u2019, programa que auxilia na identifica\u00e7\u00e3o de insufici\u00eancia card\u00edaca utilizando an\u00e1lise sonora e intelig\u00eancia artificial e que envolveu, por meio de uma abordagem interdisciplinar, pesquisadores da Engenharia Mec\u00e2nica e da Medicina.<\/p>\n\n\n\n<p>Vencendo duas vezes na categoria \u2018Melhor Programa de Computador\u2019, com dois simuladores computacionais, o professor Adriano Marques, do Centro de Energias Alternativas e Renov\u00e1veis (CEAR), tamb\u00e9m foi um dos mais premiados da noite. Conforme o docente, esses dois softwares \u2013 um termodin\u00e2mico e o outro, termoecon\u00f4mico \u2013 t\u00eam o potencial de aumentar a efici\u00eancia t\u00e9rmica de grandes sistemas, o que pode ser de grande aplicabilidade para a ind\u00fastria.<\/p>\n\n\n\n<p>\u201cEsses simuladores computacionais servem para que as empresas possam aplicar em processos de otimiza\u00e7\u00e3o, reduzindo, por exemplo, o consumo de energia el\u00e9trica dos equipamentos de uma planta industrial. Temos a expectativa de que a Inova UFPB nos ajude a divulg\u00e1-los para o mercado e, tamb\u00e9m, com a possibilidade de incuba\u00e7\u00e3o na Ag\u00eancia, podemos pensar em montar uma startup e aproveitar esse ecossistema de inova\u00e7\u00e3o da UFPB\u201d, projetou o professor Adriano Marques.<\/p>\n\n\n\n<p>Confira todas as Edi\u00e7\u00f5es do <a href=\"https:\/\/www.ufpb.br\/inova\/premio-delby-medeiros\/\">Pr\u00eamio Delby Fernandes no menu do site<\/a>.<\/p>\n\n\n\n<p><\/p>\n\n\n\n<p class=\"has-small-font-size\">Fonte: site UFPB<br>Texto: Vin\u00edcius Vieira<br>Edi\u00e7\u00e3o: Aline Lins<br>Fotos: Vin\u00edcius Vieira\/Gustavo Ribeiro<br>Ascom\/UFPB<\/p>\n\n\n\n<p><\/p>\n","protected":false},"excerpt":{"rendered":"<p>Uma noite para reconhecer e homenagear os pesquisadores que desenvolvem inova\u00e7\u00e3o tecnol\u00f3gica na Universidade Federal [&hellip;]<\/p>\n","protected":false},"author":270,"featured_media":157,"comment_status":"closed","ping_status":"open","sticky":false,"template":"","format":"standard","meta":{"footnotes":""},"categories":[8,5,6],"tags":[],"class_list":["post-154","post","type-post","status-publish","format-standard","has-post-thumbnail","hentry","category-eventos","category-institucional","category-premio-delby-medeiros"],"_links":{"self":[{"href":"https:\/\/www.ufpb.br\/inova\/wp-json\/wp\/v2\/posts\/154","targetHints":{"allow":["GET"]}}],"collection":[{"href":"https:\/\/www.ufpb.br\/inova\/wp-json\/wp\/v2\/posts"}],"about":[{"href":"https:\/\/www.ufpb.br\/inova\/wp-json\/wp\/v2\/types\/post"}],"author":[{"embeddable":true,"href":"https:\/\/www.ufpb.br\/inova\/wp-json\/wp\/v2\/users\/270"}],"replies":[{"embeddable":true,"href":"https:\/\/www.ufpb.br\/inova\/wp-json\/wp\/v2\/comments?post=154"}],"version-history":[{"count":1,"href":"https:\/\/www.ufpb.br\/inova\/wp-json\/wp\/v2\/posts\/154\/revisions"}],"predecessor-version":[{"id":158,"href":"https:\/\/www.ufpb.br\/inova\/wp-json\/wp\/v2\/posts\/154\/revisions\/158"}],"wp:featuredmedia":[{"embeddable":true,"href":"https:\/\/www.ufpb.br\/inova\/wp-json\/wp\/v2\/media\/157"}],"wp:attachment":[{"href":"https:\/\/www.ufpb.br\/inova\/wp-json\/wp\/v2\/media?parent=154"}],"wp:term":[{"taxonomy":"category","embeddable":true,"href":"https:\/\/www.ufpb.br\/inova\/wp-json\/wp\/v2\/categories?post=154"},{"taxonomy":"post_tag","embeddable":true,"href":"https:\/\/www.ufpb.br\/inova\/wp-json\/wp\/v2\/tags?post=154"}],"curies":[{"name":"wp","href":"https:\/\/api.w.org\/{rel}","templated":true}]}}