{"id":162,"date":"2024-08-20T09:09:00","date_gmt":"2024-08-20T12:09:00","guid":{"rendered":"https:\/\/www.ufpb.br\/inova\/?p=162"},"modified":"2025-04-24T09:13:23","modified_gmt":"2025-04-24T12:13:23","slug":"forum-brasileiro-de-deep-techs-chega-a-joao-pessoa-com-apoio-da-inova-ufpb","status":"publish","type":"post","link":"https:\/\/www.ufpb.br\/inova\/eventos\/forum-brasileiro-de-deep-techs-chega-a-joao-pessoa-com-apoio-da-inova-ufpb\/","title":{"rendered":"F\u00f3rum Brasileiro de Deep Techs chega a Jo\u00e3o Pessoa com apoio da INOVA UFPB"},"content":{"rendered":"\n<p><\/p>\n\n\n\n<p>Em sua 2\u00aa Edi\u00e7\u00e3o, o F\u00f3rum Brasileiro de Deep Techs ser\u00e1 realizado em Jo\u00e3o Pessoa no dia 29 de agosto. Neste ano, o F\u00f3rum que j\u00e1 passou pelas cidades de S\u00e3o Paulo, Bras\u00edlia e Bel\u00e9m, chega ao Nordeste para sua \u00faltima parada.<\/p>\n\n\n\n<p><br>O F\u00f3rum \u00e9 realizado pela Wylinka e Caos Focado, com patroc\u00ednio do Sebrae e apoio local da Ag\u00eancia UFPB de Inova\u00e7\u00e3o Tecnol\u00f3gica \u2013 INOVA UFPB. Durante todo o dia 29, no Audit\u00f3rio do Sesc Cabo Branco, o F\u00f3rum debater\u00e1 os temas \u201cInova\u00e7\u00e3o para Investir e Fomentar\u201d e \u201cSeguran\u00e7a Jur\u00eddica para Inovar e Crescer\u201d.<\/p>\n\n\n\n<p><br>As deep techs s\u00e3o uma tend\u00eancia no Brasil e no mundo. A Wylinka, junto a outros atores do ecossistema, vem trabalhando intensamente para promover a cria\u00e7\u00e3o de empresas e inova\u00e7\u00f5es baseadas na ci\u00eancia de qualidade que o nosso pa\u00eds produz. Chegou a hora de colocar o Brasil no radar mundial da inova\u00e7\u00e3o cient\u00edfica.<\/p>\n\n\n\n<p><br>O evento vai promover um dia de reuni\u00f5es e trocas com os principais atores do Movimento Deep Tech. A Programa\u00e7\u00e3o traz v\u00e1rios especialistas em deep techs que estar\u00e3o compartilhando suas experi\u00eancias e insights sobre as mais recentes inova\u00e7\u00f5es e tend\u00eancias no mundo da tecnologia de ponta, bem como contar\u00e1 com a presen\u00e7a de l\u00edderes do setor de deep tech que trar\u00e3o debates din\u00e2micos sobre os desafios e as oportunidades espec\u00edficas dessas tecnologias emergentes. Al\u00e9m dos pain\u00e9is, o F\u00f3rum contar\u00e1 com dois casos de Deep Tech da regi\u00e3o.<\/p>\n\n\n\n<p><br>Para todo o ecossistema \u00e9 fundamental que as discuss\u00f5es sobre os avan\u00e7os das deep techs aconte\u00e7am regionalmente, incluindo as lideran\u00e7as, as perspectivas, potencialidades e demandas de diferentes ecossistemas do Brasil. S\u00f3 transformaremos o Brasil em um celeiro de deep techs reconhecido mundialmente se respeitarmos e aproveitarmos toda a diversidade do nosso pa\u00eds.<\/p>\n\n\n\n<p><br>Para a Diretora-Presidente da Ag\u00eancia INOVA UFPB, Prof. Kelly Gomes \u201ceste evento \u00e9 fundamental para fortalecer a cultura empreendedora na comunidade universit\u00e1ria e junto ao ecossistema local. Apoiar a inova\u00e7\u00e3o de base cient\u00edfica e tecnol\u00f3gica \u00e9 o caminho natural da Universidade e um dos objetivos da Ag\u00eancia\u201d.<\/p>\n\n\n\n<p><\/p>\n\n\n\n<p>Inscri\u00e7\u00f5es abertas: <a href=\"https:\/\/conteudo.wylinka.org.br\/forum-deep-techs-joao-pessoa\">https:\/\/conteudo.wylinka.org.br\/forum-deep-techs-joao-pessoa<\/a><\/p>\n\n\n\n<figure class=\"wp-block-gallery has-nested-images columns-default is-cropped wp-block-gallery-1 is-layout-flex wp-block-gallery-is-layout-flex\">\n<figure class=\"wp-block-image size-large\"><img loading=\"lazy\" decoding=\"async\" width=\"688\" height=\"768\" data-id=\"163\" src=\"https:\/\/www.ufpb.br\/inova\/wp-content\/uploads\/sites\/79\/sites\/285\/2025\/04\/frt.jpeg\" alt=\"\" class=\"wp-image-163\" srcset=\"https:\/\/www.ufpb.br\/inova\/wp-content\/uploads\/sites\/79\/sites\/285\/2025\/04\/frt.jpeg 688w, https:\/\/www.ufpb.br\/inova\/wp-content\/uploads\/sites\/79\/sites\/285\/2025\/04\/frt-269x300.jpeg 269w\" sizes=\"auto, (max-width: 688px) 100vw, 688px\" \/><\/figure>\n\n\n\n<figure class=\"wp-block-image size-large\"><img loading=\"lazy\" decoding=\"async\" width=\"614\" height=\"768\" data-id=\"164\" src=\"https:\/\/www.ufpb.br\/inova\/wp-content\/uploads\/sites\/79\/sites\/285\/2025\/04\/fr.jpeg\" alt=\"\" class=\"wp-image-164\" srcset=\"https:\/\/www.ufpb.br\/inova\/wp-content\/uploads\/sites\/79\/sites\/285\/2025\/04\/fr.jpeg 614w, https:\/\/www.ufpb.br\/inova\/wp-content\/uploads\/sites\/79\/sites\/285\/2025\/04\/fr-240x300.jpeg 240w\" sizes=\"auto, (max-width: 614px) 100vw, 614px\" \/><\/figure>\n<\/figure>\n","protected":false},"excerpt":{"rendered":"<p>Em sua 2\u00aa Edi\u00e7\u00e3o, o F\u00f3rum Brasileiro de Deep Techs ser\u00e1 realizado em Jo\u00e3o Pessoa [&hellip;]<\/p>\n","protected":false},"author":270,"featured_media":163,"comment_status":"closed","ping_status":"open","sticky":false,"template":"","format":"standard","meta":{"footnotes":""},"categories":[8],"tags":[],"class_list":["post-162","post","type-post","status-publish","format-standard","has-post-thumbnail","hentry","category-eventos"],"_links":{"self":[{"href":"https:\/\/www.ufpb.br\/inova\/wp-json\/wp\/v2\/posts\/162","targetHints":{"allow":["GET"]}}],"collection":[{"href":"https:\/\/www.ufpb.br\/inova\/wp-json\/wp\/v2\/posts"}],"about":[{"href":"https:\/\/www.ufpb.br\/inova\/wp-json\/wp\/v2\/types\/post"}],"author":[{"embeddable":true,"href":"https:\/\/www.ufpb.br\/inova\/wp-json\/wp\/v2\/users\/270"}],"replies":[{"embeddable":true,"href":"https:\/\/www.ufpb.br\/inova\/wp-json\/wp\/v2\/comments?post=162"}],"version-history":[{"count":1,"href":"https:\/\/www.ufpb.br\/inova\/wp-json\/wp\/v2\/posts\/162\/revisions"}],"predecessor-version":[{"id":165,"href":"https:\/\/www.ufpb.br\/inova\/wp-json\/wp\/v2\/posts\/162\/revisions\/165"}],"wp:featuredmedia":[{"embeddable":true,"href":"https:\/\/www.ufpb.br\/inova\/wp-json\/wp\/v2\/media\/163"}],"wp:attachment":[{"href":"https:\/\/www.ufpb.br\/inova\/wp-json\/wp\/v2\/media?parent=162"}],"wp:term":[{"taxonomy":"category","embeddable":true,"href":"https:\/\/www.ufpb.br\/inova\/wp-json\/wp\/v2\/categories?post=162"},{"taxonomy":"post_tag","embeddable":true,"href":"https:\/\/www.ufpb.br\/inova\/wp-json\/wp\/v2\/tags?post=162"}],"curies":[{"name":"wp","href":"https:\/\/api.w.org\/{rel}","templated":true}]}}