{"id":169,"date":"2025-11-10T14:57:44","date_gmt":"2025-11-10T17:57:44","guid":{"rendered":"https:\/\/www.ufpb.br\/ipe\/?p=169"},"modified":"2025-11-10T14:57:48","modified_gmt":"2025-11-10T17:57:48","slug":"tema-da-redacao-do-enem-2025","status":"publish","type":"post","link":"https:\/\/www.ufpb.br\/ipe\/sem-categoria\/tema-da-redacao-do-enem-2025\/","title":{"rendered":"Tema da Reda\u00e7\u00e3o do ENEM 2025"},"content":{"rendered":"\n<div class=\"wp-block-media-text is-stacked-on-mobile\"><figure class=\"wp-block-media-text__media\"><img loading=\"lazy\" decoding=\"async\" width=\"819\" height=\"1024\" src=\"https:\/\/www.ufpb.br\/ipe\/wp-content\/uploads\/sites\/79\/sites\/311\/2025\/11\/Post-instagram-quadrado-8-819x1024.png\" alt=\"\" class=\"wp-image-170 size-full\" srcset=\"https:\/\/www.ufpb.br\/ipe\/wp-content\/uploads\/sites\/79\/sites\/311\/2025\/11\/Post-instagram-quadrado-8-819x1024.png 819w, https:\/\/www.ufpb.br\/ipe\/wp-content\/uploads\/sites\/79\/sites\/311\/2025\/11\/Post-instagram-quadrado-8-240x300.png 240w, https:\/\/www.ufpb.br\/ipe\/wp-content\/uploads\/sites\/79\/sites\/311\/2025\/11\/Post-instagram-quadrado-8-768x960.png 768w, https:\/\/www.ufpb.br\/ipe\/wp-content\/uploads\/sites\/79\/sites\/311\/2025\/11\/Post-instagram-quadrado-8.png 1080w\" sizes=\"auto, (max-width: 819px) 100vw, 819px\" \/><\/figure><div class=\"wp-block-media-text__content\">\n<p>O tema do ENEM 2025 \u2014 \u201cPerspectivas acerca do envelhecimento na sociedade brasileira\u201d \u2014 trouxe \u00e0 tona uma realidade que j\u00e1 faz parte do nosso presente: o Brasil est\u00e1 envelhecendo rapidamente. E o desafio agora \u00e9 garantir que esse envelhecer aconte\u00e7a com sa\u00fade, dignidade e qualidade de vida. No Instituto Paraibano de Envelhecimento (IPE\/UFPB), essa \u00e9 a nossa miss\u00e3o! Somos um espa\u00e7o de promo\u00e7\u00e3o e bem estar \u00e0 sa\u00fade que atua promovendo atividades f\u00edsicas, cognitivas, e s\u00f3cio culturais. Envelhecer \u00e9 sin\u00f4nimo de viver com prop\u00f3sito, autonomia e pertencimento. Enquanto o ENEM provoca reflex\u00f5es, o IPE transforma vidas. Com a\u00e7\u00f5es que mostram que envelhecer bem \u00e9 poss\u00edvel.<\/p>\n<\/div><\/div>\n","protected":false},"excerpt":{"rendered":"<p>O tema do ENEM 2025 \u2014 \u201cPerspectivas acerca do envelhecimento na sociedade brasileira\u201d \u2014 trouxe [&hellip;]<\/p>\n","protected":false},"author":354,"featured_media":0,"comment_status":"closed","ping_status":"open","sticky":false,"template":"","format":"standard","meta":{"footnotes":""},"categories":[1],"tags":[],"class_list":["post-169","post","type-post","status-publish","format-standard","hentry","category-sem-categoria"],"_links":{"self":[{"href":"https:\/\/www.ufpb.br\/ipe\/wp-json\/wp\/v2\/posts\/169","targetHints":{"allow":["GET"]}}],"collection":[{"href":"https:\/\/www.ufpb.br\/ipe\/wp-json\/wp\/v2\/posts"}],"about":[{"href":"https:\/\/www.ufpb.br\/ipe\/wp-json\/wp\/v2\/types\/post"}],"author":[{"embeddable":true,"href":"https:\/\/www.ufpb.br\/ipe\/wp-json\/wp\/v2\/users\/354"}],"replies":[{"embeddable":true,"href":"https:\/\/www.ufpb.br\/ipe\/wp-json\/wp\/v2\/comments?post=169"}],"version-history":[{"count":1,"href":"https:\/\/www.ufpb.br\/ipe\/wp-json\/wp\/v2\/posts\/169\/revisions"}],"predecessor-version":[{"id":172,"href":"https:\/\/www.ufpb.br\/ipe\/wp-json\/wp\/v2\/posts\/169\/revisions\/172"}],"wp:attachment":[{"href":"https:\/\/www.ufpb.br\/ipe\/wp-json\/wp\/v2\/media?parent=169"}],"wp:term":[{"taxonomy":"category","embeddable":true,"href":"https:\/\/www.ufpb.br\/ipe\/wp-json\/wp\/v2\/categories?post=169"},{"taxonomy":"post_tag","embeddable":true,"href":"https:\/\/www.ufpb.br\/ipe\/wp-json\/wp\/v2\/tags?post=169"}],"curies":[{"name":"wp","href":"https:\/\/api.w.org\/{rel}","templated":true}]}}