{"id":184,"date":"2025-12-02T08:24:32","date_gmt":"2025-12-02T11:24:32","guid":{"rendered":"https:\/\/www.ufpb.br\/ipe\/?p=184"},"modified":"2025-12-02T08:24:33","modified_gmt":"2025-12-02T11:24:33","slug":"novembro-azul","status":"publish","type":"post","link":"https:\/\/www.ufpb.br\/ipe\/palestras\/novembro-azul\/","title":{"rendered":"Novembro Azul"},"content":{"rendered":"\n<div class=\"wp-block-media-text is-stacked-on-mobile\"><figure class=\"wp-block-media-text__media\"><img loading=\"lazy\" decoding=\"async\" width=\"1024\" height=\"576\" src=\"https:\/\/www.ufpb.br\/ipe\/wp-content\/uploads\/sites\/79\/sites\/311\/2025\/12\/IMG-20251126-WA0491-1024x576.jpg\" alt=\"\" class=\"wp-image-186 size-full\" srcset=\"https:\/\/www.ufpb.br\/ipe\/wp-content\/uploads\/sites\/79\/sites\/311\/2025\/12\/IMG-20251126-WA0491-1024x576.jpg 1024w, https:\/\/www.ufpb.br\/ipe\/wp-content\/uploads\/sites\/79\/sites\/311\/2025\/12\/IMG-20251126-WA0491-300x169.jpg 300w, https:\/\/www.ufpb.br\/ipe\/wp-content\/uploads\/sites\/79\/sites\/311\/2025\/12\/IMG-20251126-WA0491-768x432.jpg 768w, https:\/\/www.ufpb.br\/ipe\/wp-content\/uploads\/sites\/79\/sites\/311\/2025\/12\/IMG-20251126-WA0491.jpg 1280w\" sizes=\"auto, (max-width: 1024px) 100vw, 1024px\" \/><\/figure><div class=\"wp-block-media-text__content\">\n<p>No dia 26 de novembro, tivemos uma palestra especial sobre o Novembro Azul, conduzida pelo enfermeiro Tiago Velozo. Um momento de aprendizado, conscientiza\u00e7\u00e3o e cuidado com a sa\u00fade do homem.<\/p>\n\n\n\n<p>Cuidar de si tamb\u00e9m \u00e9 um ato de amor. \ud83d\udc99<\/p>\n<\/div><\/div>\n\n\n\n<p><\/p>\n","protected":false},"excerpt":{"rendered":"<p>No dia 26 de novembro, tivemos uma palestra especial sobre o Novembro Azul, conduzida pelo [&hellip;]<\/p>\n","protected":false},"author":354,"featured_media":185,"comment_status":"closed","ping_status":"open","sticky":false,"template":"","format":"standard","meta":{"footnotes":""},"categories":[11],"tags":[],"class_list":["post-184","post","type-post","status-publish","format-standard","has-post-thumbnail","hentry","category-palestras"],"_links":{"self":[{"href":"https:\/\/www.ufpb.br\/ipe\/wp-json\/wp\/v2\/posts\/184","targetHints":{"allow":["GET"]}}],"collection":[{"href":"https:\/\/www.ufpb.br\/ipe\/wp-json\/wp\/v2\/posts"}],"about":[{"href":"https:\/\/www.ufpb.br\/ipe\/wp-json\/wp\/v2\/types\/post"}],"author":[{"embeddable":true,"href":"https:\/\/www.ufpb.br\/ipe\/wp-json\/wp\/v2\/users\/354"}],"replies":[{"embeddable":true,"href":"https:\/\/www.ufpb.br\/ipe\/wp-json\/wp\/v2\/comments?post=184"}],"version-history":[{"count":1,"href":"https:\/\/www.ufpb.br\/ipe\/wp-json\/wp\/v2\/posts\/184\/revisions"}],"predecessor-version":[{"id":187,"href":"https:\/\/www.ufpb.br\/ipe\/wp-json\/wp\/v2\/posts\/184\/revisions\/187"}],"wp:featuredmedia":[{"embeddable":true,"href":"https:\/\/www.ufpb.br\/ipe\/wp-json\/wp\/v2\/media\/185"}],"wp:attachment":[{"href":"https:\/\/www.ufpb.br\/ipe\/wp-json\/wp\/v2\/media?parent=184"}],"wp:term":[{"taxonomy":"category","embeddable":true,"href":"https:\/\/www.ufpb.br\/ipe\/wp-json\/wp\/v2\/categories?post=184"},{"taxonomy":"post_tag","embeddable":true,"href":"https:\/\/www.ufpb.br\/ipe\/wp-json\/wp\/v2\/tags?post=184"}],"curies":[{"name":"wp","href":"https:\/\/api.w.org\/{rel}","templated":true}]}}