{"id":312,"date":"2026-08-12T10:19:01","date_gmt":"2026-08-12T13:19:01","guid":{"rendered":"https:\/\/www.ufpb.br\/ipe\/?p=312"},"modified":"2026-08-12T10:19:04","modified_gmt":"2026-08-12T13:19:04","slug":"conheca-alguns-dos-nossos-projetos-de-extensao","status":"publish","type":"post","link":"https:\/\/www.ufpb.br\/ipe\/noticia\/conheca-alguns-dos-nossos-projetos-de-extensao\/","title":{"rendered":"CONHE\u00c7A ALGUNS DOS NOSSOS PROJETOS DE EXTENS\u00c3O"},"content":{"rendered":"\n<figure class=\"wp-block-image size-large is-resized\"><img loading=\"lazy\" decoding=\"async\" width=\"1024\" height=\"768\" src=\"https:\/\/www.ufpb.br\/ipe\/wp-content\/uploads\/sites\/79\/sites\/311\/2026\/08\/WhatsApp-Image-2026-07-27-at-12.12.10-1024x768.jpeg\" alt=\"\" class=\"wp-image-314\" style=\"width:517px;height:auto\" srcset=\"https:\/\/www.ufpb.br\/ipe\/wp-content\/uploads\/sites\/79\/sites\/311\/2026\/08\/WhatsApp-Image-2026-07-27-at-12.12.10-1024x768.jpeg 1024w, https:\/\/www.ufpb.br\/ipe\/wp-content\/uploads\/sites\/79\/sites\/311\/2026\/08\/WhatsApp-Image-2026-07-27-at-12.12.10-300x225.jpeg 300w, https:\/\/www.ufpb.br\/ipe\/wp-content\/uploads\/sites\/79\/sites\/311\/2026\/08\/WhatsApp-Image-2026-07-27-at-12.12.10-768x576.jpeg 768w, https:\/\/www.ufpb.br\/ipe\/wp-content\/uploads\/sites\/79\/sites\/311\/2026\/08\/WhatsApp-Image-2026-07-27-at-12.12.10.jpeg 1280w\" sizes=\"auto, (max-width: 1024px) 100vw, 1024px\" \/><\/figure>\n\n\n\n<h2 class=\"wp-block-heading\"><div class=\"linha-header\">Hidroterapia<\/div><\/h2>\n\n\n\n<p class=\"wp-block-paragraph\"><strong>Projeto de extens\u00e3o (PROEX N\u00ba 14\/2025 \u2013 PROBEX 2025-2026):\u00a0<\/strong>PR\u00c1TICAS DE EDUCA\u00c7\u00c3O EM SA\u00daDE PARA O ENVELHECIMENTO ATIVO E SAUD\u00c1VEL NO INSTITUTO PARAIBANO DE ENVELHECIMENTO<\/p>\n\n\n\n<p class=\"wp-block-paragraph\"><strong>Coordenadora:<\/strong>\u00a0Prof\u00aa \u00a0Dr\u00aa . Maria Adelaide Silva Pereira Moreira<\/p>\n\n\n\n<figure class=\"wp-block-image size-large is-resized\"><img loading=\"lazy\" decoding=\"async\" width=\"768\" height=\"1024\" src=\"https:\/\/www.ufpb.br\/ipe\/wp-content\/uploads\/sites\/79\/sites\/311\/2026\/08\/WhatsApp-Image-2026-08-12-at-10.00.22-1-768x1024.jpeg\" alt=\"\" class=\"wp-image-316\" style=\"aspect-ratio:0.7500079181579198;width:353px;height:auto\" srcset=\"https:\/\/www.ufpb.br\/ipe\/wp-content\/uploads\/sites\/79\/sites\/311\/2026\/08\/WhatsApp-Image-2026-08-12-at-10.00.22-1-768x1024.jpeg 768w, https:\/\/www.ufpb.br\/ipe\/wp-content\/uploads\/sites\/79\/sites\/311\/2026\/08\/WhatsApp-Image-2026-08-12-at-10.00.22-1-225x300.jpeg 225w, https:\/\/www.ufpb.br\/ipe\/wp-content\/uploads\/sites\/79\/sites\/311\/2026\/08\/WhatsApp-Image-2026-08-12-at-10.00.22-1.jpeg 960w\" sizes=\"auto, (max-width: 768px) 100vw, 768px\" \/><\/figure>\n\n\n\n<h2 class=\"wp-block-heading\"><div class=\"linha-header\">Alongamento e Dan\u00e7a<\/div><\/h2>\n\n\n\n<p class=\"wp-block-paragraph\">No dia 12\/08\/26 teve um aul\u00e3o de Pilates com M\u00fasica proporcionado pelo professor Breno Cruz.<\/p>\n\n\n\n<p class=\"wp-block-paragraph\"><strong>Projeto de extens\u00e3o (PROEX N\u00ba 14\/2025 \u2013 PROBEX 2025-2026)\u00a0:\u00a0<\/strong>PR\u00c1TICAS DE EDUCA\u00c7\u00c3O EM SA\u00daDE PARA O ENVELHECIMENTO ATIVO E SAUD\u00c1VEL NO INSTITUTO PARAIBANO DE ENVELHECIMENTO<\/p>\n\n\n\n<p class=\"wp-block-paragraph\"><strong>Coordenadora:\u00a0<\/strong>\u00a0\u00a0\u00a0Prof\u00aa Dr\u00aa. Maria Adelaide Silva Pereira Moreira<\/p>\n\n\n\n<figure class=\"wp-block-image size-large is-resized\"><img loading=\"lazy\" decoding=\"async\" width=\"1024\" height=\"576\" src=\"https:\/\/www.ufpb.br\/ipe\/wp-content\/uploads\/sites\/79\/sites\/311\/2026\/08\/WhatsApp-Image-2026-07-30-at-15.54.48-1-1024x576.jpeg\" alt=\"\" class=\"wp-image-318\" style=\"width:519px;height:auto\" srcset=\"https:\/\/www.ufpb.br\/ipe\/wp-content\/uploads\/sites\/79\/sites\/311\/2026\/08\/WhatsApp-Image-2026-07-30-at-15.54.48-1-1024x576.jpeg 1024w, https:\/\/www.ufpb.br\/ipe\/wp-content\/uploads\/sites\/79\/sites\/311\/2026\/08\/WhatsApp-Image-2026-07-30-at-15.54.48-1-300x169.jpeg 300w, https:\/\/www.ufpb.br\/ipe\/wp-content\/uploads\/sites\/79\/sites\/311\/2026\/08\/WhatsApp-Image-2026-07-30-at-15.54.48-1-768x432.jpeg 768w, https:\/\/www.ufpb.br\/ipe\/wp-content\/uploads\/sites\/79\/sites\/311\/2026\/08\/WhatsApp-Image-2026-07-30-at-15.54.48-1.jpeg 1280w\" sizes=\"auto, (max-width: 1024px) 100vw, 1024px\" \/><\/figure>\n\n\n\n<h2 class=\"wp-block-heading\"><div class=\"linha-header\">Inform\u00e1tica<\/div><\/h2>\n\n\n\n<p class=\"wp-block-paragraph\"><strong>PROJETO EXTENS\u00c3O (EDITAL PROEX N\u00ba 05\/2026) A\u00c7\u00d5ES SOCIOEDUCATIVAS DE PROMO\u00c7\u00c3O PARA O ENVELHECIMENTO ATIVO E SAUD\u00c1VEL.<\/strong><strong><\/strong><\/p>\n\n\n\n<p class=\"wp-block-paragraph\"><strong>Coordenadora:<\/strong>\u00a0Prof\u00aa Dr\u00aa . Maria Adelaide Silva Pereira Moreira<\/p>\n\n\n\n<figure class=\"wp-block-image size-large is-resized\"><img loading=\"lazy\" decoding=\"async\" width=\"1024\" height=\"576\" src=\"https:\/\/www.ufpb.br\/ipe\/wp-content\/uploads\/sites\/79\/sites\/311\/2026\/08\/WhatsApp-Image-2026-07-23-at-10.47.15-1024x576.jpeg\" alt=\"\" class=\"wp-image-320\" style=\"width:553px;height:auto\" srcset=\"https:\/\/www.ufpb.br\/ipe\/wp-content\/uploads\/sites\/79\/sites\/311\/2026\/08\/WhatsApp-Image-2026-07-23-at-10.47.15-1024x576.jpeg 1024w, https:\/\/www.ufpb.br\/ipe\/wp-content\/uploads\/sites\/79\/sites\/311\/2026\/08\/WhatsApp-Image-2026-07-23-at-10.47.15-300x169.jpeg 300w, https:\/\/www.ufpb.br\/ipe\/wp-content\/uploads\/sites\/79\/sites\/311\/2026\/08\/WhatsApp-Image-2026-07-23-at-10.47.15-768x432.jpeg 768w, https:\/\/www.ufpb.br\/ipe\/wp-content\/uploads\/sites\/79\/sites\/311\/2026\/08\/WhatsApp-Image-2026-07-23-at-10.47.15-1536x864.jpeg 1536w, https:\/\/www.ufpb.br\/ipe\/wp-content\/uploads\/sites\/79\/sites\/311\/2026\/08\/WhatsApp-Image-2026-07-23-at-10.47.15.jpeg 1600w\" sizes=\"auto, (max-width: 1024px) 100vw, 1024px\" \/><\/figure>\n\n\n\n<h2 class=\"wp-block-heading\"><div class=\"linha-header\">Jazz Contempor\u00e2neo <\/div><\/h2>\n\n\n\n<p class=\"wp-block-paragraph\"><strong>PROJETO EXTENS\u00c3O (EDITAL PROEX N\u00ba 05\/2026) A\u00c7\u00d5ES SOCIOEDUCATIVAS DE PROMO\u00c7\u00c3O PARA O ENVELHECIMENTO ATIVO E SAUD\u00c1VEL.<\/strong><strong><\/strong><\/p>\n\n\n\n<p class=\"wp-block-paragraph\"><strong>Coordenadora: &nbsp;&nbsp;&nbsp;<\/strong>Prof\u00aa Dr\u00aa . Maria Adelaide Silva Pereira Moreira<\/p>\n\n\n\n<h2 class=\"wp-block-heading\"><div class=\"linha-header\">Informa\u00e7\u00e3o <\/div><\/h2>\n\n\n\n<p class=\"wp-block-paragraph\">Para saber mais informa\u00e7\u00f5es, entre na aba ATIVIDADES. <\/p>\n\n\n\n<p class=\"wp-block-paragraph\"><\/p>\n","protected":false},"excerpt":{"rendered":"<p>Hidroterapia Projeto de extens\u00e3o (PROEX N\u00ba 14\/2025 \u2013 PROBEX 2025-2026):\u00a0PR\u00c1TICAS DE EDUCA\u00c7\u00c3O EM SA\u00daDE PARA [&hellip;]<\/p>\n","protected":false},"author":354,"featured_media":321,"comment_status":"closed","ping_status":"open","sticky":false,"template":"","format":"standard","meta":{"footnotes":""},"categories":[1],"tags":[],"class_list":["post-312","post","type-post","status-publish","format-standard","has-post-thumbnail","hentry","category-noticia"],"_links":{"self":[{"href":"https:\/\/www.ufpb.br\/ipe\/wp-json\/wp\/v2\/posts\/312","targetHints":{"allow":["GET"]}}],"collection":[{"href":"https:\/\/www.ufpb.br\/ipe\/wp-json\/wp\/v2\/posts"}],"about":[{"href":"https:\/\/www.ufpb.br\/ipe\/wp-json\/wp\/v2\/types\/post"}],"author":[{"embeddable":true,"href":"https:\/\/www.ufpb.br\/ipe\/wp-json\/wp\/v2\/users\/354"}],"replies":[{"embeddable":true,"href":"https:\/\/www.ufpb.br\/ipe\/wp-json\/wp\/v2\/comments?post=312"}],"version-history":[{"count":2,"href":"https:\/\/www.ufpb.br\/ipe\/wp-json\/wp\/v2\/posts\/312\/revisions"}],"predecessor-version":[{"id":323,"href":"https:\/\/www.ufpb.br\/ipe\/wp-json\/wp\/v2\/posts\/312\/revisions\/323"}],"wp:featuredmedia":[{"embeddable":true,"href":"https:\/\/www.ufpb.br\/ipe\/wp-json\/wp\/v2\/media\/321"}],"wp:attachment":[{"href":"https:\/\/www.ufpb.br\/ipe\/wp-json\/wp\/v2\/media?parent=312"}],"wp:term":[{"taxonomy":"category","embeddable":true,"href":"https:\/\/www.ufpb.br\/ipe\/wp-json\/wp\/v2\/categories?post=312"},{"taxonomy":"post_tag","embeddable":true,"href":"https:\/\/www.ufpb.br\/ipe\/wp-json\/wp\/v2\/tags?post=312"}],"curies":[{"name":"wp","href":"https:\/\/api.w.org\/{rel}","templated":true}]}}