{"id":550,"date":"2026-06-09T09:23:38","date_gmt":"2026-06-09T12:23:38","guid":{"rendered":"https:\/\/www.ufpb.br\/ndihr\/?p=550"},"modified":"2026-06-09T09:23:41","modified_gmt":"2026-06-09T12:23:41","slug":"ndihr-participa-da-10o-sna-com-exposicao-virtual","status":"publish","type":"post","link":"https:\/\/www.ufpb.br\/ndihr\/institucional\/ndihr-participa-da-10o-sna-com-exposicao-virtual\/","title":{"rendered":"NDIHR participa da 10\u00ba SNA com Exposi\u00e7\u00e3o Virtual"},"content":{"rendered":"\n<p class=\"wp-block-paragraph\">O N\u00facleo de Documenta\u00e7\u00e3o e Informa\u00e7\u00e3o Hist\u00f3rica Regional da Universidade Federal da Para\u00edba (NDIHR\/UFPB) participa da 10\u00aa Semana Nacional de Arquivos (SNA), realizada entre os dias 8 e 12 de junho de 2026, com a Exposi\u00e7\u00e3o Virtual \u201cNDIHR 50 anos: mem\u00f3ria e pesquisa construindo a Hist\u00f3ria Regional\u201d.<\/p>\n\n\n\n<p class=\"wp-block-paragraph\">Promovida anualmente pelo Arquivo Nacional, a SNA integra as comemora\u00e7\u00f5es da Semana Internacional de Arquivos, organizada pelo International Council on Archives (ICA), e re\u00fane institui\u00e7\u00f5es arquiv\u00edsticas de todo o pa\u00eds em torno de a\u00e7\u00f5es de difus\u00e3o, reflex\u00e3o e valoriza\u00e7\u00e3o dos arquivos na sociedade.<\/p>\n\n\n\n<p class=\"wp-block-paragraph\">Nesta edi\u00e7\u00e3o, que tem como tema \u201cArquivos, democracia e justi\u00e7a social\u201d, a participa\u00e7\u00e3o do NDIHR reafirma o compromisso institucional com a preserva\u00e7\u00e3o da mem\u00f3ria, o acesso \u00e0 informa\u00e7\u00e3o, a valoriza\u00e7\u00e3o da pesquisa hist\u00f3rica e o fortalecimento dos arquivos como espa\u00e7os fundamentais para a cidadania, a transpar\u00eancia p\u00fablica e a constru\u00e7\u00e3o de uma sociedade democr\u00e1tica, plural e socialmente justa.<\/p>\n\n\n\n<p class=\"wp-block-paragraph\">Texto: Carolina Gon\u00e7alves Pacheco\u00a0<\/p>\n\n\n\n<p class=\"wp-block-paragraph\">Clique no Link a seguir e visualize a exposi\u00e7\u00e3o.<\/p>\n\n\n\n<p class=\"wp-block-paragraph\"><a href=\"https:\/\/prezi.com\/v\/view\/w90ltbMKus9s1o4mTeJk\/\">Exposi\u00e7\u00e3o NDIHR 50 anos<\/a><\/p>\n\n\n\n<p class=\"wp-block-paragraph\"><\/p>\n\n\n\n<p class=\"wp-block-paragraph\"><\/p>\n","protected":false},"excerpt":{"rendered":"<p>O N\u00facleo de Documenta\u00e7\u00e3o e Informa\u00e7\u00e3o Hist\u00f3rica Regional da Universidade Federal da Para\u00edba (NDIHR\/UFPB) participa [&hellip;]<\/p>\n","protected":false},"author":149,"featured_media":552,"comment_status":"closed","ping_status":"open","sticky":false,"template":"","format":"standard","meta":{"footnotes":""},"categories":[6],"tags":[],"class_list":["post-550","post","type-post","status-publish","format-standard","has-post-thumbnail","hentry","category-institucional"],"_links":{"self":[{"href":"https:\/\/www.ufpb.br\/ndihr\/wp-json\/wp\/v2\/posts\/550","targetHints":{"allow":["GET"]}}],"collection":[{"href":"https:\/\/www.ufpb.br\/ndihr\/wp-json\/wp\/v2\/posts"}],"about":[{"href":"https:\/\/www.ufpb.br\/ndihr\/wp-json\/wp\/v2\/types\/post"}],"author":[{"embeddable":true,"href":"https:\/\/www.ufpb.br\/ndihr\/wp-json\/wp\/v2\/users\/149"}],"replies":[{"embeddable":true,"href":"https:\/\/www.ufpb.br\/ndihr\/wp-json\/wp\/v2\/comments?post=550"}],"version-history":[{"count":5,"href":"https:\/\/www.ufpb.br\/ndihr\/wp-json\/wp\/v2\/posts\/550\/revisions"}],"predecessor-version":[{"id":556,"href":"https:\/\/www.ufpb.br\/ndihr\/wp-json\/wp\/v2\/posts\/550\/revisions\/556"}],"wp:featuredmedia":[{"embeddable":true,"href":"https:\/\/www.ufpb.br\/ndihr\/wp-json\/wp\/v2\/media\/552"}],"wp:attachment":[{"href":"https:\/\/www.ufpb.br\/ndihr\/wp-json\/wp\/v2\/media?parent=550"}],"wp:term":[{"taxonomy":"category","embeddable":true,"href":"https:\/\/www.ufpb.br\/ndihr\/wp-json\/wp\/v2\/categories?post=550"},{"taxonomy":"post_tag","embeddable":true,"href":"https:\/\/www.ufpb.br\/ndihr\/wp-json\/wp\/v2\/tags?post=550"}],"curies":[{"name":"wp","href":"https:\/\/api.w.org\/{rel}","templated":true}]}}