{"id":1035,"date":"2026-06-19T11:07:18","date_gmt":"2026-06-19T14:07:18","guid":{"rendered":"https:\/\/www.ufpb.br\/ppgmds\/?p=1035"},"modified":"2026-06-25T17:15:38","modified_gmt":"2026-06-25T20:15:38","slug":"instrucoes-para-semana-de-matriculas-trimestre-2026-2-ppgmds","status":"publish","type":"post","link":"https:\/\/www.ufpb.br\/ppgmds\/matriculas\/instrucoes-para-semana-de-matriculas-trimestre-2026-2-ppgmds\/","title":{"rendered":"INSTRU\u00c7\u00d5ES PARA SEMANA DE MATR\u00cdCULAS \u2013 TRIMESTRE 2026.2 PPGMDS"},"content":{"rendered":"\n<p class=\"wp-block-paragraph\">Prezados(as) Discentes,<\/p>\n\n\n\n<p class=\"wp-block-paragraph\">Seguem instru\u00e7\u00f5es para o per\u00edodo de matr\u00edcula referente ao trimestre 2026.2, cujas inscri\u00e7\u00f5es ocorrer\u00e3o no prazo extendido dentre os dias <strong>22\/06 a 01\/07<\/strong>. As aulas acontecer\u00e3o entre os dias <strong>02\/07 a 18\/09<\/strong>. Por conta dos festejos juninos, as matr\u00edculas que precisam de e-mail para serem efetivadas ser\u00e3o respondidas <strong>a partir do dia 25<\/strong>, por\u00e9m recomendamos o envio dos e-mails desde a abertura do per\u00edodo de matr\u00edcula.<\/p>\n\n\n\n<p class=\"wp-block-paragraph\"><strong>Discentes regulares do programa que forem se matricular em disciplinas:<\/strong> Entrar no SIGAA durante o per\u00edodo acima e realizar o seu pedido de matr\u00edcula na(s) disciplina(s). Em seguida, se comunicar com seu primeiro(a) orientador(a) avisando que realizou matr\u00edcula no SIGAA e pedir para que ele(a) entre no sistema e valide o seu pedido de matr\u00edcula. <em>Obs: Se a matr\u00edcula for na disciplina \u201cProjeto de Pesquisa\u201d seu orientador(a) deve, antes, pedir \u00e0 Coordena\u00e7\u00e3o a abertura de turma espec\u00edfica para voc\u00ea. Obs\u00b2: Em caso de d\u00favida com datas e hor\u00e1rios, observem o calend\u00e1rio de disciplinas dispon\u00edvel como anexo no final dessa publica\u00e7\u00e3o.<\/em><\/p>\n\n\n\n<p class=\"wp-block-paragraph\"><strong>Discentes regulares do programa que forem se matricular em atividades como \u201cEst\u00e1gio Doc\u00eancia\u201d, \u201cExame de Qualifica\u00e7\u00e3o\u201d &#8220;Estudos Especiais&#8221; e\/ou \u201cTrabalho Final\u201d (Obs: n\u00e3o confundir essa \u00faltima atividade com a disciplina de \u201cProjeto de Pesquisa\u201d):<\/strong> Preencher o \u201cFormul\u00e1rio de Solicita\u00e7\u00e3o de Matr\u00edcula \u2013 Aluno Regular do PPGMDS\u201d, colher assinatura dos orientadores e enviar por email \u00e0 Coordena\u00e7\u00e3o indicando o nome da atividade.  <em>Ps\u00b9: Se for Est\u00e1gio ou Estudos Especiais, mandar tamb\u00e9m o respectivo Plano. Ps\u00b2: Se voc\u00ea j\u00e1 pagou todos os cr\u00e9ditos e est\u00e1 apenas renovando a Matr\u00edcula em Trabalho Final, mande o Relat\u00f3rio de Acompanhamento Discente acerca das atividades desenvolvidas no trimestre anterior.<\/em><\/p>\n\n\n\n<p class=\"wp-block-paragraph\"><strong>Discentes regulares do programa que j\u00e1 s\u00e3o bolsistas: <\/strong>independente da quantidade de cr\u00e9ditos j\u00e1 pagos, lembrem de mandar o Relat\u00f3rio de Acompanhamento Discente acerca das atividades desenvolvidas no trimestre anterior, ainda que de forma simplificada. A aus\u00eancia do envio pode acarretar suspens\u00e3o da bolsa.<\/p>\n\n\n\n<p class=\"wp-block-paragraph\"><strong>Discentes regulares de outros programas de p\u00f3s-gradua\u00e7\u00e3o da UFPB: <\/strong>Al\u00e9m de entrar no SIGAA e realizar o seu pedido de matr\u00edcula na(s) disciplina(s) com a ajuda da coordena\u00e7\u00e3o de seu PPG de origem, \u00e9 preciso enviar para o email da Coordena\u00e7\u00e3o o \u201cFormul\u00e1rio de Solicita\u00e7\u00e3o de Matr\u00edcula de Aluno Regular Vinculado a outro PPG\u201d, com as devidas assinaturas, e o seu curr\u00edculo lattes atualizado.<\/p>\n\n\n\n<p class=\"wp-block-paragraph\"><strong>Alunos especiais (sem v\u00ednculo de discente ativo com a UFPB ou concluintes da Gradua\u00e7\u00e3o da UFPB)<\/strong>: \u00c9 preciso enviar para o email da Coordena\u00e7\u00e3o o \u201cFormul\u00e1rio de Solicita\u00e7\u00e3o de Matr\u00edcula de Aluno Especial\u201d, com as devidas assinaturas, seu curr\u00edculo lattes atualizado e documento pessoal com foto.<br><em>Observa\u00e7\u00e3o: Aluno especial pode se inscrever em at\u00e9 02 disciplinas por trimestre, observando tamb\u00e9m o limite de \u201cO aluno especial poder\u00e1 cursar um m\u00e1ximo de at\u00e9 50% dos cr\u00e9ditos necess\u00e1rios para a integraliza\u00e7\u00e3o do curso, em conformidade com o estabelecido pelo regulamento do PPGMDS, sendo no m\u00e1ximo metade destes cr\u00e9ditos em disciplinas obrigat\u00f3rias e no m\u00e1ximo metade destes cr\u00e9ditos em disciplinas optativas\u201d (Artigo 25, \u00a73\u00ba, Resolu\u00e7\u00e3o Consepe 52\/2015).<\/em><\/p>\n\n\n\n<p class=\"wp-block-paragraph\"><br><strong>Adicionalmente, informamos que, das disciplinas ofertadas no 2026.2, somente as da rela\u00e7\u00e3o abaixo est\u00e3o aceitando alunos especiais:<\/strong><\/p>\n\n\n\n<p class=\"wp-block-paragraph\"><strong>DEMOGRAFIA ESTAT\u00cdSTICA DA SA\u00daDE &#8211; 3 vagas<\/strong><\/p>\n\n\n\n<p class=\"wp-block-paragraph\"><strong>INQU\u00c9RITOS POPULACIONAIS EM SA\u00daDE &#8211; 3 vagas<\/strong><\/p>\n\n\n\n<p class=\"wp-block-paragraph\">Os formul\u00e1rios citados s\u00e3o encontrados nos links:<a href=\"https:\/\/www.ufpb.br\/ppgmds\/documentos-formularios\/\"> https:\/\/www.ufpb.br\/ppgmds\/documentos-formularios\/<\/a> e <a href=\"https:\/\/www.ufpb.br\/ppgmds\/documentos-relatorios\/\">https:\/\/www.ufpb.br\/ppgmds\/documentos-relatorios\/<\/a><\/p>\n\n\n\n<p class=\"wp-block-paragraph\">Atenciosamente,<br>Coordena\u00e7\u00e3o PPGMDS<\/p>\n\n\n\n<figure class=\"wp-block-image size-full\"><img loading=\"lazy\" decoding=\"async\" width=\"683\" height=\"657\" src=\"https:\/\/www.ufpb.br\/ppgmds\/wp-content\/uploads\/sites\/79\/sites\/263\/2026\/06\/image.png\" alt=\"\" class=\"wp-image-1048\" srcset=\"https:\/\/www.ufpb.br\/ppgmds\/wp-content\/uploads\/sites\/79\/sites\/263\/2026\/06\/image.png 683w, https:\/\/www.ufpb.br\/ppgmds\/wp-content\/uploads\/sites\/79\/sites\/263\/2026\/06\/image-300x289.png 300w\" sizes=\"auto, (max-width: 683px) 100vw, 683px\" \/><\/figure>\n\n\n","protected":false},"excerpt":{"rendered":"<p>Prezados(as) Discentes, Seguem instru\u00e7\u00f5es para o per\u00edodo de matr\u00edcula referente ao trimestre 2026.2, cujas inscri\u00e7\u00f5es [&hellip;]<\/p>\n","protected":false},"author":364,"featured_media":642,"comment_status":"closed","ping_status":"open","sticky":false,"template":"","format":"standard","meta":{"footnotes":""},"categories":[6],"tags":[],"class_list":["post-1035","post","type-post","status-publish","format-standard","has-post-thumbnail","hentry","category-matriculas"],"_links":{"self":[{"href":"https:\/\/www.ufpb.br\/ppgmds\/wp-json\/wp\/v2\/posts\/1035","targetHints":{"allow":["GET"]}}],"collection":[{"href":"https:\/\/www.ufpb.br\/ppgmds\/wp-json\/wp\/v2\/posts"}],"about":[{"href":"https:\/\/www.ufpb.br\/ppgmds\/wp-json\/wp\/v2\/types\/post"}],"author":[{"embeddable":true,"href":"https:\/\/www.ufpb.br\/ppgmds\/wp-json\/wp\/v2\/users\/364"}],"replies":[{"embeddable":true,"href":"https:\/\/www.ufpb.br\/ppgmds\/wp-json\/wp\/v2\/comments?post=1035"}],"version-history":[{"count":6,"href":"https:\/\/www.ufpb.br\/ppgmds\/wp-json\/wp\/v2\/posts\/1035\/revisions"}],"predecessor-version":[{"id":1055,"href":"https:\/\/www.ufpb.br\/ppgmds\/wp-json\/wp\/v2\/posts\/1035\/revisions\/1055"}],"wp:featuredmedia":[{"embeddable":true,"href":"https:\/\/www.ufpb.br\/ppgmds\/wp-json\/wp\/v2\/media\/642"}],"wp:attachment":[{"href":"https:\/\/www.ufpb.br\/ppgmds\/wp-json\/wp\/v2\/media?parent=1035"}],"wp:term":[{"taxonomy":"category","embeddable":true,"href":"https:\/\/www.ufpb.br\/ppgmds\/wp-json\/wp\/v2\/categories?post=1035"},{"taxonomy":"post_tag","embeddable":true,"href":"https:\/\/www.ufpb.br\/ppgmds\/wp-json\/wp\/v2\/tags?post=1035"}],"curies":[{"name":"wp","href":"https:\/\/api.w.org\/{rel}","templated":true}]}}