{"id":270,"date":"2025-10-29T11:39:52","date_gmt":"2025-10-29T14:39:52","guid":{"rendered":"https:\/\/www.ufpb.br\/ssg\/?p=270"},"modified":"2025-10-29T11:44:33","modified_gmt":"2025-10-29T14:44:33","slug":"equipe-de-jardinagem-realiza-revitalizacao-paisagistica-no-centro-de-educacao-da-ufpb","status":"publish","type":"post","link":"https:\/\/www.ufpb.br\/ssg\/jardinagem\/equipe-de-jardinagem-realiza-revitalizacao-paisagistica-no-centro-de-educacao-da-ufpb\/","title":{"rendered":"Equipe de Jardinagem realiza revitaliza\u00e7\u00e3o paisag\u00edstica no Centro de Educa\u00e7\u00e3o da UFPB"},"content":{"rendered":"\n<p>A equipe de Jardinagem da Superintend\u00eancia de Servi\u00e7os Gerais (SSG) da Universidade Federal da Para\u00edba (UFPB) realizou, nesta semana, um servi\u00e7o de revitaliza\u00e7\u00e3o paisag\u00edstica no Centro de Educa\u00e7\u00e3o, no Campus I, em Jo\u00e3o Pessoa.<br>A a\u00e7\u00e3o teve como objetivo melhorar o aspecto visual e ambiental da \u00e1rea, promovendo maior conforto e bem-estar \u00e0 comunidade acad\u00eamica.<\/p>\n\n\n\n<p>O trabalho envolveu limpeza dos canteiros, replantio de esp\u00e9cies ornamentais e reorganiza\u00e7\u00e3o dos espa\u00e7os verdes, com destaque para a utiliza\u00e7\u00e3o de plantas de f\u00e1cil adapta\u00e7\u00e3o ao clima local e de baixa necessidade de manuten\u00e7\u00e3o.<br>Tamb\u00e9m foi feita a poda de \u00e1rvores e o manejo de esp\u00e9cies existentes, garantindo mais luminosidade e seguran\u00e7a para o espa\u00e7o de conviv\u00eancia.<\/p>\n\n\n\n<p>Segundo a equipe respons\u00e1vel, o servi\u00e7o integra o programa cont\u00ednuo de manuten\u00e7\u00e3o e cuidado com as \u00e1reas verdes da UFPB, que visa conservar os jardins e promover a sustentabilidade ambiental dentro dos campi universit\u00e1rios.<br>Com a a\u00e7\u00e3o, o Centro de Educa\u00e7\u00e3o ganhou um ambiente mais agrad\u00e1vel, acolhedor e compat\u00edvel com a fun\u00e7\u00e3o educativa do espa\u00e7o.<\/p>\n\n\n\n<p>A Superintend\u00eancia de Servi\u00e7os Gerais refor\u00e7a seu compromisso com a preserva\u00e7\u00e3o ambiental e a valoriza\u00e7\u00e3o dos espa\u00e7os da Universidade, desenvolvendo a\u00e7\u00f5es permanentes de paisagismo, poda e limpeza em diversos setores da UFPB, sempre em parceria com as unidades acad\u00eamicas e administrativas.<\/p>\n\n\n\n<figure class=\"wp-block-image size-large is-style-default\"><img loading=\"lazy\" decoding=\"async\" width=\"769\" height=\"1024\" src=\"http:\/\/www.ufpb.br\/ssg\/wp-content\/uploads\/sites\/79\/sites\/262\/2025\/10\/WhatsApp-Image-2025-10-28-at-10.39.54-769x1024.jpeg\" alt=\"\" class=\"wp-image-271\" srcset=\"https:\/\/www.ufpb.br\/ssg\/wp-content\/uploads\/sites\/79\/sites\/262\/2025\/10\/WhatsApp-Image-2025-10-28-at-10.39.54-769x1024.jpeg 769w, https:\/\/www.ufpb.br\/ssg\/wp-content\/uploads\/sites\/79\/sites\/262\/2025\/10\/WhatsApp-Image-2025-10-28-at-10.39.54-225x300.jpeg 225w, https:\/\/www.ufpb.br\/ssg\/wp-content\/uploads\/sites\/79\/sites\/262\/2025\/10\/WhatsApp-Image-2025-10-28-at-10.39.54-768x1023.jpeg 768w, https:\/\/www.ufpb.br\/ssg\/wp-content\/uploads\/sites\/79\/sites\/262\/2025\/10\/WhatsApp-Image-2025-10-28-at-10.39.54-1153x1536.jpeg 1153w, https:\/\/www.ufpb.br\/ssg\/wp-content\/uploads\/sites\/79\/sites\/262\/2025\/10\/WhatsApp-Image-2025-10-28-at-10.39.54.jpeg 1201w\" sizes=\"auto, (max-width: 769px) 100vw, 769px\" \/><\/figure>\n","protected":false},"excerpt":{"rendered":"<p>A equipe de Jardinagem da Superintend\u00eancia de Servi\u00e7os Gerais (SSG) da Universidade Federal da Para\u00edba [&hellip;]<\/p>\n","protected":false},"author":420,"featured_media":271,"comment_status":"closed","ping_status":"open","sticky":false,"template":"","format":"standard","meta":{"footnotes":""},"categories":[5],"tags":[],"class_list":["post-270","post","type-post","status-publish","format-standard","has-post-thumbnail","hentry","category-jardinagem"],"_links":{"self":[{"href":"https:\/\/www.ufpb.br\/ssg\/wp-json\/wp\/v2\/posts\/270","targetHints":{"allow":["GET"]}}],"collection":[{"href":"https:\/\/www.ufpb.br\/ssg\/wp-json\/wp\/v2\/posts"}],"about":[{"href":"https:\/\/www.ufpb.br\/ssg\/wp-json\/wp\/v2\/types\/post"}],"author":[{"embeddable":true,"href":"https:\/\/www.ufpb.br\/ssg\/wp-json\/wp\/v2\/users\/420"}],"replies":[{"embeddable":true,"href":"https:\/\/www.ufpb.br\/ssg\/wp-json\/wp\/v2\/comments?post=270"}],"version-history":[{"count":3,"href":"https:\/\/www.ufpb.br\/ssg\/wp-json\/wp\/v2\/posts\/270\/revisions"}],"predecessor-version":[{"id":275,"href":"https:\/\/www.ufpb.br\/ssg\/wp-json\/wp\/v2\/posts\/270\/revisions\/275"}],"wp:featuredmedia":[{"embeddable":true,"href":"https:\/\/www.ufpb.br\/ssg\/wp-json\/wp\/v2\/media\/271"}],"wp:attachment":[{"href":"https:\/\/www.ufpb.br\/ssg\/wp-json\/wp\/v2\/media?parent=270"}],"wp:term":[{"taxonomy":"category","embeddable":true,"href":"https:\/\/www.ufpb.br\/ssg\/wp-json\/wp\/v2\/categories?post=270"},{"taxonomy":"post_tag","embeddable":true,"href":"https:\/\/www.ufpb.br\/ssg\/wp-json\/wp\/v2\/tags?post=270"}],"curies":[{"name":"wp","href":"https:\/\/api.w.org\/{rel}","templated":true}]}}