{"id":412,"date":"2026-04-07T11:38:43","date_gmt":"2026-04-07T14:38:43","guid":{"rendered":"https:\/\/www.ufpb.br\/ssg\/?p=412"},"modified":"2026-04-07T11:40:07","modified_gmt":"2026-04-07T14:40:07","slug":"ssg-realiza-acoes-estrategicas-de-limpeza-no-campus-i-da-ufpb","status":"publish","type":"post","link":"https:\/\/www.ufpb.br\/ssg\/gestao\/ssg-realiza-acoes-estrategicas-de-limpeza-no-campus-i-da-ufpb\/","title":{"rendered":"SSG realiza a\u00e7\u00f5es estrat\u00e9gicas de limpeza no Campus I da UFPB"},"content":{"rendered":"\n<p>Na \u00faltima quinta-feira, o Campus I da Universidade Federal da Para\u00edba (UFPB) recebeu uma s\u00e9rie de a\u00e7\u00f5es estrat\u00e9gicas voltadas \u00e0 promo\u00e7\u00e3o do bem-estar da comunidade acad\u00eamica. As atividades foram coordenadas pela Superintend\u00eancia de Servi\u00e7os Gerais (SSG), refor\u00e7ando o compromisso da gest\u00e3o com a qualidade e a conserva\u00e7\u00e3o dos espa\u00e7os universit\u00e1rios.<br>Durante a a\u00e7\u00e3o, foram realizados mutir\u00f5es de limpeza em pontos estrat\u00e9gicos do campus, proporcionando ambientes mais organizados, higienizados e adequados para o conv\u00edvio e as atividades acad\u00eamicas.<br>As iniciativas integram um conjunto cont\u00ednuo de a\u00e7\u00f5es promovidas pela gest\u00e3o superior da Universidade, sob a lideran\u00e7a das reitoras, professoras Terezinha e M\u00f4nica, que t\u00eam priorizado a manuten\u00e7\u00e3o, o cuidado e a valoriza\u00e7\u00e3o dos espa\u00e7os institucionais.<br>Com essas interven\u00e7\u00f5es, a UFPB reafirma seu compromisso com a limpeza, a conserva\u00e7\u00e3o e o bom uso dos seus ambientes, contribuindo diretamente para uma rotina mais agrad\u00e1vel e saud\u00e1vel para toda a comunidade acad\u00eamica.<\/p>\n\n\n\n<figure class=\"wp-block-image size-large\"><img loading=\"lazy\" decoding=\"async\" width=\"1024\" height=\"768\" src=\"https:\/\/www.ufpb.br\/ssg\/wp-content\/uploads\/sites\/79\/sites\/262\/2026\/04\/PHOTO-2026-04-07-08-58-27-2-1024x768.jpg\" alt=\"\" class=\"wp-image-413\" srcset=\"https:\/\/www.ufpb.br\/ssg\/wp-content\/uploads\/sites\/79\/sites\/262\/2026\/04\/PHOTO-2026-04-07-08-58-27-2-1024x768.jpg 1024w, https:\/\/www.ufpb.br\/ssg\/wp-content\/uploads\/sites\/79\/sites\/262\/2026\/04\/PHOTO-2026-04-07-08-58-27-2-300x225.jpg 300w, https:\/\/www.ufpb.br\/ssg\/wp-content\/uploads\/sites\/79\/sites\/262\/2026\/04\/PHOTO-2026-04-07-08-58-27-2-768x576.jpg 768w, https:\/\/www.ufpb.br\/ssg\/wp-content\/uploads\/sites\/79\/sites\/262\/2026\/04\/PHOTO-2026-04-07-08-58-27-2-1536x1152.jpg 1536w, https:\/\/www.ufpb.br\/ssg\/wp-content\/uploads\/sites\/79\/sites\/262\/2026\/04\/PHOTO-2026-04-07-08-58-27-2.jpg 1600w\" sizes=\"auto, (max-width: 1024px) 100vw, 1024px\" \/><\/figure>\n","protected":false},"excerpt":{"rendered":"<p>Na \u00faltima quinta-feira, o Campus I da Universidade Federal da Para\u00edba (UFPB) recebeu uma s\u00e9rie [&hellip;]<\/p>\n","protected":false},"author":420,"featured_media":413,"comment_status":"closed","ping_status":"open","sticky":false,"template":"","format":"standard","meta":{"footnotes":""},"categories":[7],"tags":[],"class_list":["post-412","post","type-post","status-publish","format-standard","has-post-thumbnail","hentry","category-gestao"],"_links":{"self":[{"href":"https:\/\/www.ufpb.br\/ssg\/wp-json\/wp\/v2\/posts\/412","targetHints":{"allow":["GET"]}}],"collection":[{"href":"https:\/\/www.ufpb.br\/ssg\/wp-json\/wp\/v2\/posts"}],"about":[{"href":"https:\/\/www.ufpb.br\/ssg\/wp-json\/wp\/v2\/types\/post"}],"author":[{"embeddable":true,"href":"https:\/\/www.ufpb.br\/ssg\/wp-json\/wp\/v2\/users\/420"}],"replies":[{"embeddable":true,"href":"https:\/\/www.ufpb.br\/ssg\/wp-json\/wp\/v2\/comments?post=412"}],"version-history":[{"count":1,"href":"https:\/\/www.ufpb.br\/ssg\/wp-json\/wp\/v2\/posts\/412\/revisions"}],"predecessor-version":[{"id":414,"href":"https:\/\/www.ufpb.br\/ssg\/wp-json\/wp\/v2\/posts\/412\/revisions\/414"}],"wp:featuredmedia":[{"embeddable":true,"href":"https:\/\/www.ufpb.br\/ssg\/wp-json\/wp\/v2\/media\/413"}],"wp:attachment":[{"href":"https:\/\/www.ufpb.br\/ssg\/wp-json\/wp\/v2\/media?parent=412"}],"wp:term":[{"taxonomy":"category","embeddable":true,"href":"https:\/\/www.ufpb.br\/ssg\/wp-json\/wp\/v2\/categories?post=412"},{"taxonomy":"post_tag","embeddable":true,"href":"https:\/\/www.ufpb.br\/ssg\/wp-json\/wp\/v2\/tags?post=412"}],"curies":[{"name":"wp","href":"https:\/\/api.w.org\/{rel}","templated":true}]}}